{"id":82861,"date":"2026-02-16T10:13:48","date_gmt":"2026-02-16T16:13:48","guid":{"rendered":"https:\/\/informativoelvalledeaguascalientes.online\/?p=82861"},"modified":"2026-02-16T10:13:48","modified_gmt":"2026-02-16T16:13:48","slug":"llevara-municipio-servicios-del-quirofano-veterinario-movil-a-canada-grande-de-cotorina","status":"publish","type":"post","link":"https:\/\/informativoelvalledeaguascalientes.online\/?p=82861","title":{"rendered":"LLEVAR\u00c1 MUNICIPIO SERVICIOS DEL QUIR\u00d3FANO VETERINARIO M\u00d3VIL A CA\u00d1ADA GRANDE DE COTORINA"},"content":{"rendered":"<p><span class=\"html-span xdj266r x14z9mp xat24cr x1lziwak xexx8yu xyri2b x18d9i69 x1c1uobl x1hl2dhg x16tdsg8 x1vvkbs\"><a class=\"x1i10hfl xjbqb8w x1ejq31n x18oe1m7 x1sy0etr xstzfhl x972fbf x10w94by x1qhh985 x14e42zd x9f619 x1ypdohk xt0psk2 x3ct3a4 xdj266r x14z9mp xat24cr x1lziwak xexx8yu xyri2b x18d9i69 x1c1uobl x16tdsg8 x1hl2dhg xggy1nq x1a2a7pz xkrqix3 x1sur9pj x1fey0fg x1s688f\" tabindex=\"0\" role=\"link\" href=\"https:\/\/www.facebook.com\/hashtag\/aguascalientes?__eep__=6&amp;__cft__[0]=AZaSAnQRoyVHalthRgaMWcQtib7jDBljP0wd9_UVoLX_b8giA6oK9u63dnQdWOHEStlbv89OZz8ZfYrpENhWp45by04qSoZL4Dz7oSscrbGhvjyrGI5PFVLJSaUpEweyilJnoGsw0eXBhWkcoTiLC0a9KvHxYLcJo3hIrYvvAG4buOZBGtJm1bDbsqipyPVIdWU&amp;__tn__=*NK-R\">#Aguascalientes<\/a><\/span> <span class=\"html-span xdj266r x14z9mp xat24cr x1lziwak xexx8yu xyri2b x18d9i69 x1c1uobl x1hl2dhg x16tdsg8 x1vvkbs\"><a class=\"x1i10hfl xjbqb8w x1ejq31n x18oe1m7 x1sy0etr xstzfhl x972fbf x10w94by x1qhh985 x14e42zd x9f619 x1ypdohk xt0psk2 x3ct3a4 xdj266r x14z9mp xat24cr x1lziwak xexx8yu xyri2b x18d9i69 x1c1uobl x16tdsg8 x1hl2dhg xggy1nq x1a2a7pz xkrqix3 x1sur9pj x1fey0fg x1s688f\" tabindex=\"0\" role=\"link\" href=\"https:\/\/www.facebook.com\/hashtag\/informativoelvalledeaguascalientesll?__eep__=6&amp;__cft__[0]=AZaSAnQRoyVHalthRgaMWcQtib7jDBljP0wd9_UVoLX_b8giA6oK9u63dnQdWOHEStlbv89OZz8ZfYrpENhWp45by04qSoZL4Dz7oSscrbGhvjyrGI5PFVLJSaUpEweyilJnoGsw0eXBhWkcoTiLC0a9KvHxYLcJo3hIrYvvAG4buOZBGtJm1bDbsqipyPVIdWU&amp;__tn__=*NK-R\">#informativoelvalledeaguascalientesll<\/a><\/span> \u00a0<span class=\"html-span xdj266r x14z9mp xat24cr x1lziwak xexx8yu xyri2b x18d9i69 x1c1uobl x1hl2dhg x16tdsg8 x1vvkbs\"><a class=\"x1i10hfl xjbqb8w x1ejq31n x18oe1m7 x1sy0etr xstzfhl x972fbf x10w94by x1qhh985 x14e42zd x9f619 x1ypdohk xt0psk2 x3ct3a4 xdj266r x14z9mp xat24cr x1lziwak xexx8yu xyri2b x18d9i69 x1c1uobl x16tdsg8 x1hl2dhg xggy1nq x1a2a7pz xkrqix3 x1sur9pj x1fey0fg x1s688f\" tabindex=\"0\" role=\"link\" href=\"https:\/\/www.facebook.com\/hashtag\/novaradioaguascalientes?__eep__=6&amp;__cft__[0]=AZaSAnQRoyVHalthRgaMWcQtib7jDBljP0wd9_UVoLX_b8giA6oK9u63dnQdWOHEStlbv89OZz8ZfYrpENhWp45by04qSoZL4Dz7oSscrbGhvjyrGI5PFVLJSaUpEweyilJnoGsw0eXBhWkcoTiLC0a9KvHxYLcJo3hIrYvvAG4buOZBGtJm1bDbsqipyPVIdWU&amp;__tn__=*NK-R\">#novaradioaguascalientes<\/a><\/span> <span class=\"html-span xdj266r x14z9mp xat24cr x1lziwak xexx8yu xyri2b x18d9i69 x1c1uobl x1hl2dhg x16tdsg8 x1vvkbs\"><a class=\"x1i10hfl xjbqb8w x1ejq31n x18oe1m7 x1sy0etr xstzfhl x972fbf x10w94by x1qhh985 x14e42zd x9f619 x1ypdohk xt0psk2 x3ct3a4 xdj266r x14z9mp xat24cr x1lziwak xexx8yu xyri2b x18d9i69 x1c1uobl x16tdsg8 x1hl2dhg xggy1nq x1a2a7pz xkrqix3 x1sur9pj x1fey0fg x1s688f\" tabindex=\"0\" role=\"link\" href=\"https:\/\/www.facebook.com\/hashtag\/informativoelvalledeaguascalientes?__eep__=6&amp;__cft__[0]=AZaSAnQRoyVHalthRgaMWcQtib7jDBljP0wd9_UVoLX_b8giA6oK9u63dnQdWOHEStlbv89OZz8ZfYrpENhWp45by04qSoZL4Dz7oSscrbGhvjyrGI5PFVLJSaUpEweyilJnoGsw0eXBhWkcoTiLC0a9KvHxYLcJo3hIrYvvAG4buOZBGtJm1bDbsqipyPVIdWU&amp;__tn__=*NK-R\">#informativoelvalledeaguascalientes<\/a><\/span><\/p>\n<p>&nbsp;<\/p>\n<ul>\n<li><strong>La jornada ser\u00e1 el mi\u00e9rcoles 18 de febrero con servicios de esterilizaciones caninas y felinas y vacunaci\u00f3n antirr\u00e1bica<\/strong><\/li>\n<\/ul>\n<p>&nbsp;<\/p>\n<p>La titular de la Coordinaci\u00f3n General de Salud del Municipio de Aguascalientes,\u00a0<strong>Mar\u00eda Teresa Rend\u00f3n Esquivel<\/strong>, informa que el pr\u00f3ximo mi\u00e9rcoles 18 de febrero, a las 9:00 horas el Quir\u00f3fano Veterinario M\u00f3vil visitar\u00e1 la comunidad de Ca\u00f1ada Grande de Cotorina.<\/p>\n<p>Se invita a la poblaci\u00f3n a que llevar a sus mascotas a la jornada que se ubicar\u00e1 en la avenida Pi\u00f1a #95 en Ca\u00f1ada Grande de Cotorina, en donde se realizar\u00e1n esterilizaciones con cita, se brindar\u00e1n pl\u00e1ticas de concientizaci\u00f3n en tenencia responsable de mascotas, y se aplicar\u00e1 la vacuna antirr\u00e1bica como parte de la campa\u00f1a permanente que se realiza por parte del Departamento de Salud Animal.<\/p>\n<p>En esta ocasi\u00f3n se dar\u00e1n 25 lugares para esterilizar a felinos y caninos que cuenten con los siguientes requisitos: estar sanos y no ser braquic\u00e9falos (chatos), ser mayores de 5 meses y no mayores de 6 a\u00f1os de edad, no estar \u00a0en celo ni lactando y estar registrados en el padr\u00f3n de mascotas del Municipio de Aguascalientes en \u00a0<a href=\"http:\/\/www.ags.gob.mx\/padronmascotas\">www.ags.gob.mx\/padronmascotas<\/a>, para agendar cita se debe de llamar o mandar WhatsApp al 449 155 21 55.<\/p>\n<p>El d\u00eda de la esterilizaci\u00f3n la mascota debe ir con correa o en transportadora, aseada, con 12 horas de ayuno, el propietario debe llevar una copia de la INE y una cobija y debe permanecer en el lugar mientras se realiza el proceso.<\/p>\n<p><strong>Teresa Rend\u00f3n<\/strong>\u00a0coment\u00f3 que se recomienda vacunar a los perros y gatos contra la rabia una vez al a\u00f1o, para lo cual las personas interesadas pueden acercarse al Departamento de Salud Animal en avenida Alcaldes s\/n en el fraccionamiento Luis Ortega Douglas, \u00a0al Hospital Veterinario Municipal en Jos\u00e9 Mar\u00eda Ch\u00e1vez s\/n en Prados de Villasunci\u00f3n o a las camionetas de la coordinaci\u00f3n.<\/p>\n","protected":false},"excerpt":{"rendered":"<p>#Aguascalientes #informativoelvalledeaguascalientesll \u00a0#novaradioaguascalientes #informativoelvalledeaguascalientes &nbsp; La jornada ser\u00e1 el mi\u00e9rcoles 18 de febrero con servicios de esterilizaciones caninas y felinas y vacunaci\u00f3n antirr\u00e1bica &nbsp; La titular de la Coordinaci\u00f3n General de Salud del Municipio de Aguascalientes,\u00a0Mar\u00eda Teresa Rend\u00f3n Esquivel, informa que el pr\u00f3ximo mi\u00e9rcoles 18 de febrero, a las 9:00 horas el Quir\u00f3fano Veterinario M\u00f3vil [&hellip;]<\/p>\n","protected":false},"author":1,"featured_media":82862,"comment_status":"closed","ping_status":"open","sticky":false,"template":"","format":"standard","meta":{"_monsterinsights_skip_tracking":false,"advanced_seo_description":"","jetpack_seo_html_title":"","jetpack_seo_noindex":false,"jetpack_seo_schema_type":"","_jetpack_newsletter_access":"","_jetpack_dont_email_post_to_subs":false,"_jetpack_newsletter_tier_id":0,"_jetpack_memberships_contains_paywalled_content":false,"_jetpack_feature_clip_id":0,"_jetpack_memberships_contains_paid_content":false,"footnotes":"","jetpack_publicize_message":"","jetpack_publicize_feature_enabled":true,"jetpack_social_post_already_shared":true,"jetpack_social_options":{"image_generator_settings":{"template":"highway","default_image_id":0,"font":"","enabled":false},"version":2},"jetpack_post_was_ever_published":false},"categories":[21,3],"tags":[22,25],"class_list":["post-82861","post","type-post","status-publish","format-standard","has-post-thumbnail","hentry","category-aguascalientes","category-municipio-aguascalientes","tag-aguascalientes","tag-mpio-aguascalientes"],"jetpack_publicize_connections":[],"jetpack_featured_media_url":"https:\/\/i0.wp.com\/informativoelvalledeaguascalientes.online\/wp-content\/uploads\/2026\/02\/354c0baf-6d69-423a-95e1-59913ccf651e.jpg?fit=1277%2C1600&ssl=1","jetpack-related-posts":[],"jetpack_sharing_enabled":true,"jetpack_likes_enabled":true,"_links":{"self":[{"href":"https:\/\/informativoelvalledeaguascalientes.online\/index.php?rest_route=\/wp\/v2\/posts\/82861","targetHints":{"allow":["GET"]}}],"collection":[{"href":"https:\/\/informativoelvalledeaguascalientes.online\/index.php?rest_route=\/wp\/v2\/posts"}],"about":[{"href":"https:\/\/informativoelvalledeaguascalientes.online\/index.php?rest_route=\/wp\/v2\/types\/post"}],"author":[{"embeddable":true,"href":"https:\/\/informativoelvalledeaguascalientes.online\/index.php?rest_route=\/wp\/v2\/users\/1"}],"replies":[{"embeddable":true,"href":"https:\/\/informativoelvalledeaguascalientes.online\/index.php?rest_route=%2Fwp%2Fv2%2Fcomments&post=82861"}],"version-history":[{"count":1,"href":"https:\/\/informativoelvalledeaguascalientes.online\/index.php?rest_route=\/wp\/v2\/posts\/82861\/revisions"}],"predecessor-version":[{"id":82863,"href":"https:\/\/informativoelvalledeaguascalientes.online\/index.php?rest_route=\/wp\/v2\/posts\/82861\/revisions\/82863"}],"wp:featuredmedia":[{"embeddable":true,"href":"https:\/\/informativoelvalledeaguascalientes.online\/index.php?rest_route=\/wp\/v2\/media\/82862"}],"wp:attachment":[{"href":"https:\/\/informativoelvalledeaguascalientes.online\/index.php?rest_route=%2Fwp%2Fv2%2Fmedia&parent=82861"}],"wp:term":[{"taxonomy":"category","embeddable":true,"href":"https:\/\/informativoelvalledeaguascalientes.online\/index.php?rest_route=%2Fwp%2Fv2%2Fcategories&post=82861"},{"taxonomy":"post_tag","embeddable":true,"href":"https:\/\/informativoelvalledeaguascalientes.online\/index.php?rest_route=%2Fwp%2Fv2%2Ftags&post=82861"}],"curies":[{"name":"wp","href":"https:\/\/api.w.org\/{rel}","templated":true}]}}