{"id":82792,"date":"2026-02-14T08:32:59","date_gmt":"2026-02-14T14:32:59","guid":{"rendered":"https:\/\/informativoelvalledeaguascalientes.online\/?p=82792"},"modified":"2026-02-16T08:35:50","modified_gmt":"2026-02-16T14:35:50","slug":"inaugura-tere-jimenez-estancia-y-comedor-en-san-francisco-de-los-romo-un-espacio-de-convivencia-y-alegria-para-adultos-mayores","status":"publish","type":"post","link":"https:\/\/informativoelvalledeaguascalientes.online\/?p=82792","title":{"rendered":"INAUGURA TERE JIM\u00c9NEZ ESTANCIA Y COMEDOR EN SAN FRANCISCO DE LOS ROMO, UN ESPACIO DE CONVIVENCIA Y ALEGR\u00cdA PARA ADULTOS MAYORES"},"content":{"rendered":"<p><span class=\"html-span xdj266r x14z9mp xat24cr x1lziwak xexx8yu xyri2b x18d9i69 x1c1uobl x1hl2dhg x16tdsg8 x1vvkbs\"><a class=\"x1i10hfl xjbqb8w x1ejq31n x18oe1m7 x1sy0etr xstzfhl x972fbf x10w94by x1qhh985 x14e42zd x9f619 x1ypdohk xt0psk2 x3ct3a4 xdj266r x14z9mp xat24cr x1lziwak xexx8yu xyri2b x18d9i69 x1c1uobl x16tdsg8 x1hl2dhg xggy1nq x1a2a7pz xkrqix3 x1sur9pj x1fey0fg x1s688f\" tabindex=\"0\" role=\"link\" href=\"https:\/\/www.facebook.com\/hashtag\/aguascalientes?__eep__=6&amp;__cft__[0]=AZaSAnQRoyVHalthRgaMWcQtib7jDBljP0wd9_UVoLX_b8giA6oK9u63dnQdWOHEStlbv89OZz8ZfYrpENhWp45by04qSoZL4Dz7oSscrbGhvjyrGI5PFVLJSaUpEweyilJnoGsw0eXBhWkcoTiLC0a9KvHxYLcJo3hIrYvvAG4buOZBGtJm1bDbsqipyPVIdWU&amp;__tn__=*NK-R\">#Aguascalientes<\/a><\/span> <span class=\"html-span xdj266r x14z9mp xat24cr x1lziwak xexx8yu xyri2b x18d9i69 x1c1uobl x1hl2dhg x16tdsg8 x1vvkbs\"><a class=\"x1i10hfl xjbqb8w x1ejq31n x18oe1m7 x1sy0etr xstzfhl x972fbf x10w94by x1qhh985 x14e42zd x9f619 x1ypdohk xt0psk2 x3ct3a4 xdj266r x14z9mp xat24cr x1lziwak xexx8yu xyri2b x18d9i69 x1c1uobl x16tdsg8 x1hl2dhg xggy1nq x1a2a7pz xkrqix3 x1sur9pj x1fey0fg x1s688f\" tabindex=\"0\" role=\"link\" href=\"https:\/\/www.facebook.com\/hashtag\/informativoelvalledeaguascalientesll?__eep__=6&amp;__cft__[0]=AZaSAnQRoyVHalthRgaMWcQtib7jDBljP0wd9_UVoLX_b8giA6oK9u63dnQdWOHEStlbv89OZz8ZfYrpENhWp45by04qSoZL4Dz7oSscrbGhvjyrGI5PFVLJSaUpEweyilJnoGsw0eXBhWkcoTiLC0a9KvHxYLcJo3hIrYvvAG4buOZBGtJm1bDbsqipyPVIdWU&amp;__tn__=*NK-R\">#informativoelvalledeaguascalientesll<\/a><\/span> \u00a0<span class=\"html-span xdj266r x14z9mp xat24cr x1lziwak xexx8yu xyri2b x18d9i69 x1c1uobl x1hl2dhg x16tdsg8 x1vvkbs\"><a class=\"x1i10hfl xjbqb8w x1ejq31n x18oe1m7 x1sy0etr xstzfhl x972fbf x10w94by x1qhh985 x14e42zd x9f619 x1ypdohk xt0psk2 x3ct3a4 xdj266r x14z9mp xat24cr x1lziwak xexx8yu xyri2b x18d9i69 x1c1uobl x16tdsg8 x1hl2dhg xggy1nq x1a2a7pz xkrqix3 x1sur9pj x1fey0fg x1s688f\" tabindex=\"0\" role=\"link\" href=\"https:\/\/www.facebook.com\/hashtag\/novaradioaguascalientes?__eep__=6&amp;__cft__[0]=AZaSAnQRoyVHalthRgaMWcQtib7jDBljP0wd9_UVoLX_b8giA6oK9u63dnQdWOHEStlbv89OZz8ZfYrpENhWp45by04qSoZL4Dz7oSscrbGhvjyrGI5PFVLJSaUpEweyilJnoGsw0eXBhWkcoTiLC0a9KvHxYLcJo3hIrYvvAG4buOZBGtJm1bDbsqipyPVIdWU&amp;__tn__=*NK-R\">#novaradioaguascalientes<\/a><\/span> <span class=\"html-span xdj266r x14z9mp xat24cr x1lziwak xexx8yu xyri2b x18d9i69 x1c1uobl x1hl2dhg x16tdsg8 x1vvkbs\"><a class=\"x1i10hfl xjbqb8w x1ejq31n x18oe1m7 x1sy0etr xstzfhl x972fbf x10w94by x1qhh985 x14e42zd x9f619 x1ypdohk xt0psk2 x3ct3a4 xdj266r x14z9mp xat24cr x1lziwak xexx8yu xyri2b x18d9i69 x1c1uobl x16tdsg8 x1hl2dhg xggy1nq x1a2a7pz xkrqix3 x1sur9pj x1fey0fg x1s688f\" tabindex=\"0\" role=\"link\" href=\"https:\/\/www.facebook.com\/hashtag\/informativoelvalledeaguascalientes?__eep__=6&amp;__cft__[0]=AZaSAnQRoyVHalthRgaMWcQtib7jDBljP0wd9_UVoLX_b8giA6oK9u63dnQdWOHEStlbv89OZz8ZfYrpENhWp45by04qSoZL4Dz7oSscrbGhvjyrGI5PFVLJSaUpEweyilJnoGsw0eXBhWkcoTiLC0a9KvHxYLcJo3hIrYvvAG4buOZBGtJm1bDbsqipyPVIdWU&amp;__tn__=*NK-R\">#informativoelvalledeaguascalientes<\/a><\/span><\/p>\n<p>&nbsp;<\/p>\n<p>&nbsp;<\/p>\n<p>* Se ubica en la calle 21 de Marzo, en la colonia 28 de Abril, con un horario de lunes a viernes de 8:00 a 15:00 horas<br \/>\n* Ofrece servicios para mejorar la calidad de vida de las y los adultos mayores como atenci\u00f3n m\u00e9dica, manualidades, activaci\u00f3n f\u00edsica, juegos de mesa, corte de cabello, gelish, faciales y alimentaci\u00f3n balanceada<\/p>\n<p>&nbsp;<\/p>\n<p>Este D\u00eda del Amor y la Amistad se convirti\u00f3 en el escenario perfecto para inaugurar un espacio hecho con cari\u00f1o y pensado para abrazar historias de vida. La gobernadora de Aguascalientes, Tere Jim\u00e9nez, encabez\u00f3 la apertura de la Estancia de D\u00eda y Comedor para Personas Adultas Mayores en el municipio de San Francisco de los Romo, un lugar que nace como refugio para brindar compa\u00f1\u00eda, atenci\u00f3n y dignidad a quienes han sembrado experiencia y amor a lo largo de los a\u00f1os.<\/p>\n<p>Con palabras llenas de sensibilidad, Tere Jim\u00e9nez dedic\u00f3 un mensaje especial a las abuelitas y abuelitos, record\u00e1ndoles que no est\u00e1n solos y que en su administraci\u00f3n son prioridad.<\/p>\n<p>\u201cHoy es D\u00eda del Amor y la Amistad y quiero que sepan que hay que vivir con amor esta vida, sirvamos y ayudemos a los dem\u00e1s; si un adulto mayor est\u00e1 bien, todos lo estamos; si est\u00e1n felices, tambi\u00e9n estamos felices. Tenemos que cuidarlos y protegerlos, aqu\u00ed tenemos muchas actividades para ustedes, para que se pongan guapas y guapos, deportes, juegos de mesa, canto y mucho m\u00e1s. Sepan que no est\u00e1n solos, tenemos que seguir adelante y no darnos por vencidos, siempre estaremos trabajando por nuestros adultos mayores\u201d, les dijo.<\/p>\n<p>La directora general del Instituto Aguascalentense de las Personas Adultas Mayores, Ma. de Jes\u00fas Ram\u00edrez Castro, subray\u00f3 que con esta apertura ya suman 18 espacios dignos y gratuitos distribuidos en todo el estado, donde se ofrece alimento caliente y saludable, as\u00ed como actividades que fortalecen cuerpo y esp\u00edritu. Se\u00f1al\u00f3 que m\u00e1s que abrir puertas, se abren hogares donde el coraz\u00f3n encuentra compa\u00f1\u00eda y las historias recuerdan que nunca es tarde para seguir so\u00f1ando.<\/p>\n<p>Por su parte, la presidenta municipal de San Francisco de los Romo, Margarita Gallegos Soto, agradeci\u00f3 el respaldo y la voluntad constante para hacer realidad proyectos que transforman vidas; destac\u00f3 que esta estancia representa una oportunidad para mejorar la calidad de vida de las abuelitas y abuelitos de su municipio, quienes ahora contar\u00e1n con un sitio seguro y lleno de oportunidades para convivir y desarrollarse.<\/p>\n<p>A nombre de las y los usuarios, Isabel Morales L\u00f3pez comparti\u00f3 un mensaje en el que record\u00f3 que esta etapa es para disfrutar, re\u00edr y aprender, \u201cporque ni la mente ni el coraz\u00f3n se jubilan\u201d. Expres\u00f3 gratitud por la creaci\u00f3n de un lugar que promete convertirse en una segunda casa, donde cada d\u00eda ser\u00e1 una nueva oportunidad para sentirse acompa\u00f1ado y valorado.<\/p>\n<p>Ubicada en la calle 21 de Marzo, en la colonia 28 de Abril, la estancia abrir\u00e1 de lunes a viernes en un horario de 8:00 a 15:00 horas con servicios para mejorar la calidad de vida de las y los adultos mayores, como atenci\u00f3n m\u00e9dica, manualidades, activaci\u00f3n f\u00edsica, juegos de mesa, corte de cabello, gelish, faciales y alimentaci\u00f3n balanceada, en un entorno seguro, digno y lleno de calidez.<\/p>\n<p>En la inauguraci\u00f3n tambi\u00e9n estuvieron presentes Antonio Esquivel Santos, presidente del DIF Municipal de San Francisco de los Romo; Bety Montoya, diputada local; Antonio Mart\u00ednez Romo, secretario de Seguridad P\u00fablica del Estado; H\u00e9ctor Castorena Esparza, director general del DIF Estatal; y Mabel Haro, coordinadora general del Centro de Justicia para Mujeres.<\/p>\n","protected":false},"excerpt":{"rendered":"<p>#Aguascalientes #informativoelvalledeaguascalientesll \u00a0#novaradioaguascalientes #informativoelvalledeaguascalientes &nbsp; &nbsp; * Se ubica en la calle 21 de Marzo, en la colonia 28 de Abril, con un horario de lunes a viernes de 8:00 a 15:00 horas * Ofrece servicios para mejorar la calidad de vida de las y los adultos mayores como atenci\u00f3n m\u00e9dica, manualidades, activaci\u00f3n f\u00edsica, juegos [&hellip;]<\/p>\n","protected":false},"author":1,"featured_media":82793,"comment_status":"closed","ping_status":"open","sticky":false,"template":"","format":"standard","meta":{"advanced_seo_description":"","jetpack_seo_html_title":"","jetpack_seo_noindex":false,"_jetpack_memberships_contains_paid_content":false,"footnotes":"","jetpack_publicize_message":"","jetpack_publicize_feature_enabled":true,"jetpack_social_post_already_shared":true,"jetpack_social_options":{"image_generator_settings":{"template":"highway","default_image_id":0,"font":"","enabled":false},"version":2}},"categories":[21,4],"tags":[22,65,615,320],"class_list":["post-82792","post","type-post","status-publish","format-standard","has-post-thumbnail","hentry","category-aguascalientes","category-gobierno-del-estado-aguascalientes","tag-aguascalientes","tag-dif-estatal-aguascalientes","tag-gobierno-del-estado-de-aguascalientes","tag-tere-jimenez"],"jetpack_publicize_connections":[],"jetpack_featured_media_url":"https:\/\/i0.wp.com\/informativoelvalledeaguascalientes.online\/wp-content\/uploads\/2026\/02\/5a6863c4-b5a4-4bbe-adc5-44ab49158aae.jpg?fit=1280%2C854&ssl=1","jetpack-related-posts":[],"jetpack_sharing_enabled":true,"jetpack_likes_enabled":true,"_links":{"self":[{"href":"https:\/\/informativoelvalledeaguascalientes.online\/index.php?rest_route=\/wp\/v2\/posts\/82792","targetHints":{"allow":["GET"]}}],"collection":[{"href":"https:\/\/informativoelvalledeaguascalientes.online\/index.php?rest_route=\/wp\/v2\/posts"}],"about":[{"href":"https:\/\/informativoelvalledeaguascalientes.online\/index.php?rest_route=\/wp\/v2\/types\/post"}],"author":[{"embeddable":true,"href":"https:\/\/informativoelvalledeaguascalientes.online\/index.php?rest_route=\/wp\/v2\/users\/1"}],"replies":[{"embeddable":true,"href":"https:\/\/informativoelvalledeaguascalientes.online\/index.php?rest_route=%2Fwp%2Fv2%2Fcomments&post=82792"}],"version-history":[{"count":1,"href":"https:\/\/informativoelvalledeaguascalientes.online\/index.php?rest_route=\/wp\/v2\/posts\/82792\/revisions"}],"predecessor-version":[{"id":82794,"href":"https:\/\/informativoelvalledeaguascalientes.online\/index.php?rest_route=\/wp\/v2\/posts\/82792\/revisions\/82794"}],"wp:featuredmedia":[{"embeddable":true,"href":"https:\/\/informativoelvalledeaguascalientes.online\/index.php?rest_route=\/wp\/v2\/media\/82793"}],"wp:attachment":[{"href":"https:\/\/informativoelvalledeaguascalientes.online\/index.php?rest_route=%2Fwp%2Fv2%2Fmedia&parent=82792"}],"wp:term":[{"taxonomy":"category","embeddable":true,"href":"https:\/\/informativoelvalledeaguascalientes.online\/index.php?rest_route=%2Fwp%2Fv2%2Fcategories&post=82792"},{"taxonomy":"post_tag","embeddable":true,"href":"https:\/\/informativoelvalledeaguascalientes.online\/index.php?rest_route=%2Fwp%2Fv2%2Ftags&post=82792"}],"curies":[{"name":"wp","href":"https:\/\/api.w.org\/{rel}","templated":true}]}}