{"id":82786,"date":"2026-02-12T00:39:24","date_gmt":"2026-02-12T06:39:24","guid":{"rendered":"https:\/\/informativoelvalledeaguascalientes.online\/?p=82786"},"modified":"2026-02-14T00:39:50","modified_gmt":"2026-02-14T06:39:50","slug":"congreso-de-aguascalientes-fortalece-coordinacion-legislativa-con-el-iea-para-concretar-expedicion-de-titulos-electronicos-universitarios","status":"publish","type":"post","link":"https:\/\/informativoelvalledeaguascalientes.online\/?p=82786","title":{"rendered":"CONGRESO DE AGUASCALIENTES FORTALECE COORDINACI\u00d3N LEGISLATIVA CON EL IEA PARA CONCRETAR EXPEDICI\u00d3N DE T\u00cdTULOS ELECTR\u00d3NICOS UNIVERSITARIOS"},"content":{"rendered":"<p><span class=\"html-span xdj266r x14z9mp xat24cr x1lziwak xexx8yu xyri2b x18d9i69 x1c1uobl x1hl2dhg x16tdsg8 x1vvkbs\"><a class=\"x1i10hfl xjbqb8w x1ejq31n x18oe1m7 x1sy0etr xstzfhl x972fbf x10w94by x1qhh985 x14e42zd x9f619 x1ypdohk xt0psk2 x3ct3a4 xdj266r x14z9mp xat24cr x1lziwak xexx8yu xyri2b x18d9i69 x1c1uobl x16tdsg8 x1hl2dhg xggy1nq x1a2a7pz xkrqix3 x1sur9pj x1fey0fg x1s688f\" tabindex=\"0\" role=\"link\" href=\"https:\/\/www.facebook.com\/hashtag\/aguascalientes?__eep__=6&amp;__cft__[0]=AZaSAnQRoyVHalthRgaMWcQtib7jDBljP0wd9_UVoLX_b8giA6oK9u63dnQdWOHEStlbv89OZz8ZfYrpENhWp45by04qSoZL4Dz7oSscrbGhvjyrGI5PFVLJSaUpEweyilJnoGsw0eXBhWkcoTiLC0a9KvHxYLcJo3hIrYvvAG4buOZBGtJm1bDbsqipyPVIdWU&amp;__tn__=*NK-R\">#Aguascalientes<\/a><\/span> <span class=\"html-span xdj266r x14z9mp xat24cr x1lziwak xexx8yu xyri2b x18d9i69 x1c1uobl x1hl2dhg x16tdsg8 x1vvkbs\"><a class=\"x1i10hfl xjbqb8w x1ejq31n x18oe1m7 x1sy0etr xstzfhl x972fbf x10w94by x1qhh985 x14e42zd x9f619 x1ypdohk xt0psk2 x3ct3a4 xdj266r x14z9mp xat24cr x1lziwak xexx8yu xyri2b x18d9i69 x1c1uobl x16tdsg8 x1hl2dhg xggy1nq x1a2a7pz xkrqix3 x1sur9pj x1fey0fg x1s688f\" tabindex=\"0\" role=\"link\" href=\"https:\/\/www.facebook.com\/hashtag\/informativoelvalledeaguascalientesll?__eep__=6&amp;__cft__[0]=AZaSAnQRoyVHalthRgaMWcQtib7jDBljP0wd9_UVoLX_b8giA6oK9u63dnQdWOHEStlbv89OZz8ZfYrpENhWp45by04qSoZL4Dz7oSscrbGhvjyrGI5PFVLJSaUpEweyilJnoGsw0eXBhWkcoTiLC0a9KvHxYLcJo3hIrYvvAG4buOZBGtJm1bDbsqipyPVIdWU&amp;__tn__=*NK-R\">#informativoelvalledeaguascalientesll<\/a><\/span> \u00a0<span class=\"html-span xdj266r x14z9mp xat24cr x1lziwak xexx8yu xyri2b x18d9i69 x1c1uobl x1hl2dhg x16tdsg8 x1vvkbs\"><a class=\"x1i10hfl xjbqb8w x1ejq31n x18oe1m7 x1sy0etr xstzfhl x972fbf x10w94by x1qhh985 x14e42zd x9f619 x1ypdohk xt0psk2 x3ct3a4 xdj266r x14z9mp xat24cr x1lziwak xexx8yu xyri2b x18d9i69 x1c1uobl x16tdsg8 x1hl2dhg xggy1nq x1a2a7pz xkrqix3 x1sur9pj x1fey0fg x1s688f\" tabindex=\"0\" role=\"link\" href=\"https:\/\/www.facebook.com\/hashtag\/novaradioaguascalientes?__eep__=6&amp;__cft__[0]=AZaSAnQRoyVHalthRgaMWcQtib7jDBljP0wd9_UVoLX_b8giA6oK9u63dnQdWOHEStlbv89OZz8ZfYrpENhWp45by04qSoZL4Dz7oSscrbGhvjyrGI5PFVLJSaUpEweyilJnoGsw0eXBhWkcoTiLC0a9KvHxYLcJo3hIrYvvAG4buOZBGtJm1bDbsqipyPVIdWU&amp;__tn__=*NK-R\">#novaradioaguascalientes<\/a><\/span> <span class=\"html-span xdj266r x14z9mp xat24cr x1lziwak xexx8yu xyri2b x18d9i69 x1c1uobl x1hl2dhg x16tdsg8 x1vvkbs\"><a class=\"x1i10hfl xjbqb8w x1ejq31n x18oe1m7 x1sy0etr xstzfhl x972fbf x10w94by x1qhh985 x14e42zd x9f619 x1ypdohk xt0psk2 x3ct3a4 xdj266r x14z9mp xat24cr x1lziwak xexx8yu xyri2b x18d9i69 x1c1uobl x16tdsg8 x1hl2dhg xggy1nq x1a2a7pz xkrqix3 x1sur9pj x1fey0fg x1s688f\" tabindex=\"0\" role=\"link\" href=\"https:\/\/www.facebook.com\/hashtag\/informativoelvalledeaguascalientes?__eep__=6&amp;__cft__[0]=AZaSAnQRoyVHalthRgaMWcQtib7jDBljP0wd9_UVoLX_b8giA6oK9u63dnQdWOHEStlbv89OZz8ZfYrpENhWp45by04qSoZL4Dz7oSscrbGhvjyrGI5PFVLJSaUpEweyilJnoGsw0eXBhWkcoTiLC0a9KvHxYLcJo3hIrYvvAG4buOZBGtJm1bDbsqipyPVIdWU&amp;__tn__=*NK-R\">#informativoelvalledeaguascalientes<\/a><\/span><\/p>\n<p>&nbsp;<\/p>\n<p>Integrantes de la LXVI Legislatura del Congreso de Aguascalientes, encabezados por la diputada Alma Hilda Medina y la legisladora Lucy de Le\u00f3n, en su calidad de presidenta de la Comisi\u00f3n de Educaci\u00f3n y Cultura, sostuvieron una reuni\u00f3n de trabajo con el director general del Instituto de Educaci\u00f3n de Aguascalientes (IEA), Mtro. Luis Enrique Guti\u00e9rrez Reynoso.<\/p>\n<p>&nbsp;<\/p>\n<p>El encuentro se llev\u00f3 a cabo en el Sal\u00f3n Aquiles Elorduy Garc\u00eda del Congreso del Estado, con el prop\u00f3sito de conocer a detalle el proceso para el tr\u00e1mite de t\u00edtulos electr\u00f3nicos en el IEA, as\u00ed como enterar del marco legal que sustenta la titulaci\u00f3n y el Reconocimiento de Validez Oficial de Estudios (RVOE).<\/p>\n<p>&nbsp;<\/p>\n<p>Durante la exposici\u00f3n, se explic\u00f3 que el tr\u00e1mite de t\u00edtulos electr\u00f3nicos forma parte de la estrategia de modernizaci\u00f3n y digitalizaci\u00f3n administrativa, lo que permite mayor certeza jur\u00eddica, trazabilidad en los documentos oficiales y agilizaci\u00f3n en los procesos para las y los egresados de instituciones de educaci\u00f3n superior.<\/p>\n<p>&nbsp;<\/p>\n<p>Asimismo, se abordaron aspectos relacionados con la normatividad vigente, como la Ley General de Educaci\u00f3n Superior y las disposiciones aplicables en materia de registro y validaci\u00f3n de estudios.<\/p>\n<p>&nbsp;<\/p>\n<p>Las y los legisladores coincidieron en la importancia de fortalecer la coordinaci\u00f3n institucional para garantizar que los procesos de titulaci\u00f3n sean eficientes, transparentes y accesibles, en beneficio directo de las y los estudiantes que concluyen su formaci\u00f3n profesional.<\/p>\n<p>&nbsp;<\/p>\n<p>Reiteraron que desde el Poder Legislativo se continuar\u00e1 impulsando el trabajo conjunto con las autoridades educativas para mejorar los mecanismos administrativos y normativos que contribuyan a brindar mayor certeza y oportunidades a la comunidad estudiantil de Aguascalientes.<\/p>\n","protected":false},"excerpt":{"rendered":"<p>#Aguascalientes #informativoelvalledeaguascalientesll \u00a0#novaradioaguascalientes #informativoelvalledeaguascalientes &nbsp; Integrantes de la LXVI Legislatura del Congreso de Aguascalientes, encabezados por la diputada Alma Hilda Medina y la legisladora Lucy de Le\u00f3n, en su calidad de presidenta de la Comisi\u00f3n de Educaci\u00f3n y Cultura, sostuvieron una reuni\u00f3n de trabajo con el director general del Instituto de Educaci\u00f3n de Aguascalientes (IEA), [&hellip;]<\/p>\n","protected":false},"author":1,"featured_media":82787,"comment_status":"closed","ping_status":"open","sticky":false,"template":"","format":"standard","meta":{"advanced_seo_description":"","jetpack_seo_html_title":"","jetpack_seo_noindex":false,"_jetpack_memberships_contains_paid_content":false,"footnotes":"","jetpack_publicize_message":"","jetpack_publicize_feature_enabled":true,"jetpack_social_post_already_shared":true,"jetpack_social_options":{"image_generator_settings":{"template":"highway","default_image_id":0,"font":"","enabled":false},"version":2}},"categories":[21,5],"tags":[22,872],"class_list":["post-82786","post","type-post","status-publish","format-standard","has-post-thumbnail","hentry","category-aguascalientes","category-h-congreso-del-estado-aguascalientes","tag-aguascalientes","tag-lxvi-legislatura-aguascalientes"],"jetpack_publicize_connections":[],"jetpack_featured_media_url":"https:\/\/i0.wp.com\/informativoelvalledeaguascalientes.online\/wp-content\/uploads\/2026\/02\/CEYC-6.jpg-scaled.jpeg?fit=2560%2C1627&ssl=1","jetpack-related-posts":[],"jetpack_sharing_enabled":true,"jetpack_likes_enabled":true,"_links":{"self":[{"href":"https:\/\/informativoelvalledeaguascalientes.online\/index.php?rest_route=\/wp\/v2\/posts\/82786","targetHints":{"allow":["GET"]}}],"collection":[{"href":"https:\/\/informativoelvalledeaguascalientes.online\/index.php?rest_route=\/wp\/v2\/posts"}],"about":[{"href":"https:\/\/informativoelvalledeaguascalientes.online\/index.php?rest_route=\/wp\/v2\/types\/post"}],"author":[{"embeddable":true,"href":"https:\/\/informativoelvalledeaguascalientes.online\/index.php?rest_route=\/wp\/v2\/users\/1"}],"replies":[{"embeddable":true,"href":"https:\/\/informativoelvalledeaguascalientes.online\/index.php?rest_route=%2Fwp%2Fv2%2Fcomments&post=82786"}],"version-history":[{"count":1,"href":"https:\/\/informativoelvalledeaguascalientes.online\/index.php?rest_route=\/wp\/v2\/posts\/82786\/revisions"}],"predecessor-version":[{"id":82788,"href":"https:\/\/informativoelvalledeaguascalientes.online\/index.php?rest_route=\/wp\/v2\/posts\/82786\/revisions\/82788"}],"wp:featuredmedia":[{"embeddable":true,"href":"https:\/\/informativoelvalledeaguascalientes.online\/index.php?rest_route=\/wp\/v2\/media\/82787"}],"wp:attachment":[{"href":"https:\/\/informativoelvalledeaguascalientes.online\/index.php?rest_route=%2Fwp%2Fv2%2Fmedia&parent=82786"}],"wp:term":[{"taxonomy":"category","embeddable":true,"href":"https:\/\/informativoelvalledeaguascalientes.online\/index.php?rest_route=%2Fwp%2Fv2%2Fcategories&post=82786"},{"taxonomy":"post_tag","embeddable":true,"href":"https:\/\/informativoelvalledeaguascalientes.online\/index.php?rest_route=%2Fwp%2Fv2%2Ftags&post=82786"}],"curies":[{"name":"wp","href":"https:\/\/api.w.org\/{rel}","templated":true}]}}