{"id":82783,"date":"2026-02-14T00:27:43","date_gmt":"2026-02-14T06:27:43","guid":{"rendered":"https:\/\/informativoelvalledeaguascalientes.online\/?p=82783"},"modified":"2026-02-14T00:27:43","modified_gmt":"2026-02-14T06:27:43","slug":"presenta-pan-aguascalientes-el-libro-accion-nacional-y-la-transicion-de-la-democracia-en-aguascalientes","status":"publish","type":"post","link":"https:\/\/informativoelvalledeaguascalientes.online\/?p=82783","title":{"rendered":"PRESENTA PAN AGUASCALIENTES EL LIBRO \u201cACCI\u00d3N NACIONAL Y LA TRANSICI\u00d3N DE LA DEMOCRACIA EN AGUASCALIENTES\u201d"},"content":{"rendered":"<p><span class=\"html-span xdj266r x14z9mp xat24cr x1lziwak xexx8yu xyri2b x18d9i69 x1c1uobl x1hl2dhg x16tdsg8 x1vvkbs\"><a class=\"x1i10hfl xjbqb8w x1ejq31n x18oe1m7 x1sy0etr xstzfhl x972fbf x10w94by x1qhh985 x14e42zd x9f619 x1ypdohk xt0psk2 x3ct3a4 xdj266r x14z9mp xat24cr x1lziwak xexx8yu xyri2b x18d9i69 x1c1uobl x16tdsg8 x1hl2dhg xggy1nq x1a2a7pz xkrqix3 x1sur9pj x1fey0fg x1s688f\" tabindex=\"0\" role=\"link\" href=\"https:\/\/www.facebook.com\/hashtag\/aguascalientes?__eep__=6&amp;__cft__[0]=AZaSAnQRoyVHalthRgaMWcQtib7jDBljP0wd9_UVoLX_b8giA6oK9u63dnQdWOHEStlbv89OZz8ZfYrpENhWp45by04qSoZL4Dz7oSscrbGhvjyrGI5PFVLJSaUpEweyilJnoGsw0eXBhWkcoTiLC0a9KvHxYLcJo3hIrYvvAG4buOZBGtJm1bDbsqipyPVIdWU&amp;__tn__=*NK-R\">#Aguascalientes<\/a><\/span> <span class=\"html-span xdj266r x14z9mp xat24cr x1lziwak xexx8yu xyri2b x18d9i69 x1c1uobl x1hl2dhg x16tdsg8 x1vvkbs\"><a class=\"x1i10hfl xjbqb8w x1ejq31n x18oe1m7 x1sy0etr xstzfhl x972fbf x10w94by x1qhh985 x14e42zd x9f619 x1ypdohk xt0psk2 x3ct3a4 xdj266r x14z9mp xat24cr x1lziwak xexx8yu xyri2b x18d9i69 x1c1uobl x16tdsg8 x1hl2dhg xggy1nq x1a2a7pz xkrqix3 x1sur9pj x1fey0fg x1s688f\" tabindex=\"0\" role=\"link\" href=\"https:\/\/www.facebook.com\/hashtag\/informativoelvalledeaguascalientesll?__eep__=6&amp;__cft__[0]=AZaSAnQRoyVHalthRgaMWcQtib7jDBljP0wd9_UVoLX_b8giA6oK9u63dnQdWOHEStlbv89OZz8ZfYrpENhWp45by04qSoZL4Dz7oSscrbGhvjyrGI5PFVLJSaUpEweyilJnoGsw0eXBhWkcoTiLC0a9KvHxYLcJo3hIrYvvAG4buOZBGtJm1bDbsqipyPVIdWU&amp;__tn__=*NK-R\">#informativoelvalledeaguascalientesll<\/a><\/span> \u00a0<span class=\"html-span xdj266r x14z9mp xat24cr x1lziwak xexx8yu xyri2b x18d9i69 x1c1uobl x1hl2dhg x16tdsg8 x1vvkbs\"><a class=\"x1i10hfl xjbqb8w x1ejq31n x18oe1m7 x1sy0etr xstzfhl x972fbf x10w94by x1qhh985 x14e42zd x9f619 x1ypdohk xt0psk2 x3ct3a4 xdj266r x14z9mp xat24cr x1lziwak xexx8yu xyri2b x18d9i69 x1c1uobl x16tdsg8 x1hl2dhg xggy1nq x1a2a7pz xkrqix3 x1sur9pj x1fey0fg x1s688f\" tabindex=\"0\" role=\"link\" href=\"https:\/\/www.facebook.com\/hashtag\/novaradioaguascalientes?__eep__=6&amp;__cft__[0]=AZaSAnQRoyVHalthRgaMWcQtib7jDBljP0wd9_UVoLX_b8giA6oK9u63dnQdWOHEStlbv89OZz8ZfYrpENhWp45by04qSoZL4Dz7oSscrbGhvjyrGI5PFVLJSaUpEweyilJnoGsw0eXBhWkcoTiLC0a9KvHxYLcJo3hIrYvvAG4buOZBGtJm1bDbsqipyPVIdWU&amp;__tn__=*NK-R\">#novaradioaguascalientes<\/a><\/span> <span class=\"html-span xdj266r x14z9mp xat24cr x1lziwak xexx8yu xyri2b x18d9i69 x1c1uobl x1hl2dhg x16tdsg8 x1vvkbs\"><a class=\"x1i10hfl xjbqb8w x1ejq31n x18oe1m7 x1sy0etr xstzfhl x972fbf x10w94by x1qhh985 x14e42zd x9f619 x1ypdohk xt0psk2 x3ct3a4 xdj266r x14z9mp xat24cr x1lziwak xexx8yu xyri2b x18d9i69 x1c1uobl x16tdsg8 x1hl2dhg xggy1nq x1a2a7pz xkrqix3 x1sur9pj x1fey0fg x1s688f\" tabindex=\"0\" role=\"link\" href=\"https:\/\/www.facebook.com\/hashtag\/informativoelvalledeaguascalientes?__eep__=6&amp;__cft__[0]=AZaSAnQRoyVHalthRgaMWcQtib7jDBljP0wd9_UVoLX_b8giA6oK9u63dnQdWOHEStlbv89OZz8ZfYrpENhWp45by04qSoZL4Dz7oSscrbGhvjyrGI5PFVLJSaUpEweyilJnoGsw0eXBhWkcoTiLC0a9KvHxYLcJo3hIrYvvAG4buOZBGtJm1bDbsqipyPVIdWU&amp;__tn__=*NK-R\">#informativoelvalledeaguascalientes<\/a><\/span><\/p>\n<p>&nbsp;<\/p>\n<p>El Partido Acci\u00f3n Nacional en Aguascalientes llev\u00f3 a cabo la presentaci\u00f3n del libro <em>\u201cAcci\u00f3n Nacional y la Transici\u00f3n de la Democracia en Aguascalientes\u201d<\/em>, una obra que recoge el testimonio de mujeres y hombres protagonistas del proceso hist\u00f3rico que dio paso a la alternancia democr\u00e1tica en el estado en 1995.<\/p>\n<p>El evento fue encabezado por el presidente del Comit\u00e9 Directivo Estatal del PAN, Javier Lu\u00e9vano N\u00fa\u00f1ez, quien participa tambi\u00e9n en este compendio testimonial y destac\u00f3 que esta publicaci\u00f3n no s\u00f3lo abre la memoria de un momento decisivo, sino que representa un llamado a defender la democracia que con esfuerzo se construy\u00f3 durante d\u00e9cadas.<\/p>\n<p>\u201cEl cambio no fue casualidad ni concesi\u00f3n; fue resultado de la perseverancia, la organizaci\u00f3n ciudadana y la convicci\u00f3n profunda de que Aguascalientes merec\u00eda un gobierno distinto\u201d, expres\u00f3.<\/p>\n<p>La coordinaci\u00f3n editorial estuvo a cargo de Cecilia Franco Ruiz Esparza, quien subray\u00f3 que este libro busca preservar y honrar la memoria de quienes hicieron posible la transici\u00f3n democr\u00e1tica, pero tambi\u00e9n ofrecer una mirada cr\u00edtica que permita aprender de los aciertos y errores para fortalecer el presente y el futuro.<\/p>\n<p>Destac\u00f3 que la obra cumple m\u00faltiples funciones: dejar legado a las nuevas generaciones, analizar con distancia hist\u00f3rica los procesos internos del partido y conectar con quienes hoy viven en un sistema democr\u00e1tico que fue producto de lucha y resistencia. Asimismo, resalt\u00f3 que el pr\u00f3logo fue escrito por el ex diputado federal Aud\u00f3maro Alba Padilla, quien advierte sobre la importancia de actuar ante cualquier riesgo de regresi\u00f3n autoritaria.<\/p>\n<p>Por su parte, Julio Castillo L\u00f3pez, director general de la Fundaci\u00f3n Rafael Preciado Hern\u00e1ndez A.C., afirm\u00f3 que la democracia no fue un regalo, sino una conquista construida con sacrificio, resistencia y unidad. Se\u00f1al\u00f3 que la generaci\u00f3n actual tiene la responsabilidad de ser el eslab\u00f3n entre quienes abrieron brecha y quienes hoy deben defender las libertades conquistadas.<\/p>\n<p>En su intervenci\u00f3n hizo un llamado a fortalecer la honestidad, la responsabilidad y la m\u00edstica como pilares indispensables para enfrentar los desaf\u00edos actuales, al advertir que la democracia requiere defensa permanente y liderazgo con car\u00e1cter.<\/p>\n<p>Durante el acto tambi\u00e9n intervinieron protagonistas de aquella etapa hist\u00f3rica: Alfredo Mart\u00edn Reyes Vel\u00e1zquez, primer alcalde panista de la capital; Jorge Humberto Zamarripa D\u00edaz, dirigente estatal del partido en el momento de la alternancia; Arturo D\u00edaz Ornelas, ex diputado que encabez\u00f3 el Congreso en 1995; el historiador y acad\u00e9mico Andr\u00e9s Reyes Rodr\u00edguez, quien aport\u00f3 an\u00e1lisis cr\u00edtico a la obra; y Martha Patricia Mart\u00ednez Mac\u00edas, quien resalt\u00f3 el papel de las mujeres, los j\u00f3venes y la sociedad civil en la construcci\u00f3n del cambio democr\u00e1tico.<\/p>\n<p>La secretaria general del Comit\u00e9 Directivo Estatal, Paloma Am\u00e9zquita Carre\u00f3n, dio la bienvenida y agradeci\u00f3 la presencia de militantes, simpatizantes y ciudadanos que acudieron a este momento de reconocimiento del legado hist\u00f3rico del PAN en Aguascalientes.<\/p>\n<p>En el evento estuvieron presentes Antonio Ar\u00e1mbula L\u00f3pez, secretario general de Gobierno; el senador To\u00f1o Mart\u00edn del Campo; los presidentes municipales de Asientos y Jes\u00fas Mar\u00eda, Jos\u00e9 Manuel Gonz\u00e1lez Mota y C\u00e9sar Medina Cervantes; as\u00ed como presidentes de comit\u00e9s directivos municipales, secretarios del Comit\u00e9 Directivo Estatal y diversos liderazgos del partido.<\/p>\n<p>La obra constituye un resumen hist\u00f3rico testimonial que documenta c\u00f3mo se gest\u00f3 la victoria de 1995, desde las primeras luchas opositoras hasta el aprendizaje de gobernar con responsabilidad institucional, consolidando una nueva etapa democr\u00e1tica en la entidad.<\/p>\n<p>Con esta publicaci\u00f3n, Acci\u00f3n Nacional refrenda la importancia de la memoria hist\u00f3rica como instrumento para fortalecer la unidad interna y asumir, con responsabilidad, la defensa de la democracia y de las instituciones.<\/p>\n","protected":false},"excerpt":{"rendered":"<p>#Aguascalientes #informativoelvalledeaguascalientesll \u00a0#novaradioaguascalientes #informativoelvalledeaguascalientes &nbsp; El Partido Acci\u00f3n Nacional en Aguascalientes llev\u00f3 a cabo la presentaci\u00f3n del libro \u201cAcci\u00f3n Nacional y la Transici\u00f3n de la Democracia en Aguascalientes\u201d, una obra que recoge el testimonio de mujeres y hombres protagonistas del proceso hist\u00f3rico que dio paso a la alternancia democr\u00e1tica en el estado en 1995. El [&hellip;]<\/p>\n","protected":false},"author":1,"featured_media":82784,"comment_status":"closed","ping_status":"open","sticky":false,"template":"","format":"standard","meta":{"advanced_seo_description":"","jetpack_seo_html_title":"","jetpack_seo_noindex":false,"_jetpack_memberships_contains_paid_content":false,"footnotes":"","jetpack_publicize_message":"","jetpack_publicize_feature_enabled":true,"jetpack_social_post_already_shared":true,"jetpack_social_options":{"image_generator_settings":{"template":"highway","default_image_id":0,"font":"","enabled":false},"version":2}},"categories":[21,7],"tags":[22,23,43],"class_list":["post-82783","post","type-post","status-publish","format-standard","has-post-thumbnail","hentry","category-aguascalientes","category-pan-aguascalientes","tag-aguascalientes","tag-pan-aguascalientes","tag-pan-aguascalientes-cde"],"jetpack_publicize_connections":[],"jetpack_featured_media_url":"https:\/\/i0.wp.com\/informativoelvalledeaguascalientes.online\/wp-content\/uploads\/2026\/02\/PAN-LIBRO-2.jpg?fit=2560%2C1706&ssl=1","jetpack-related-posts":[],"jetpack_sharing_enabled":true,"jetpack_likes_enabled":true,"_links":{"self":[{"href":"https:\/\/informativoelvalledeaguascalientes.online\/index.php?rest_route=\/wp\/v2\/posts\/82783","targetHints":{"allow":["GET"]}}],"collection":[{"href":"https:\/\/informativoelvalledeaguascalientes.online\/index.php?rest_route=\/wp\/v2\/posts"}],"about":[{"href":"https:\/\/informativoelvalledeaguascalientes.online\/index.php?rest_route=\/wp\/v2\/types\/post"}],"author":[{"embeddable":true,"href":"https:\/\/informativoelvalledeaguascalientes.online\/index.php?rest_route=\/wp\/v2\/users\/1"}],"replies":[{"embeddable":true,"href":"https:\/\/informativoelvalledeaguascalientes.online\/index.php?rest_route=%2Fwp%2Fv2%2Fcomments&post=82783"}],"version-history":[{"count":1,"href":"https:\/\/informativoelvalledeaguascalientes.online\/index.php?rest_route=\/wp\/v2\/posts\/82783\/revisions"}],"predecessor-version":[{"id":82785,"href":"https:\/\/informativoelvalledeaguascalientes.online\/index.php?rest_route=\/wp\/v2\/posts\/82783\/revisions\/82785"}],"wp:featuredmedia":[{"embeddable":true,"href":"https:\/\/informativoelvalledeaguascalientes.online\/index.php?rest_route=\/wp\/v2\/media\/82784"}],"wp:attachment":[{"href":"https:\/\/informativoelvalledeaguascalientes.online\/index.php?rest_route=%2Fwp%2Fv2%2Fmedia&parent=82783"}],"wp:term":[{"taxonomy":"category","embeddable":true,"href":"https:\/\/informativoelvalledeaguascalientes.online\/index.php?rest_route=%2Fwp%2Fv2%2Fcategories&post=82783"},{"taxonomy":"post_tag","embeddable":true,"href":"https:\/\/informativoelvalledeaguascalientes.online\/index.php?rest_route=%2Fwp%2Fv2%2Ftags&post=82783"}],"curies":[{"name":"wp","href":"https:\/\/api.w.org\/{rel}","templated":true}]}}