{"id":82780,"date":"2026-02-12T00:22:07","date_gmt":"2026-02-12T06:22:07","guid":{"rendered":"https:\/\/informativoelvalledeaguascalientes.online\/?p=82780"},"modified":"2026-02-14T00:23:34","modified_gmt":"2026-02-14T06:23:34","slug":"accion-nacional-presenta-libro-conmemorativo-por-los-30-anos-de-la-transicion-democratica-y-fija-postura-ante-temas-nacionales","status":"publish","type":"post","link":"https:\/\/informativoelvalledeaguascalientes.online\/?p=82780","title":{"rendered":"ACCI\u00d3N NACIONAL PRESENTA LIBRO CONMEMORATIVO POR LOS 30 A\u00d1OS DE LA TRANSICI\u00d3N DEMOCR\u00c1TICA Y FIJA POSTURA ANTE TEMAS NACIONALES"},"content":{"rendered":"<p><span class=\"html-span xdj266r x14z9mp xat24cr x1lziwak xexx8yu xyri2b x18d9i69 x1c1uobl x1hl2dhg x16tdsg8 x1vvkbs\"><a class=\"x1i10hfl xjbqb8w x1ejq31n x18oe1m7 x1sy0etr xstzfhl x972fbf x10w94by x1qhh985 x14e42zd x9f619 x1ypdohk xt0psk2 x3ct3a4 xdj266r x14z9mp xat24cr x1lziwak xexx8yu xyri2b x18d9i69 x1c1uobl x16tdsg8 x1hl2dhg xggy1nq x1a2a7pz xkrqix3 x1sur9pj x1fey0fg x1s688f\" tabindex=\"0\" role=\"link\" href=\"https:\/\/www.facebook.com\/hashtag\/aguascalientes?__eep__=6&amp;__cft__[0]=AZaSAnQRoyVHalthRgaMWcQtib7jDBljP0wd9_UVoLX_b8giA6oK9u63dnQdWOHEStlbv89OZz8ZfYrpENhWp45by04qSoZL4Dz7oSscrbGhvjyrGI5PFVLJSaUpEweyilJnoGsw0eXBhWkcoTiLC0a9KvHxYLcJo3hIrYvvAG4buOZBGtJm1bDbsqipyPVIdWU&amp;__tn__=*NK-R\">#Aguascalientes<\/a><\/span> <span class=\"html-span xdj266r x14z9mp xat24cr x1lziwak xexx8yu xyri2b x18d9i69 x1c1uobl x1hl2dhg x16tdsg8 x1vvkbs\"><a class=\"x1i10hfl xjbqb8w x1ejq31n x18oe1m7 x1sy0etr xstzfhl x972fbf x10w94by x1qhh985 x14e42zd x9f619 x1ypdohk xt0psk2 x3ct3a4 xdj266r x14z9mp xat24cr x1lziwak xexx8yu xyri2b x18d9i69 x1c1uobl x16tdsg8 x1hl2dhg xggy1nq x1a2a7pz xkrqix3 x1sur9pj x1fey0fg x1s688f\" tabindex=\"0\" role=\"link\" href=\"https:\/\/www.facebook.com\/hashtag\/informativoelvalledeaguascalientesll?__eep__=6&amp;__cft__[0]=AZaSAnQRoyVHalthRgaMWcQtib7jDBljP0wd9_UVoLX_b8giA6oK9u63dnQdWOHEStlbv89OZz8ZfYrpENhWp45by04qSoZL4Dz7oSscrbGhvjyrGI5PFVLJSaUpEweyilJnoGsw0eXBhWkcoTiLC0a9KvHxYLcJo3hIrYvvAG4buOZBGtJm1bDbsqipyPVIdWU&amp;__tn__=*NK-R\">#informativoelvalledeaguascalientesll<\/a><\/span> \u00a0<span class=\"html-span xdj266r x14z9mp xat24cr x1lziwak xexx8yu xyri2b x18d9i69 x1c1uobl x1hl2dhg x16tdsg8 x1vvkbs\"><a class=\"x1i10hfl xjbqb8w x1ejq31n x18oe1m7 x1sy0etr xstzfhl x972fbf x10w94by x1qhh985 x14e42zd x9f619 x1ypdohk xt0psk2 x3ct3a4 xdj266r x14z9mp xat24cr x1lziwak xexx8yu xyri2b x18d9i69 x1c1uobl x16tdsg8 x1hl2dhg xggy1nq x1a2a7pz xkrqix3 x1sur9pj x1fey0fg x1s688f\" tabindex=\"0\" role=\"link\" href=\"https:\/\/www.facebook.com\/hashtag\/novaradioaguascalientes?__eep__=6&amp;__cft__[0]=AZaSAnQRoyVHalthRgaMWcQtib7jDBljP0wd9_UVoLX_b8giA6oK9u63dnQdWOHEStlbv89OZz8ZfYrpENhWp45by04qSoZL4Dz7oSscrbGhvjyrGI5PFVLJSaUpEweyilJnoGsw0eXBhWkcoTiLC0a9KvHxYLcJo3hIrYvvAG4buOZBGtJm1bDbsqipyPVIdWU&amp;__tn__=*NK-R\">#novaradioaguascalientes<\/a><\/span> <span class=\"html-span xdj266r x14z9mp xat24cr x1lziwak xexx8yu xyri2b x18d9i69 x1c1uobl x1hl2dhg x16tdsg8 x1vvkbs\"><a class=\"x1i10hfl xjbqb8w x1ejq31n x18oe1m7 x1sy0etr xstzfhl x972fbf x10w94by x1qhh985 x14e42zd x9f619 x1ypdohk xt0psk2 x3ct3a4 xdj266r x14z9mp xat24cr x1lziwak xexx8yu xyri2b x18d9i69 x1c1uobl x16tdsg8 x1hl2dhg xggy1nq x1a2a7pz xkrqix3 x1sur9pj x1fey0fg x1s688f\" tabindex=\"0\" role=\"link\" href=\"https:\/\/www.facebook.com\/hashtag\/informativoelvalledeaguascalientes?__eep__=6&amp;__cft__[0]=AZaSAnQRoyVHalthRgaMWcQtib7jDBljP0wd9_UVoLX_b8giA6oK9u63dnQdWOHEStlbv89OZz8ZfYrpENhWp45by04qSoZL4Dz7oSscrbGhvjyrGI5PFVLJSaUpEweyilJnoGsw0eXBhWkcoTiLC0a9KvHxYLcJo3hIrYvvAG4buOZBGtJm1bDbsqipyPVIdWU&amp;__tn__=*NK-R\">#informativoelvalledeaguascalientes<\/a><\/span><\/p>\n<p>&nbsp;<\/p>\n<p><strong><br \/>\n<\/strong>El Comit\u00e9 Directivo Estatal del Partido Acci\u00f3n Nacional en Aguascalientes ofreci\u00f3 esta ma\u00f1ana una conferencia de prensa encabezada por su presidente, <strong>Javier Lu\u00e9vano N\u00fa\u00f1ez<\/strong>, acompa\u00f1ado por la secretaria general <strong>Paloma Am\u00e9zquita<\/strong>, la titular de la Secretar\u00eda de la Mujer <strong>Reyna Espinoza<\/strong>, el secretario estatal de Acci\u00f3n Juvenil <strong>Gustavo Mart\u00ednez<\/strong> y la coordinadora editorial del libro <em>\u201cAcci\u00f3n Nacional y la Transici\u00f3n de la Democracia en Aguascalientes\u201d<\/em>, <strong>Cecilia Franco Ruiz Esparza<\/strong>.<\/p>\n<p>En su mensaje inicial, Javier Lu\u00e9vano se\u00f1al\u00f3 que la presentaci\u00f3n del libro, programada para esta tarde en el Complejo Tres Centurias, forma parte del cierre de los trabajos conmemorativos por los 30 a\u00f1os de la transici\u00f3n democr\u00e1tica en Aguascalientes. Destac\u00f3 que se trata de una obra que recupera la memoria hist\u00f3rica del partido, reconoce a quienes abrieron camino en 1995 y aporta una visi\u00f3n cr\u00edtica que permite reflexionar sobre el presente y los retos futuros.<\/p>\n<p>En una segunda intervenci\u00f3n, el dirigente estatal centr\u00f3 su posicionamiento en la situaci\u00f3n nacional, particularmente en los hechos recientes relacionados con seguridad p\u00fablica y gobernabilidad. Se\u00f1al\u00f3 que la detenci\u00f3n de un alcalde en funciones en el estado de Jalisco por presuntos v\u00ednculos con la delincuencia organizada constituye una se\u00f1al alarmante sobre la infiltraci\u00f3n del crimen en estructuras municipales. Indic\u00f3 que estos fen\u00f3menos no surgen de manera aislada, sino que se incuban cuando se debilitan controles institucionales y se permite la normalizaci\u00f3n de pr\u00e1cticas irregulares.<\/p>\n<p>Asimismo, hizo referencia a la autorizaci\u00f3n aprobada en el Senado para el ingreso de fuerzas militares estadounidenses al pa\u00eds, se\u00f1alando que esta decisi\u00f3n refleja la magnitud del problema de seguridad que enfrenta M\u00e9xico. Subray\u00f3 que, m\u00e1s all\u00e1 de discursos, el pa\u00eds requiere acciones firmes, fortalecimiento institucional y una estrategia efectiva que recupere la confianza ciudadana.<\/p>\n<p>Lu\u00e9vano tambi\u00e9n expres\u00f3 preocupaci\u00f3n por el aumento en el n\u00famero de personas desaparecidas y por diversos acontecimientos violentos registrados recientemente en distintas entidades, se\u00f1alando que las cifras no pueden maquillarse ni minimizarse. Reiter\u00f3 que M\u00e9xico necesita instituciones s\u00f3lidas, contrapesos efectivos y un combate real tanto a la delincuencia organizada como a la corrupci\u00f3n, particularmente cuando \u00e9sta logra infiltrarse en los \u00e1mbitos m\u00e1s cercanos a la ciudadan\u00eda.<\/p>\n<p>Por su parte, Cecilia Franco explic\u00f3 que el libro re\u00fane la participaci\u00f3n de ocho autores protagonistas del cambio democr\u00e1tico de 1995, quienes ofrecen una mirada hist\u00f3rica y anal\u00edtica sobre ese momento clave para Aguascalientes y el pa\u00eds. Se\u00f1al\u00f3 que la obra busca dejar un legado a las nuevas generaciones y aportar elementos de reflexi\u00f3n sobre los aciertos y errores del partido a lo largo de su trayectoria.<\/p>\n<p>En su intervenci\u00f3n, Paloma Am\u00e9zquita fij\u00f3 la postura del partido respecto a la disminuci\u00f3n en las coberturas de vacunaci\u00f3n y el resurgimiento de enfermedades prevenibles. Se\u00f1al\u00f3 que M\u00e9xico hab\u00eda consolidado avances importantes en inmunizaci\u00f3n durante d\u00e9cadas, pero que en los \u00faltimos a\u00f1os se observa una reducci\u00f3n preocupante en los esquemas b\u00e1sicos de vacunaci\u00f3n. Subray\u00f3 que la prevenci\u00f3n en salud no puede descuidarse ni improvisarse, y que corresponde al Gobierno Federal garantizar pol\u00edticas p\u00fablicas responsables, t\u00e9cnicamente s\u00f3lidas y orientadas a la protecci\u00f3n de ni\u00f1as, ni\u00f1os y familias mexicanas.<\/p>\n<p>Finalmente, Gustavo Mart\u00ednez inform\u00f3 que Acci\u00f3n Juvenil inici\u00f3 el proceso de renovaci\u00f3n de sus secretar\u00edas municipales en el estado, con miras al proceso electoral federal y local de 2027. Indic\u00f3 que ya fueron emitidas las convocatorias correspondientes y que se integraron las comisiones organizadoras que conducir\u00e1n este proceso en coordinaci\u00f3n con el Comit\u00e9 Directivo Estatal, con el objetivo de fortalecer la estructura juvenil y consolidar la participaci\u00f3n del voto joven y de los primeros votantes en los pr\u00f3ximos comicios.<\/p>\n","protected":false},"excerpt":{"rendered":"<p>#Aguascalientes #informativoelvalledeaguascalientesll \u00a0#novaradioaguascalientes #informativoelvalledeaguascalientes &nbsp; El Comit\u00e9 Directivo Estatal del Partido Acci\u00f3n Nacional en Aguascalientes ofreci\u00f3 esta ma\u00f1ana una conferencia de prensa encabezada por su presidente, Javier Lu\u00e9vano N\u00fa\u00f1ez, acompa\u00f1ado por la secretaria general Paloma Am\u00e9zquita, la titular de la Secretar\u00eda de la Mujer Reyna Espinoza, el secretario estatal de Acci\u00f3n Juvenil Gustavo Mart\u00ednez y [&hellip;]<\/p>\n","protected":false},"author":1,"featured_media":82781,"comment_status":"closed","ping_status":"open","sticky":false,"template":"","format":"standard","meta":{"advanced_seo_description":"","jetpack_seo_html_title":"","jetpack_seo_noindex":false,"_jetpack_memberships_contains_paid_content":false,"footnotes":"","jetpack_publicize_message":"","jetpack_publicize_feature_enabled":true,"jetpack_social_post_already_shared":true,"jetpack_social_options":{"image_generator_settings":{"template":"highway","default_image_id":0,"font":"","enabled":false},"version":2}},"categories":[21,7],"tags":[22,23,43],"class_list":["post-82780","post","type-post","status-publish","format-standard","has-post-thumbnail","hentry","category-aguascalientes","category-pan-aguascalientes","tag-aguascalientes","tag-pan-aguascalientes","tag-pan-aguascalientes-cde"],"jetpack_publicize_connections":[],"jetpack_featured_media_url":"https:\/\/i0.wp.com\/informativoelvalledeaguascalientes.online\/wp-content\/uploads\/2026\/02\/PAN-LIBRO.jpg?fit=1280%2C960&ssl=1","jetpack-related-posts":[],"jetpack_sharing_enabled":true,"jetpack_likes_enabled":true,"_links":{"self":[{"href":"https:\/\/informativoelvalledeaguascalientes.online\/index.php?rest_route=\/wp\/v2\/posts\/82780","targetHints":{"allow":["GET"]}}],"collection":[{"href":"https:\/\/informativoelvalledeaguascalientes.online\/index.php?rest_route=\/wp\/v2\/posts"}],"about":[{"href":"https:\/\/informativoelvalledeaguascalientes.online\/index.php?rest_route=\/wp\/v2\/types\/post"}],"author":[{"embeddable":true,"href":"https:\/\/informativoelvalledeaguascalientes.online\/index.php?rest_route=\/wp\/v2\/users\/1"}],"replies":[{"embeddable":true,"href":"https:\/\/informativoelvalledeaguascalientes.online\/index.php?rest_route=%2Fwp%2Fv2%2Fcomments&post=82780"}],"version-history":[{"count":1,"href":"https:\/\/informativoelvalledeaguascalientes.online\/index.php?rest_route=\/wp\/v2\/posts\/82780\/revisions"}],"predecessor-version":[{"id":82782,"href":"https:\/\/informativoelvalledeaguascalientes.online\/index.php?rest_route=\/wp\/v2\/posts\/82780\/revisions\/82782"}],"wp:featuredmedia":[{"embeddable":true,"href":"https:\/\/informativoelvalledeaguascalientes.online\/index.php?rest_route=\/wp\/v2\/media\/82781"}],"wp:attachment":[{"href":"https:\/\/informativoelvalledeaguascalientes.online\/index.php?rest_route=%2Fwp%2Fv2%2Fmedia&parent=82780"}],"wp:term":[{"taxonomy":"category","embeddable":true,"href":"https:\/\/informativoelvalledeaguascalientes.online\/index.php?rest_route=%2Fwp%2Fv2%2Fcategories&post=82780"},{"taxonomy":"post_tag","embeddable":true,"href":"https:\/\/informativoelvalledeaguascalientes.online\/index.php?rest_route=%2Fwp%2Fv2%2Ftags&post=82780"}],"curies":[{"name":"wp","href":"https:\/\/api.w.org\/{rel}","templated":true}]}}