{"id":82281,"date":"2026-02-03T22:39:12","date_gmt":"2026-02-04T04:39:12","guid":{"rendered":"https:\/\/informativoelvalledeaguascalientes.online\/?p=82281"},"modified":"2026-02-04T22:42:42","modified_gmt":"2026-02-05T04:42:42","slug":"diputacion-permanente-refuerza-agenda-de-prevencion-y-atencion-del-cancer-en-aguascalientes","status":"publish","type":"post","link":"https:\/\/informativoelvalledeaguascalientes.online\/?p=82281","title":{"rendered":"DIPUTACI\u00d3N PERMANENTE REFUERZA AGENDA DE PREVENCI\u00d3N Y ATENCI\u00d3N DEL C\u00c1NCER EN AGUASCALIENTES"},"content":{"rendered":"<p><span class=\"html-span xdj266r x14z9mp xat24cr x1lziwak xexx8yu xyri2b x18d9i69 x1c1uobl x1hl2dhg x16tdsg8 x1vvkbs\"><a class=\"x1i10hfl xjbqb8w x1ejq31n x18oe1m7 x1sy0etr xstzfhl x972fbf x10w94by x1qhh985 x14e42zd x9f619 x1ypdohk xt0psk2 x3ct3a4 xdj266r x14z9mp xat24cr x1lziwak xexx8yu xyri2b x18d9i69 x1c1uobl x16tdsg8 x1hl2dhg xggy1nq x1a2a7pz xkrqix3 x1sur9pj x1fey0fg x1s688f\" tabindex=\"0\" role=\"link\" href=\"https:\/\/www.facebook.com\/hashtag\/aguascalientes?__eep__=6&amp;__cft__[0]=AZaSAnQRoyVHalthRgaMWcQtib7jDBljP0wd9_UVoLX_b8giA6oK9u63dnQdWOHEStlbv89OZz8ZfYrpENhWp45by04qSoZL4Dz7oSscrbGhvjyrGI5PFVLJSaUpEweyilJnoGsw0eXBhWkcoTiLC0a9KvHxYLcJo3hIrYvvAG4buOZBGtJm1bDbsqipyPVIdWU&amp;__tn__=*NK-R\">#Aguascalientes<\/a><\/span> <span class=\"html-span xdj266r x14z9mp xat24cr x1lziwak xexx8yu xyri2b x18d9i69 x1c1uobl x1hl2dhg x16tdsg8 x1vvkbs\"><a class=\"x1i10hfl xjbqb8w x1ejq31n x18oe1m7 x1sy0etr xstzfhl x972fbf x10w94by x1qhh985 x14e42zd x9f619 x1ypdohk xt0psk2 x3ct3a4 xdj266r x14z9mp xat24cr x1lziwak xexx8yu xyri2b x18d9i69 x1c1uobl x16tdsg8 x1hl2dhg xggy1nq x1a2a7pz xkrqix3 x1sur9pj x1fey0fg x1s688f\" tabindex=\"0\" role=\"link\" href=\"https:\/\/www.facebook.com\/hashtag\/informativoelvalledeaguascalientesll?__eep__=6&amp;__cft__[0]=AZaSAnQRoyVHalthRgaMWcQtib7jDBljP0wd9_UVoLX_b8giA6oK9u63dnQdWOHEStlbv89OZz8ZfYrpENhWp45by04qSoZL4Dz7oSscrbGhvjyrGI5PFVLJSaUpEweyilJnoGsw0eXBhWkcoTiLC0a9KvHxYLcJo3hIrYvvAG4buOZBGtJm1bDbsqipyPVIdWU&amp;__tn__=*NK-R\">#informativoelvalledeaguascalientesll<\/a><\/span> \u00a0<span class=\"html-span xdj266r x14z9mp xat24cr x1lziwak xexx8yu xyri2b x18d9i69 x1c1uobl x1hl2dhg x16tdsg8 x1vvkbs\"><a class=\"x1i10hfl xjbqb8w x1ejq31n x18oe1m7 x1sy0etr xstzfhl x972fbf x10w94by x1qhh985 x14e42zd x9f619 x1ypdohk xt0psk2 x3ct3a4 xdj266r x14z9mp xat24cr x1lziwak xexx8yu xyri2b x18d9i69 x1c1uobl x16tdsg8 x1hl2dhg xggy1nq x1a2a7pz xkrqix3 x1sur9pj x1fey0fg x1s688f\" tabindex=\"0\" role=\"link\" href=\"https:\/\/www.facebook.com\/hashtag\/novaradioaguascalientes?__eep__=6&amp;__cft__[0]=AZaSAnQRoyVHalthRgaMWcQtib7jDBljP0wd9_UVoLX_b8giA6oK9u63dnQdWOHEStlbv89OZz8ZfYrpENhWp45by04qSoZL4Dz7oSscrbGhvjyrGI5PFVLJSaUpEweyilJnoGsw0eXBhWkcoTiLC0a9KvHxYLcJo3hIrYvvAG4buOZBGtJm1bDbsqipyPVIdWU&amp;__tn__=*NK-R\">#novaradioaguascalientes<\/a><\/span> <span class=\"html-span xdj266r x14z9mp xat24cr x1lziwak xexx8yu xyri2b x18d9i69 x1c1uobl x1hl2dhg x16tdsg8 x1vvkbs\"><a class=\"x1i10hfl xjbqb8w x1ejq31n x18oe1m7 x1sy0etr xstzfhl x972fbf x10w94by x1qhh985 x14e42zd x9f619 x1ypdohk xt0psk2 x3ct3a4 xdj266r x14z9mp xat24cr x1lziwak xexx8yu xyri2b x18d9i69 x1c1uobl x16tdsg8 x1hl2dhg xggy1nq x1a2a7pz xkrqix3 x1sur9pj x1fey0fg x1s688f\" tabindex=\"0\" role=\"link\" href=\"https:\/\/www.facebook.com\/hashtag\/informativoelvalledeaguascalientes?__eep__=6&amp;__cft__[0]=AZaSAnQRoyVHalthRgaMWcQtib7jDBljP0wd9_UVoLX_b8giA6oK9u63dnQdWOHEStlbv89OZz8ZfYrpENhWp45by04qSoZL4Dz7oSscrbGhvjyrGI5PFVLJSaUpEweyilJnoGsw0eXBhWkcoTiLC0a9KvHxYLcJo3hIrYvvAG4buOZBGtJm1bDbsqipyPVIdWU&amp;__tn__=*NK-R\">#informativoelvalledeaguascalientes<\/a><\/span><\/p>\n<p>&nbsp;<\/p>\n<p>&nbsp;<\/p>\n<p>En el marco del D\u00eda Mundial contra el C\u00e1ncer, la Diputaci\u00f3n Permanente de la LXVI Legislatura del Congreso de Aguascalientes realiz\u00f3 la s\u00e9ptima sesi\u00f3n ordinaria, en la que se refrend\u00f3 el compromiso institucional de continuar fortaleciendo las pol\u00edticas p\u00fablicas de prevenci\u00f3n, detecci\u00f3n temprana y atenci\u00f3n integral de esta enfermedad.<\/p>\n<p>&nbsp;<\/p>\n<p>La sesi\u00f3n fue encabezada por el presidente de la Diputaci\u00f3n Permanente, diputado Jos\u00e9 Trinidad Romo Mar\u00edn, con la presencia de la vicepresidenta Arlette Mu\u00f1oz, as\u00ed como de las diputadas Alma Hilda Medina Mac\u00edas y Laura Ponce Luna, y los diputados Ad\u00e1n Valdivia L\u00f3pez y Omar Vald\u00e9s Reyes.<\/p>\n<p>&nbsp;<\/p>\n<p>Durante los trabajos legislativos, la diputada Arlette Mu\u00f1oz emiti\u00f3 un posicionamiento en el que destac\u00f3 las acciones coordinadas que se han impulsado desde el Gobierno del Estado en materia de salud, subrayando que la atenci\u00f3n al c\u00e1ncer debe abordarse desde una visi\u00f3n integral y preventiva.<\/p>\n<p>&nbsp;<\/p>\n<p>\u201cEn Aguascalientes se ha avanzado de manera decidida gracias a una estrategia conjunta que prioriza la prevenci\u00f3n, la detecci\u00f3n oportuna y la atenci\u00f3n m\u00e9dica de calidad, con acciones concretas que hoy salvan vidas\u201d, expres\u00f3 la legisladora.<\/p>\n<p>&nbsp;<\/p>\n<p>En ese sentido, reconoci\u00f3 el impulso de campa\u00f1as permanentes como las Caravanas Rosas, el uso de unidades m\u00e9dicas m\u00f3viles, la realizaci\u00f3n de mastograf\u00edas gratuitas y el fortalecimiento de la infraestructura hospitalaria, acciones que han sido posibles gracias al respaldo de la gobernadora Teresa Jim\u00e9nez y al trabajo coordinado de la Secretar\u00eda de Salud estatal.<\/p>\n<p>&nbsp;<\/p>\n<p>Asimismo, destac\u00f3 la adquisici\u00f3n del acelerador lineal instalado en el Hospital Hidalgo, considerado uno de los equipos m\u00e1s modernos del pa\u00eds, el cual permite tratar tumores con alta precisi\u00f3n, reduciendo riesgos a los tejidos sanos y mejorando la calidad de vida de las y los pacientes.<\/p>\n<p>&nbsp;<\/p>\n<p>\u201cLa lucha contra el c\u00e1ncer no solo es m\u00e9dica; tambi\u00e9n implica acompa\u00f1amiento emocional, trabajo social y cuidados paliativos. Por eso, hablar de atenci\u00f3n integral es hablar de dignidad, sensibilidad y responsabilidad p\u00fablica\u201d, puntualiz\u00f3 la diputada.<\/p>\n<p>&nbsp;<\/p>\n<p>De manera complementaria, se se\u00f1al\u00f3 la importancia de fortalecer la sensibilizaci\u00f3n social, fomentar la revisi\u00f3n m\u00e9dica peri\u00f3dica y derribar mitos que a\u00fan impiden la detecci\u00f3n temprana, particularmente en padecimientos como el c\u00e1ncer de mama, pr\u00f3stata, pulm\u00f3n y colon.<\/p>\n<p>&nbsp;<\/p>\n<p>Finalmente, se reconoci\u00f3 la labor del personal m\u00e9dico, de enfermer\u00eda y de las familias que acompa\u00f1an cada proceso, destacando que la informaci\u00f3n, la prevenci\u00f3n y la atenci\u00f3n oportuna siguen siendo las principales herramientas para enfrentar esta enfermedad.<\/p>\n<p>&nbsp;<\/p>\n<p>El presidente de la Diputaci\u00f3n Permanente, Jos\u00e9 Trinidad Romo Mar\u00edn, clausur\u00f3 los trabajos y cit\u00f3 a la pr\u00f3xima sesi\u00f3n ordinaria para el martes 10 de febrero, a las 10:00 horas, en el Sal\u00f3n Aquiles Elorduy Garc\u00eda.<\/p>\n<p>&nbsp;<\/p>\n","protected":false},"excerpt":{"rendered":"<p>#Aguascalientes #informativoelvalledeaguascalientesll \u00a0#novaradioaguascalientes #informativoelvalledeaguascalientes &nbsp; &nbsp; En el marco del D\u00eda Mundial contra el C\u00e1ncer, la Diputaci\u00f3n Permanente de la LXVI Legislatura del Congreso de Aguascalientes realiz\u00f3 la s\u00e9ptima sesi\u00f3n ordinaria, en la que se refrend\u00f3 el compromiso institucional de continuar fortaleciendo las pol\u00edticas p\u00fablicas de prevenci\u00f3n, detecci\u00f3n temprana y atenci\u00f3n integral de esta enfermedad. [&hellip;]<\/p>\n","protected":false},"author":1,"featured_media":82282,"comment_status":"closed","ping_status":"open","sticky":false,"template":"","format":"standard","meta":{"advanced_seo_description":"","jetpack_seo_html_title":"","jetpack_seo_noindex":false,"_jetpack_memberships_contains_paid_content":false,"footnotes":"","jetpack_publicize_message":"","jetpack_publicize_feature_enabled":true,"jetpack_social_post_already_shared":true,"jetpack_social_options":{"image_generator_settings":{"template":"highway","default_image_id":0,"font":"","enabled":false},"version":2}},"categories":[21,5],"tags":[22,872],"class_list":["post-82281","post","type-post","status-publish","format-standard","has-post-thumbnail","hentry","category-aguascalientes","category-h-congreso-del-estado-aguascalientes","tag-aguascalientes","tag-lxvi-legislatura-aguascalientes"],"jetpack_publicize_connections":[],"jetpack_featured_media_url":"https:\/\/i0.wp.com\/informativoelvalledeaguascalientes.online\/wp-content\/uploads\/2026\/02\/PERM-3-FEBRERO.jpg?fit=911%2C607&ssl=1","jetpack-related-posts":[],"jetpack_sharing_enabled":true,"jetpack_likes_enabled":true,"_links":{"self":[{"href":"https:\/\/informativoelvalledeaguascalientes.online\/index.php?rest_route=\/wp\/v2\/posts\/82281","targetHints":{"allow":["GET"]}}],"collection":[{"href":"https:\/\/informativoelvalledeaguascalientes.online\/index.php?rest_route=\/wp\/v2\/posts"}],"about":[{"href":"https:\/\/informativoelvalledeaguascalientes.online\/index.php?rest_route=\/wp\/v2\/types\/post"}],"author":[{"embeddable":true,"href":"https:\/\/informativoelvalledeaguascalientes.online\/index.php?rest_route=\/wp\/v2\/users\/1"}],"replies":[{"embeddable":true,"href":"https:\/\/informativoelvalledeaguascalientes.online\/index.php?rest_route=%2Fwp%2Fv2%2Fcomments&post=82281"}],"version-history":[{"count":1,"href":"https:\/\/informativoelvalledeaguascalientes.online\/index.php?rest_route=\/wp\/v2\/posts\/82281\/revisions"}],"predecessor-version":[{"id":82283,"href":"https:\/\/informativoelvalledeaguascalientes.online\/index.php?rest_route=\/wp\/v2\/posts\/82281\/revisions\/82283"}],"wp:featuredmedia":[{"embeddable":true,"href":"https:\/\/informativoelvalledeaguascalientes.online\/index.php?rest_route=\/wp\/v2\/media\/82282"}],"wp:attachment":[{"href":"https:\/\/informativoelvalledeaguascalientes.online\/index.php?rest_route=%2Fwp%2Fv2%2Fmedia&parent=82281"}],"wp:term":[{"taxonomy":"category","embeddable":true,"href":"https:\/\/informativoelvalledeaguascalientes.online\/index.php?rest_route=%2Fwp%2Fv2%2Fcategories&post=82281"},{"taxonomy":"post_tag","embeddable":true,"href":"https:\/\/informativoelvalledeaguascalientes.online\/index.php?rest_route=%2Fwp%2Fv2%2Ftags&post=82281"}],"curies":[{"name":"wp","href":"https:\/\/api.w.org\/{rel}","templated":true}]}}