{"id":82278,"date":"2026-01-30T22:35:51","date_gmt":"2026-01-31T04:35:51","guid":{"rendered":"https:\/\/informativoelvalledeaguascalientes.online\/?p=82278"},"modified":"2026-02-04T22:39:00","modified_gmt":"2026-02-05T04:39:00","slug":"comision-de-educacion-y-cultura-aprueba-reformas-para-fortalecer-el-sistema-de-ensenanza","status":"publish","type":"post","link":"https:\/\/informativoelvalledeaguascalientes.online\/?p=82278","title":{"rendered":"COMISI\u00d3N DE EDUCACI\u00d3N Y CULTURA APRUEBA REFORMAS PARA FORTALECER EL SISTEMA DE ENSE\u00d1ANZA"},"content":{"rendered":"<p><span class=\"html-span xdj266r x14z9mp xat24cr x1lziwak xexx8yu xyri2b x18d9i69 x1c1uobl x1hl2dhg x16tdsg8 x1vvkbs\"><a class=\"x1i10hfl xjbqb8w x1ejq31n x18oe1m7 x1sy0etr xstzfhl x972fbf x10w94by x1qhh985 x14e42zd x9f619 x1ypdohk xt0psk2 x3ct3a4 xdj266r x14z9mp xat24cr x1lziwak xexx8yu xyri2b x18d9i69 x1c1uobl x16tdsg8 x1hl2dhg xggy1nq x1a2a7pz xkrqix3 x1sur9pj x1fey0fg x1s688f\" tabindex=\"0\" role=\"link\" href=\"https:\/\/www.facebook.com\/hashtag\/aguascalientes?__eep__=6&amp;__cft__[0]=AZaSAnQRoyVHalthRgaMWcQtib7jDBljP0wd9_UVoLX_b8giA6oK9u63dnQdWOHEStlbv89OZz8ZfYrpENhWp45by04qSoZL4Dz7oSscrbGhvjyrGI5PFVLJSaUpEweyilJnoGsw0eXBhWkcoTiLC0a9KvHxYLcJo3hIrYvvAG4buOZBGtJm1bDbsqipyPVIdWU&amp;__tn__=*NK-R\">#Aguascalientes<\/a><\/span> <span class=\"html-span xdj266r x14z9mp xat24cr x1lziwak xexx8yu xyri2b x18d9i69 x1c1uobl x1hl2dhg x16tdsg8 x1vvkbs\"><a class=\"x1i10hfl xjbqb8w x1ejq31n x18oe1m7 x1sy0etr xstzfhl x972fbf x10w94by x1qhh985 x14e42zd x9f619 x1ypdohk xt0psk2 x3ct3a4 xdj266r x14z9mp xat24cr x1lziwak xexx8yu xyri2b x18d9i69 x1c1uobl x16tdsg8 x1hl2dhg xggy1nq x1a2a7pz xkrqix3 x1sur9pj x1fey0fg x1s688f\" tabindex=\"0\" role=\"link\" href=\"https:\/\/www.facebook.com\/hashtag\/informativoelvalledeaguascalientesll?__eep__=6&amp;__cft__[0]=AZaSAnQRoyVHalthRgaMWcQtib7jDBljP0wd9_UVoLX_b8giA6oK9u63dnQdWOHEStlbv89OZz8ZfYrpENhWp45by04qSoZL4Dz7oSscrbGhvjyrGI5PFVLJSaUpEweyilJnoGsw0eXBhWkcoTiLC0a9KvHxYLcJo3hIrYvvAG4buOZBGtJm1bDbsqipyPVIdWU&amp;__tn__=*NK-R\">#informativoelvalledeaguascalientesll<\/a><\/span> \u00a0<span class=\"html-span xdj266r x14z9mp xat24cr x1lziwak xexx8yu xyri2b x18d9i69 x1c1uobl x1hl2dhg x16tdsg8 x1vvkbs\"><a class=\"x1i10hfl xjbqb8w x1ejq31n x18oe1m7 x1sy0etr xstzfhl x972fbf x10w94by x1qhh985 x14e42zd x9f619 x1ypdohk xt0psk2 x3ct3a4 xdj266r x14z9mp xat24cr x1lziwak xexx8yu xyri2b x18d9i69 x1c1uobl x16tdsg8 x1hl2dhg xggy1nq x1a2a7pz xkrqix3 x1sur9pj x1fey0fg x1s688f\" tabindex=\"0\" role=\"link\" href=\"https:\/\/www.facebook.com\/hashtag\/novaradioaguascalientes?__eep__=6&amp;__cft__[0]=AZaSAnQRoyVHalthRgaMWcQtib7jDBljP0wd9_UVoLX_b8giA6oK9u63dnQdWOHEStlbv89OZz8ZfYrpENhWp45by04qSoZL4Dz7oSscrbGhvjyrGI5PFVLJSaUpEweyilJnoGsw0eXBhWkcoTiLC0a9KvHxYLcJo3hIrYvvAG4buOZBGtJm1bDbsqipyPVIdWU&amp;__tn__=*NK-R\">#novaradioaguascalientes<\/a><\/span> <span class=\"html-span xdj266r x14z9mp xat24cr x1lziwak xexx8yu xyri2b x18d9i69 x1c1uobl x1hl2dhg x16tdsg8 x1vvkbs\"><a class=\"x1i10hfl xjbqb8w x1ejq31n x18oe1m7 x1sy0etr xstzfhl x972fbf x10w94by x1qhh985 x14e42zd x9f619 x1ypdohk xt0psk2 x3ct3a4 xdj266r x14z9mp xat24cr x1lziwak xexx8yu xyri2b x18d9i69 x1c1uobl x16tdsg8 x1hl2dhg xggy1nq x1a2a7pz xkrqix3 x1sur9pj x1fey0fg x1s688f\" tabindex=\"0\" role=\"link\" href=\"https:\/\/www.facebook.com\/hashtag\/informativoelvalledeaguascalientes?__eep__=6&amp;__cft__[0]=AZaSAnQRoyVHalthRgaMWcQtib7jDBljP0wd9_UVoLX_b8giA6oK9u63dnQdWOHEStlbv89OZz8ZfYrpENhWp45by04qSoZL4Dz7oSscrbGhvjyrGI5PFVLJSaUpEweyilJnoGsw0eXBhWkcoTiLC0a9KvHxYLcJo3hIrYvvAG4buOZBGtJm1bDbsqipyPVIdWU&amp;__tn__=*NK-R\">#informativoelvalledeaguascalientes<\/a><\/span><\/p>\n<p>&nbsp;<\/p>\n<p>En sesi\u00f3n de la Comisi\u00f3n de Educaci\u00f3n y Cultura de la LXVI Legislatura del Congreso de Aguascalientes, que preside la diputada Luc\u00eda de Le\u00f3n Urz\u00faa, y que integran la legisladora Alma Hilda Medina Mac\u00edas, as\u00ed como los diputados Amisadai Castorena Romo, Heriberto Gallegos Serna y Fernando Alf\u00e9rez Barbosa, se aprobaron diversos proyectos de dictamen encaminados al fortalecimiento del sistema educativo, la inclusi\u00f3n social y la mejora del marco normativo de instituciones de educaci\u00f3n superior en el estado.<\/p>\n<p>&nbsp;<\/p>\n<p>Como primer punto del orden del d\u00eda, se aprob\u00f3 el proyecto de dictamen que resuelve la\u00a0Iniciativa de Ley que crea la Escuela para Padres, Madres o quienes ejerzan la tutela, guarda o custodia del Estado de Aguascalientes, presentada por el diputado Heriberto Gallegos Serna, adhiri\u00e9ndose las y los diputados integrantes de los Grupos Parlamentarios del PAN y Fuerza por Aguascalientes.<\/p>\n<p>&nbsp;<\/p>\n<p>El objeto de la iniciativa consiste en crear la Escuela para Padres, Madres o quienes ejerzan la tutela, guarda o custodia, como un mecanismo de orientaci\u00f3n, capacitaci\u00f3n y acompa\u00f1amiento que fortalezca las competencias parentales y contribuya al desarrollo integral de ni\u00f1as, ni\u00f1os y adolescentes.<\/p>\n<p>&nbsp;<\/p>\n<p>Enseguida, se aval\u00f3 la reforma a diversas disposiciones de la Ley de Educaci\u00f3n del Estado de Aguascalientes, presentada por el diputado Salvador Alcal\u00e1 Dur\u00e1n, cuyo objeto es impulsar una cultura de inclusi\u00f3n financiera desde el \u00e1mbito educativo, y con ello fortalecer los conocimientos, habilidades y actitudes necesarias para la toma de decisiones financieras responsables.<\/p>\n<p>&nbsp;<\/p>\n<p>Posteriormente, se aprob\u00f3 el proyecto de dictamen que resuelve la\u00a0Iniciativa con proyecto de Decreto por la que se reforman y adicionan diversas disposiciones de la Ley de la Universidad Intercultural para la Igualdad, presentada por la diputada Mirna Medina Ruvalcaba, con el prop\u00f3sito de incorporar la obligaci\u00f3n de contar con lactarios en dicha instituci\u00f3n, garantizando espacios adecuados para la lactancia y promoviendo condiciones de igualdad y bienestar.<\/p>\n<p>&nbsp;<\/p>\n<p>Continuando con los asuntos del orden del d\u00eda, se aval\u00f3 el dictamen que resuelve la\u00a0Iniciativa con Proyecto de Decreto por el que se reforma el art\u00edculo 16 de la Ley de la Universidad Tecnol\u00f3gica del Norte de Aguascalientes, presentada por el diputado Amisadai Manuel Castorena Romo, en materia de requisitos para formar parte del Patronato de la Universidad.<\/p>\n<p>&nbsp;<\/p>\n<p>El objeto de esta iniciativa consiste en modificar los requisitos para integrar el Patronato de la Universidad Tecnol\u00f3gica del Norte de Aguascalientes, con el fin de fortalecer su estructura de gobernanza y asegurar perfiles adecuados para el desempe\u00f1o de dicha funci\u00f3n.<\/p>\n<p>&nbsp;<\/p>\n<p>Asimismo, se aprob\u00f3 la reforma al art\u00edculo 17 de la Ley Org\u00e1nica de la Universidad Tecnol\u00f3gica de Calvillo del Estado de Aguascalientes, tambi\u00e9n presentada por el diputado Amisadai Manuel Castorena Romo, en materia de requisitos para ser titular de la Rector\u00eda.<\/p>\n<p>&nbsp;<\/p>\n<p>El objeto de la iniciativa consiste en reformar y derogar diversos requisitos para ocupar la titularidad de la Rector\u00eda de la Universidad Tecnol\u00f3gica de Calvillo, con el prop\u00f3sito de armonizar la normativa interna y fortalecer la conducci\u00f3n institucional.<\/p>\n<p>&nbsp;<\/p>\n<p>Una vez aprobados, los dict\u00e1menes fueron turnados a la Junta de Coordinaci\u00f3n Pol\u00edtica (JUCOPO) para continuar con su tr\u00e1mite legislativo correspondiente.<\/p>\n<p>&nbsp;<\/p>\n<p>&nbsp;<\/p>\n","protected":false},"excerpt":{"rendered":"<p>#Aguascalientes #informativoelvalledeaguascalientesll \u00a0#novaradioaguascalientes #informativoelvalledeaguascalientes &nbsp; En sesi\u00f3n de la Comisi\u00f3n de Educaci\u00f3n y Cultura de la LXVI Legislatura del Congreso de Aguascalientes, que preside la diputada Luc\u00eda de Le\u00f3n Urz\u00faa, y que integran la legisladora Alma Hilda Medina Mac\u00edas, as\u00ed como los diputados Amisadai Castorena Romo, Heriberto Gallegos Serna y Fernando Alf\u00e9rez Barbosa, se aprobaron [&hellip;]<\/p>\n","protected":false},"author":1,"featured_media":82279,"comment_status":"closed","ping_status":"open","sticky":false,"template":"","format":"standard","meta":{"advanced_seo_description":"","jetpack_seo_html_title":"","jetpack_seo_noindex":false,"_jetpack_memberships_contains_paid_content":false,"footnotes":"","jetpack_publicize_message":"","jetpack_publicize_feature_enabled":true,"jetpack_social_post_already_shared":true,"jetpack_social_options":{"image_generator_settings":{"template":"highway","default_image_id":0,"font":"","enabled":false},"version":2}},"categories":[21,5],"tags":[22,872],"class_list":["post-82278","post","type-post","status-publish","format-standard","has-post-thumbnail","hentry","category-aguascalientes","category-h-congreso-del-estado-aguascalientes","tag-aguascalientes","tag-lxvi-legislatura-aguascalientes"],"jetpack_publicize_connections":[],"jetpack_featured_media_url":"https:\/\/i0.wp.com\/informativoelvalledeaguascalientes.online\/wp-content\/uploads\/2026\/02\/EDUCACION-Y-CULTURA.jpg?fit=911%2C607&ssl=1","jetpack-related-posts":[],"jetpack_sharing_enabled":true,"jetpack_likes_enabled":true,"_links":{"self":[{"href":"https:\/\/informativoelvalledeaguascalientes.online\/index.php?rest_route=\/wp\/v2\/posts\/82278","targetHints":{"allow":["GET"]}}],"collection":[{"href":"https:\/\/informativoelvalledeaguascalientes.online\/index.php?rest_route=\/wp\/v2\/posts"}],"about":[{"href":"https:\/\/informativoelvalledeaguascalientes.online\/index.php?rest_route=\/wp\/v2\/types\/post"}],"author":[{"embeddable":true,"href":"https:\/\/informativoelvalledeaguascalientes.online\/index.php?rest_route=\/wp\/v2\/users\/1"}],"replies":[{"embeddable":true,"href":"https:\/\/informativoelvalledeaguascalientes.online\/index.php?rest_route=%2Fwp%2Fv2%2Fcomments&post=82278"}],"version-history":[{"count":1,"href":"https:\/\/informativoelvalledeaguascalientes.online\/index.php?rest_route=\/wp\/v2\/posts\/82278\/revisions"}],"predecessor-version":[{"id":82280,"href":"https:\/\/informativoelvalledeaguascalientes.online\/index.php?rest_route=\/wp\/v2\/posts\/82278\/revisions\/82280"}],"wp:featuredmedia":[{"embeddable":true,"href":"https:\/\/informativoelvalledeaguascalientes.online\/index.php?rest_route=\/wp\/v2\/media\/82279"}],"wp:attachment":[{"href":"https:\/\/informativoelvalledeaguascalientes.online\/index.php?rest_route=%2Fwp%2Fv2%2Fmedia&parent=82278"}],"wp:term":[{"taxonomy":"category","embeddable":true,"href":"https:\/\/informativoelvalledeaguascalientes.online\/index.php?rest_route=%2Fwp%2Fv2%2Fcategories&post=82278"},{"taxonomy":"post_tag","embeddable":true,"href":"https:\/\/informativoelvalledeaguascalientes.online\/index.php?rest_route=%2Fwp%2Fv2%2Ftags&post=82278"}],"curies":[{"name":"wp","href":"https:\/\/api.w.org\/{rel}","templated":true}]}}