{"id":82248,"date":"2026-01-26T21:58:54","date_gmt":"2026-01-27T03:58:54","guid":{"rendered":"https:\/\/informativoelvalledeaguascalientes.online\/?p=82248"},"modified":"2026-02-04T22:03:25","modified_gmt":"2026-02-05T04:03:25","slug":"comision-de-derechos-humanos-del-congreso-de-aguascalientes-aprueba-convocatoria-para-renovar-el-consejo-consultivo-de-la-cdhea","status":"publish","type":"post","link":"https:\/\/informativoelvalledeaguascalientes.online\/?p=82248","title":{"rendered":"COMISI\u00d3N DE DERECHOS HUMANOS DEL CONGRESO DE AGUASCALIENTES APRUEBA CONVOCATORIA PARA RENOVAR EL CONSEJO CONSULTIVO DE LA CDHEA"},"content":{"rendered":"<p><span class=\"html-span xdj266r x14z9mp xat24cr x1lziwak xexx8yu xyri2b x18d9i69 x1c1uobl x1hl2dhg x16tdsg8 x1vvkbs\"><a class=\"x1i10hfl xjbqb8w x1ejq31n x18oe1m7 x1sy0etr xstzfhl x972fbf x10w94by x1qhh985 x14e42zd x9f619 x1ypdohk xt0psk2 x3ct3a4 xdj266r x14z9mp xat24cr x1lziwak xexx8yu xyri2b x18d9i69 x1c1uobl x16tdsg8 x1hl2dhg xggy1nq x1a2a7pz xkrqix3 x1sur9pj x1fey0fg x1s688f\" tabindex=\"0\" role=\"link\" href=\"https:\/\/www.facebook.com\/hashtag\/aguascalientes?__eep__=6&amp;__cft__[0]=AZaSAnQRoyVHalthRgaMWcQtib7jDBljP0wd9_UVoLX_b8giA6oK9u63dnQdWOHEStlbv89OZz8ZfYrpENhWp45by04qSoZL4Dz7oSscrbGhvjyrGI5PFVLJSaUpEweyilJnoGsw0eXBhWkcoTiLC0a9KvHxYLcJo3hIrYvvAG4buOZBGtJm1bDbsqipyPVIdWU&amp;__tn__=*NK-R\">#Aguascalientes<\/a><\/span> <span class=\"html-span xdj266r x14z9mp xat24cr x1lziwak xexx8yu xyri2b x18d9i69 x1c1uobl x1hl2dhg x16tdsg8 x1vvkbs\"><a class=\"x1i10hfl xjbqb8w x1ejq31n x18oe1m7 x1sy0etr xstzfhl x972fbf x10w94by x1qhh985 x14e42zd x9f619 x1ypdohk xt0psk2 x3ct3a4 xdj266r x14z9mp xat24cr x1lziwak xexx8yu xyri2b x18d9i69 x1c1uobl x16tdsg8 x1hl2dhg xggy1nq x1a2a7pz xkrqix3 x1sur9pj x1fey0fg x1s688f\" tabindex=\"0\" role=\"link\" href=\"https:\/\/www.facebook.com\/hashtag\/informativoelvalledeaguascalientesll?__eep__=6&amp;__cft__[0]=AZaSAnQRoyVHalthRgaMWcQtib7jDBljP0wd9_UVoLX_b8giA6oK9u63dnQdWOHEStlbv89OZz8ZfYrpENhWp45by04qSoZL4Dz7oSscrbGhvjyrGI5PFVLJSaUpEweyilJnoGsw0eXBhWkcoTiLC0a9KvHxYLcJo3hIrYvvAG4buOZBGtJm1bDbsqipyPVIdWU&amp;__tn__=*NK-R\">#informativoelvalledeaguascalientesll<\/a><\/span> \u00a0<span class=\"html-span xdj266r x14z9mp xat24cr x1lziwak xexx8yu xyri2b x18d9i69 x1c1uobl x1hl2dhg x16tdsg8 x1vvkbs\"><a class=\"x1i10hfl xjbqb8w x1ejq31n x18oe1m7 x1sy0etr xstzfhl x972fbf x10w94by x1qhh985 x14e42zd x9f619 x1ypdohk xt0psk2 x3ct3a4 xdj266r x14z9mp xat24cr x1lziwak xexx8yu xyri2b x18d9i69 x1c1uobl x16tdsg8 x1hl2dhg xggy1nq x1a2a7pz xkrqix3 x1sur9pj x1fey0fg x1s688f\" tabindex=\"0\" role=\"link\" href=\"https:\/\/www.facebook.com\/hashtag\/novaradioaguascalientes?__eep__=6&amp;__cft__[0]=AZaSAnQRoyVHalthRgaMWcQtib7jDBljP0wd9_UVoLX_b8giA6oK9u63dnQdWOHEStlbv89OZz8ZfYrpENhWp45by04qSoZL4Dz7oSscrbGhvjyrGI5PFVLJSaUpEweyilJnoGsw0eXBhWkcoTiLC0a9KvHxYLcJo3hIrYvvAG4buOZBGtJm1bDbsqipyPVIdWU&amp;__tn__=*NK-R\">#novaradioaguascalientes<\/a><\/span> <span class=\"html-span xdj266r x14z9mp xat24cr x1lziwak xexx8yu xyri2b x18d9i69 x1c1uobl x1hl2dhg x16tdsg8 x1vvkbs\"><a class=\"x1i10hfl xjbqb8w x1ejq31n x18oe1m7 x1sy0etr xstzfhl x972fbf x10w94by x1qhh985 x14e42zd x9f619 x1ypdohk xt0psk2 x3ct3a4 xdj266r x14z9mp xat24cr x1lziwak xexx8yu xyri2b x18d9i69 x1c1uobl x16tdsg8 x1hl2dhg xggy1nq x1a2a7pz xkrqix3 x1sur9pj x1fey0fg x1s688f\" tabindex=\"0\" role=\"link\" href=\"https:\/\/www.facebook.com\/hashtag\/informativoelvalledeaguascalientes?__eep__=6&amp;__cft__[0]=AZaSAnQRoyVHalthRgaMWcQtib7jDBljP0wd9_UVoLX_b8giA6oK9u63dnQdWOHEStlbv89OZz8ZfYrpENhWp45by04qSoZL4Dz7oSscrbGhvjyrGI5PFVLJSaUpEweyilJnoGsw0eXBhWkcoTiLC0a9KvHxYLcJo3hIrYvvAG4buOZBGtJm1bDbsqipyPVIdWU&amp;__tn__=*NK-R\">#informativoelvalledeaguascalientes<\/a><\/span><\/p>\n<p>&nbsp;<\/p>\n<p>La Comisi\u00f3n de Derechos Humanos de la LXVI Legislatura del Congreso de Aguascalientes aprob\u00f3 el\u00a0Acuerdo Legislativo mediante el cual se emite la Convocatoria para la Elecci\u00f3n de cinco Consejeras y Consejeros integrantes del Consejo Consultivo de la Comisi\u00f3n de Derechos Humanos del Estado de Aguascalientes (CDHEA).<\/p>\n<p>&nbsp;<\/p>\n<p>La sesi\u00f3n fue encabezada por el\u00a0diputado Omar Alejandro Vald\u00e9s Reyes, presidente de la Comisi\u00f3n, y cont\u00f3 con la presencia de la\u00a0diputada Ma. Guadalupe Mendoza Medrano\u00a0y del\u00a0diputade Rodrigo Iv\u00e1n Gonz\u00e1lez Mireles, integrantes de este \u00f3rgano legislativo.<\/p>\n<p>&nbsp;<\/p>\n<p>El acuerdo tiene como finalidad dar inicio al procedimiento de renovaci\u00f3n del Consejo Consultivo, cuyo periodo actual concluye el\u00a018 de abril de 2026, en cumplimiento de lo establecido en la Constituci\u00f3n Pol\u00edtica del Estado de Aguascalientes y en la Ley de la Comisi\u00f3n de Derechos Humanos del Estado.<\/p>\n<p>&nbsp;<\/p>\n<p>De acuerdo con la Convocatoria, podr\u00e1n presentar propuestas\u00a0asociaciones civiles legalmente constituidas, colegios de profesionistas e instituciones de educaci\u00f3n superior, cuyo objeto est\u00e9 vinculado con la promoci\u00f3n, defensa y difusi\u00f3n de los derechos humanos. Las personas designadas ocupar\u00e1n el cargo de manera\u00a0honor\u00edfica por un periodo de cuatro a\u00f1os, sin posibilidad de reelecci\u00f3n inmediata.<\/p>\n<p>&nbsp;<\/p>\n<p>El procedimiento contempla la\u00a0recepci\u00f3n y an\u00e1lisis de las propuestas, la integraci\u00f3n de una lista de candidatas y candidatos que cumplan con los requisitos legales, as\u00ed como la\u00a0celebraci\u00f3n de audiencias p\u00fablicas, en las que las personas aspirantes podr\u00e1n exponer su trayectoria, experiencia y propuestas en materia de derechos humanos. Dichas audiencias permitir\u00e1n a las y los legisladores evaluar los perfiles con criterios de objetividad, transparencia y participaci\u00f3n ciudadana.<\/p>\n<p>&nbsp;<\/p>\n<p>Posteriormente, la Comisi\u00f3n Legislativa de Derechos Humanos emitir\u00e1 el dictamen correspondiente, mismo que ser\u00e1 sometido a consideraci\u00f3n del\u00a0Pleno del Congreso del Estado\u00a0para la designaci\u00f3n de las y los integrantes del Consejo Consultivo.<\/p>\n<p>&nbsp;<\/p>\n<p>El\u00a0registro de candidaturas\u00a0se efectuar\u00e1 mediante escrito dirigido al Congreso del Estado, con atenci\u00f3n a la Comisi\u00f3n Legislativa de Derechos Humanos, en la\u00a0Oficial\u00eda de Partes del Congreso del Estado de Aguascalientes, ubicada en el edificio\u00a0Licenciado Francisco Primo de Verdad y Ramos, en\u00a0Plaza de la Patria n\u00famero 109 Oriente, en un periodo comprendido\u00a0del 9 al 20 de febrero de 2026, de lunes a viernes, en un horario de\u00a09:00 a 15:00 horas.<\/p>\n<p>&nbsp;<\/p>\n<p>Finalmente, las y los legisladores destacaron que este procedimiento garantiza\u00a0transparencia, participaci\u00f3n ciudadana y paridad de g\u00e9nero, fortaleciendo as\u00ed el funcionamiento del Consejo Consultivo de la Comisi\u00f3n de Derechos Humanos del Estado de Aguascalientes.<\/p>\n<p>&nbsp;<\/p>\n","protected":false},"excerpt":{"rendered":"<p>#Aguascalientes #informativoelvalledeaguascalientesll \u00a0#novaradioaguascalientes #informativoelvalledeaguascalientes &nbsp; La Comisi\u00f3n de Derechos Humanos de la LXVI Legislatura del Congreso de Aguascalientes aprob\u00f3 el\u00a0Acuerdo Legislativo mediante el cual se emite la Convocatoria para la Elecci\u00f3n de cinco Consejeras y Consejeros integrantes del Consejo Consultivo de la Comisi\u00f3n de Derechos Humanos del Estado de Aguascalientes (CDHEA). &nbsp; La sesi\u00f3n fue [&hellip;]<\/p>\n","protected":false},"author":1,"featured_media":82249,"comment_status":"closed","ping_status":"open","sticky":false,"template":"","format":"standard","meta":{"advanced_seo_description":"","jetpack_seo_html_title":"","jetpack_seo_noindex":false,"_jetpack_memberships_contains_paid_content":false,"footnotes":"","jetpack_publicize_message":"","jetpack_publicize_feature_enabled":true,"jetpack_social_post_already_shared":true,"jetpack_social_options":{"image_generator_settings":{"template":"highway","default_image_id":0,"font":"","enabled":false},"version":2}},"categories":[21,5],"tags":[22,872],"class_list":["post-82248","post","type-post","status-publish","format-standard","has-post-thumbnail","hentry","category-aguascalientes","category-h-congreso-del-estado-aguascalientes","tag-aguascalientes","tag-lxvi-legislatura-aguascalientes"],"jetpack_publicize_connections":[],"jetpack_featured_media_url":"https:\/\/i0.wp.com\/informativoelvalledeaguascalientes.online\/wp-content\/uploads\/2026\/02\/DSC_0233.jpg?fit=911%2C607&ssl=1","jetpack-related-posts":[],"jetpack_sharing_enabled":true,"jetpack_likes_enabled":true,"_links":{"self":[{"href":"https:\/\/informativoelvalledeaguascalientes.online\/index.php?rest_route=\/wp\/v2\/posts\/82248","targetHints":{"allow":["GET"]}}],"collection":[{"href":"https:\/\/informativoelvalledeaguascalientes.online\/index.php?rest_route=\/wp\/v2\/posts"}],"about":[{"href":"https:\/\/informativoelvalledeaguascalientes.online\/index.php?rest_route=\/wp\/v2\/types\/post"}],"author":[{"embeddable":true,"href":"https:\/\/informativoelvalledeaguascalientes.online\/index.php?rest_route=\/wp\/v2\/users\/1"}],"replies":[{"embeddable":true,"href":"https:\/\/informativoelvalledeaguascalientes.online\/index.php?rest_route=%2Fwp%2Fv2%2Fcomments&post=82248"}],"version-history":[{"count":1,"href":"https:\/\/informativoelvalledeaguascalientes.online\/index.php?rest_route=\/wp\/v2\/posts\/82248\/revisions"}],"predecessor-version":[{"id":82250,"href":"https:\/\/informativoelvalledeaguascalientes.online\/index.php?rest_route=\/wp\/v2\/posts\/82248\/revisions\/82250"}],"wp:featuredmedia":[{"embeddable":true,"href":"https:\/\/informativoelvalledeaguascalientes.online\/index.php?rest_route=\/wp\/v2\/media\/82249"}],"wp:attachment":[{"href":"https:\/\/informativoelvalledeaguascalientes.online\/index.php?rest_route=%2Fwp%2Fv2%2Fmedia&parent=82248"}],"wp:term":[{"taxonomy":"category","embeddable":true,"href":"https:\/\/informativoelvalledeaguascalientes.online\/index.php?rest_route=%2Fwp%2Fv2%2Fcategories&post=82248"},{"taxonomy":"post_tag","embeddable":true,"href":"https:\/\/informativoelvalledeaguascalientes.online\/index.php?rest_route=%2Fwp%2Fv2%2Ftags&post=82248"}],"curies":[{"name":"wp","href":"https:\/\/api.w.org\/{rel}","templated":true}]}}