{"id":82245,"date":"2026-01-20T21:50:30","date_gmt":"2026-01-21T03:50:30","guid":{"rendered":"https:\/\/informativoelvalledeaguascalientes.online\/?p=82245"},"modified":"2026-02-04T21:58:43","modified_gmt":"2026-02-05T03:58:43","slug":"diputacion-permanente-consolida-reformas-constitucionales-sobre-el-interes-superior-de-la-ninez-y-facultades-del-congreso","status":"publish","type":"post","link":"https:\/\/informativoelvalledeaguascalientes.online\/?p=82245","title":{"rendered":"DIPUTACI\u00d3N PERMANENTE CONSOLIDA REFORMAS CONSTITUCIONALES SOBRE EL INTER\u00c9S SUPERIOR DE LA NI\u00d1EZ Y FACULTADES DEL CONGRESO"},"content":{"rendered":"<p><span class=\"html-span xdj266r x14z9mp xat24cr x1lziwak xexx8yu xyri2b x18d9i69 x1c1uobl x1hl2dhg x16tdsg8 x1vvkbs\"><a class=\"x1i10hfl xjbqb8w x1ejq31n x18oe1m7 x1sy0etr xstzfhl x972fbf x10w94by x1qhh985 x14e42zd x9f619 x1ypdohk xt0psk2 x3ct3a4 xdj266r x14z9mp xat24cr x1lziwak xexx8yu xyri2b x18d9i69 x1c1uobl x16tdsg8 x1hl2dhg xggy1nq x1a2a7pz xkrqix3 x1sur9pj x1fey0fg x1s688f\" tabindex=\"0\" role=\"link\" href=\"https:\/\/www.facebook.com\/hashtag\/aguascalientes?__eep__=6&amp;__cft__[0]=AZaSAnQRoyVHalthRgaMWcQtib7jDBljP0wd9_UVoLX_b8giA6oK9u63dnQdWOHEStlbv89OZz8ZfYrpENhWp45by04qSoZL4Dz7oSscrbGhvjyrGI5PFVLJSaUpEweyilJnoGsw0eXBhWkcoTiLC0a9KvHxYLcJo3hIrYvvAG4buOZBGtJm1bDbsqipyPVIdWU&amp;__tn__=*NK-R\">#Aguascalientes<\/a><\/span> <span class=\"html-span xdj266r x14z9mp xat24cr x1lziwak xexx8yu xyri2b x18d9i69 x1c1uobl x1hl2dhg x16tdsg8 x1vvkbs\"><a class=\"x1i10hfl xjbqb8w x1ejq31n x18oe1m7 x1sy0etr xstzfhl x972fbf x10w94by x1qhh985 x14e42zd x9f619 x1ypdohk xt0psk2 x3ct3a4 xdj266r x14z9mp xat24cr x1lziwak xexx8yu xyri2b x18d9i69 x1c1uobl x16tdsg8 x1hl2dhg xggy1nq x1a2a7pz xkrqix3 x1sur9pj x1fey0fg x1s688f\" tabindex=\"0\" role=\"link\" href=\"https:\/\/www.facebook.com\/hashtag\/informativoelvalledeaguascalientesll?__eep__=6&amp;__cft__[0]=AZaSAnQRoyVHalthRgaMWcQtib7jDBljP0wd9_UVoLX_b8giA6oK9u63dnQdWOHEStlbv89OZz8ZfYrpENhWp45by04qSoZL4Dz7oSscrbGhvjyrGI5PFVLJSaUpEweyilJnoGsw0eXBhWkcoTiLC0a9KvHxYLcJo3hIrYvvAG4buOZBGtJm1bDbsqipyPVIdWU&amp;__tn__=*NK-R\">#informativoelvalledeaguascalientesll<\/a><\/span> \u00a0<span class=\"html-span xdj266r x14z9mp xat24cr x1lziwak xexx8yu xyri2b x18d9i69 x1c1uobl x1hl2dhg x16tdsg8 x1vvkbs\"><a class=\"x1i10hfl xjbqb8w x1ejq31n x18oe1m7 x1sy0etr xstzfhl x972fbf x10w94by x1qhh985 x14e42zd x9f619 x1ypdohk xt0psk2 x3ct3a4 xdj266r x14z9mp xat24cr x1lziwak xexx8yu xyri2b x18d9i69 x1c1uobl x16tdsg8 x1hl2dhg xggy1nq x1a2a7pz xkrqix3 x1sur9pj x1fey0fg x1s688f\" tabindex=\"0\" role=\"link\" href=\"https:\/\/www.facebook.com\/hashtag\/novaradioaguascalientes?__eep__=6&amp;__cft__[0]=AZaSAnQRoyVHalthRgaMWcQtib7jDBljP0wd9_UVoLX_b8giA6oK9u63dnQdWOHEStlbv89OZz8ZfYrpENhWp45by04qSoZL4Dz7oSscrbGhvjyrGI5PFVLJSaUpEweyilJnoGsw0eXBhWkcoTiLC0a9KvHxYLcJo3hIrYvvAG4buOZBGtJm1bDbsqipyPVIdWU&amp;__tn__=*NK-R\">#novaradioaguascalientes<\/a><\/span> <span class=\"html-span xdj266r x14z9mp xat24cr x1lziwak xexx8yu xyri2b x18d9i69 x1c1uobl x1hl2dhg x16tdsg8 x1vvkbs\"><a class=\"x1i10hfl xjbqb8w x1ejq31n x18oe1m7 x1sy0etr xstzfhl x972fbf x10w94by x1qhh985 x14e42zd x9f619 x1ypdohk xt0psk2 x3ct3a4 xdj266r x14z9mp xat24cr x1lziwak xexx8yu xyri2b x18d9i69 x1c1uobl x16tdsg8 x1hl2dhg xggy1nq x1a2a7pz xkrqix3 x1sur9pj x1fey0fg x1s688f\" tabindex=\"0\" role=\"link\" href=\"https:\/\/www.facebook.com\/hashtag\/informativoelvalledeaguascalientes?__eep__=6&amp;__cft__[0]=AZaSAnQRoyVHalthRgaMWcQtib7jDBljP0wd9_UVoLX_b8giA6oK9u63dnQdWOHEStlbv89OZz8ZfYrpENhWp45by04qSoZL4Dz7oSscrbGhvjyrGI5PFVLJSaUpEweyilJnoGsw0eXBhWkcoTiLC0a9KvHxYLcJo3hIrYvvAG4buOZBGtJm1bDbsqipyPVIdWU&amp;__tn__=*NK-R\">#informativoelvalledeaguascalientes<\/a><\/span><\/p>\n<p>&nbsp;<\/p>\n<p>En la Quinta Sesi\u00f3n Ordinaria de la Diputaci\u00f3n Permanente del Congreso de Aguascalientes, el presidente de la Mesa Directiva, diputado Jos\u00e9 Trinidad Romo Mar\u00edn, de manera conjunta con las y los integrantes de este \u00f3rgano legislativo, las diputadas Arlette Mu\u00f1oz Cervantes, Irma Reza de la Cruz y Laura Ponce Luna, as\u00ed como los diputados Ad\u00e1n Valdivia L\u00f3pez y Emanuelle S\u00e1nchez N\u00e1jera, desahogaron dos Declaratorias de Validez Constitucional, en t\u00e9rminos de lo dispuesto por el art\u00edculo 94 de la Constituci\u00f3n Pol\u00edtica del Estado de Aguascalientes y la fracci\u00f3n III del art\u00edculo 143 de la Ley Org\u00e1nica del Poder Legislativo del Estado.<\/p>\n<p>La primera declaratoria establece como parte integrante de la Constituci\u00f3n la reforma al tercer p\u00e1rrafo del art\u00edculo 4\u00b0 de la Constituci\u00f3n Pol\u00edtica del Estado de Aguascalientes, presentada por la diputada Arlette Mu\u00f1oz Cervantes y aprobada mediante el Decreto n\u00famero 339, durante la Sesi\u00f3n Ordinaria del Primer Periodo Ordinario de Sesiones correspondiente al Segundo A\u00f1o de Ejercicio Constitucional de la LXVI Legislatura, celebrada el 27 de noviembre de 2025, en materia de inter\u00e9s superior de la ni\u00f1ez.<\/p>\n<p>El objeto de la reforma consiste en establecer que las ni\u00f1as, ni\u00f1os y adolescentes tienen derecho a la satisfacci\u00f3n de sus necesidades de alimentaci\u00f3n, salud f\u00edsica y emocional, educaci\u00f3n y sano esparcimiento para su desarrollo integral, con especial \u00e9nfasis en quienes viven en condiciones de pobreza y marginaci\u00f3n, para quedar como sigue: Art\u00edculo 4\u00b0.- En todas las decisiones y actuaciones del Estado se velar\u00e1 y cumplir\u00e1 con el principio del inter\u00e9s superior de la ni\u00f1ez, garantizando de manera plena sus derechos.<\/p>\n<p>Este principio deber\u00e1 guiar el dise\u00f1o, ejecuci\u00f3n, seguimiento y evaluaci\u00f3n de las pol\u00edticas p\u00fablicas dirigidas a la ni\u00f1ez. Las ni\u00f1as, ni\u00f1os y adolescentes tienen derecho a la satisfacci\u00f3n de sus necesidades de alimentaci\u00f3n, salud f\u00edsica y emocional, educaci\u00f3n y sano esparcimiento para su desarrollo integral.<\/p>\n<p>La segunda declaratoria establece como parte de la Constituci\u00f3n la reforma al art\u00edculo 27 de la Constituci\u00f3n Pol\u00edtica del Estado de Aguascalientes, presentada por el diputado Jos\u00e9 Trinidad Romo Mar\u00edn y aprobada mediante el Decreto n\u00famero 340, en la misma sesi\u00f3n celebrada el 27 de noviembre de 2025, en materia de facultades del Congreso. El objeto de la iniciativa consiste en establecer como facultad del Congreso del Estado de Aguascalientes, expedir las leyes que regulen las relaciones entre los Poderes Ejecutivo, Legislativo y Judicial, as\u00ed como de los \u00d3rganos Constitucionales Aut\u00f3nomos con sus trabajadores, adem\u00e1s de legislar en materia de responsabilidades administrativas de las y los servidores p\u00fablicos.<\/p>\n<p>Acto seguido, ambas declaratorias se turnaron a la gobernadora del Estado, Mar\u00eda Teresa Jim\u00e9nez Esquivel, para los efectos legales correspondientes y su publicaci\u00f3n en el Peri\u00f3dico Oficial del Estado.<\/p>\n<p>Una vez agotados los asuntos del orden del d\u00eda, el presidente de la Mesa Directiva clausur\u00f3 los trabajos y cit\u00f3 a las y los integrantes de la Diputaci\u00f3n Permanente para el pr\u00f3ximo 27 de enero, a las 10:00 horas, en el Sal\u00f3n Aquiles Elorduy Garc\u00eda.<\/p>\n","protected":false},"excerpt":{"rendered":"<p>#Aguascalientes #informativoelvalledeaguascalientesll \u00a0#novaradioaguascalientes #informativoelvalledeaguascalientes &nbsp; En la Quinta Sesi\u00f3n Ordinaria de la Diputaci\u00f3n Permanente del Congreso de Aguascalientes, el presidente de la Mesa Directiva, diputado Jos\u00e9 Trinidad Romo Mar\u00edn, de manera conjunta con las y los integrantes de este \u00f3rgano legislativo, las diputadas Arlette Mu\u00f1oz Cervantes, Irma Reza de la Cruz y Laura Ponce Luna, [&hellip;]<\/p>\n","protected":false},"author":1,"featured_media":82246,"comment_status":"closed","ping_status":"open","sticky":false,"template":"","format":"standard","meta":{"advanced_seo_description":"","jetpack_seo_html_title":"","jetpack_seo_noindex":false,"_jetpack_memberships_contains_paid_content":false,"footnotes":"","jetpack_publicize_message":"","jetpack_publicize_feature_enabled":true,"jetpack_social_post_already_shared":true,"jetpack_social_options":{"image_generator_settings":{"template":"highway","default_image_id":0,"font":"","enabled":false},"version":2}},"categories":[21,5],"tags":[22,872],"class_list":["post-82245","post","type-post","status-publish","format-standard","has-post-thumbnail","hentry","category-aguascalientes","category-h-congreso-del-estado-aguascalientes","tag-aguascalientes","tag-lxvi-legislatura-aguascalientes"],"jetpack_publicize_connections":[],"jetpack_featured_media_url":"https:\/\/i0.wp.com\/informativoelvalledeaguascalientes.online\/wp-content\/uploads\/2026\/02\/DSC_0024.jpg?fit=994%2C607&ssl=1","jetpack-related-posts":[],"jetpack_sharing_enabled":true,"jetpack_likes_enabled":true,"_links":{"self":[{"href":"https:\/\/informativoelvalledeaguascalientes.online\/index.php?rest_route=\/wp\/v2\/posts\/82245","targetHints":{"allow":["GET"]}}],"collection":[{"href":"https:\/\/informativoelvalledeaguascalientes.online\/index.php?rest_route=\/wp\/v2\/posts"}],"about":[{"href":"https:\/\/informativoelvalledeaguascalientes.online\/index.php?rest_route=\/wp\/v2\/types\/post"}],"author":[{"embeddable":true,"href":"https:\/\/informativoelvalledeaguascalientes.online\/index.php?rest_route=\/wp\/v2\/users\/1"}],"replies":[{"embeddable":true,"href":"https:\/\/informativoelvalledeaguascalientes.online\/index.php?rest_route=%2Fwp%2Fv2%2Fcomments&post=82245"}],"version-history":[{"count":1,"href":"https:\/\/informativoelvalledeaguascalientes.online\/index.php?rest_route=\/wp\/v2\/posts\/82245\/revisions"}],"predecessor-version":[{"id":82247,"href":"https:\/\/informativoelvalledeaguascalientes.online\/index.php?rest_route=\/wp\/v2\/posts\/82245\/revisions\/82247"}],"wp:featuredmedia":[{"embeddable":true,"href":"https:\/\/informativoelvalledeaguascalientes.online\/index.php?rest_route=\/wp\/v2\/media\/82246"}],"wp:attachment":[{"href":"https:\/\/informativoelvalledeaguascalientes.online\/index.php?rest_route=%2Fwp%2Fv2%2Fmedia&parent=82245"}],"wp:term":[{"taxonomy":"category","embeddable":true,"href":"https:\/\/informativoelvalledeaguascalientes.online\/index.php?rest_route=%2Fwp%2Fv2%2Fcategories&post=82245"},{"taxonomy":"post_tag","embeddable":true,"href":"https:\/\/informativoelvalledeaguascalientes.online\/index.php?rest_route=%2Fwp%2Fv2%2Ftags&post=82245"}],"curies":[{"name":"wp","href":"https:\/\/api.w.org\/{rel}","templated":true}]}}