{"id":82242,"date":"2026-01-13T21:44:23","date_gmt":"2026-01-14T03:44:23","guid":{"rendered":"https:\/\/informativoelvalledeaguascalientes.online\/?p=82242"},"modified":"2026-02-04T21:50:20","modified_gmt":"2026-02-05T03:50:20","slug":"la-diputacion-permanente-hace-un-llamado-a-visibilizar-la-depresion-y-brindar-ayuda-a-quienes-enfrentan-este-padecimiento","status":"publish","type":"post","link":"https:\/\/informativoelvalledeaguascalientes.online\/?p=82242","title":{"rendered":"LA DIPUTACI\u00d3N PERMANENTE HACE UN LLAMADO A VISIBILIZAR LA DEPRESI\u00d3N Y BRINDAR AYUDA A QUIENES ENFRENTAN ESTE PADECIMIENTO"},"content":{"rendered":"<p><span class=\"html-span xdj266r x14z9mp xat24cr x1lziwak xexx8yu xyri2b x18d9i69 x1c1uobl x1hl2dhg x16tdsg8 x1vvkbs\"><a class=\"x1i10hfl xjbqb8w x1ejq31n x18oe1m7 x1sy0etr xstzfhl x972fbf x10w94by x1qhh985 x14e42zd x9f619 x1ypdohk xt0psk2 x3ct3a4 xdj266r x14z9mp xat24cr x1lziwak xexx8yu xyri2b x18d9i69 x1c1uobl x16tdsg8 x1hl2dhg xggy1nq x1a2a7pz xkrqix3 x1sur9pj x1fey0fg x1s688f\" tabindex=\"0\" role=\"link\" href=\"https:\/\/www.facebook.com\/hashtag\/aguascalientes?__eep__=6&amp;__cft__[0]=AZaSAnQRoyVHalthRgaMWcQtib7jDBljP0wd9_UVoLX_b8giA6oK9u63dnQdWOHEStlbv89OZz8ZfYrpENhWp45by04qSoZL4Dz7oSscrbGhvjyrGI5PFVLJSaUpEweyilJnoGsw0eXBhWkcoTiLC0a9KvHxYLcJo3hIrYvvAG4buOZBGtJm1bDbsqipyPVIdWU&amp;__tn__=*NK-R\">#Aguascalientes<\/a><\/span> <span class=\"html-span xdj266r x14z9mp xat24cr x1lziwak xexx8yu xyri2b x18d9i69 x1c1uobl x1hl2dhg x16tdsg8 x1vvkbs\"><a class=\"x1i10hfl xjbqb8w x1ejq31n x18oe1m7 x1sy0etr xstzfhl x972fbf x10w94by x1qhh985 x14e42zd x9f619 x1ypdohk xt0psk2 x3ct3a4 xdj266r x14z9mp xat24cr x1lziwak xexx8yu xyri2b x18d9i69 x1c1uobl x16tdsg8 x1hl2dhg xggy1nq x1a2a7pz xkrqix3 x1sur9pj x1fey0fg x1s688f\" tabindex=\"0\" role=\"link\" href=\"https:\/\/www.facebook.com\/hashtag\/informativoelvalledeaguascalientesll?__eep__=6&amp;__cft__[0]=AZaSAnQRoyVHalthRgaMWcQtib7jDBljP0wd9_UVoLX_b8giA6oK9u63dnQdWOHEStlbv89OZz8ZfYrpENhWp45by04qSoZL4Dz7oSscrbGhvjyrGI5PFVLJSaUpEweyilJnoGsw0eXBhWkcoTiLC0a9KvHxYLcJo3hIrYvvAG4buOZBGtJm1bDbsqipyPVIdWU&amp;__tn__=*NK-R\">#informativoelvalledeaguascalientesll<\/a><\/span> \u00a0<span class=\"html-span xdj266r x14z9mp xat24cr x1lziwak xexx8yu xyri2b x18d9i69 x1c1uobl x1hl2dhg x16tdsg8 x1vvkbs\"><a class=\"x1i10hfl xjbqb8w x1ejq31n x18oe1m7 x1sy0etr xstzfhl x972fbf x10w94by x1qhh985 x14e42zd x9f619 x1ypdohk xt0psk2 x3ct3a4 xdj266r x14z9mp xat24cr x1lziwak xexx8yu xyri2b x18d9i69 x1c1uobl x16tdsg8 x1hl2dhg xggy1nq x1a2a7pz xkrqix3 x1sur9pj x1fey0fg x1s688f\" tabindex=\"0\" role=\"link\" href=\"https:\/\/www.facebook.com\/hashtag\/novaradioaguascalientes?__eep__=6&amp;__cft__[0]=AZaSAnQRoyVHalthRgaMWcQtib7jDBljP0wd9_UVoLX_b8giA6oK9u63dnQdWOHEStlbv89OZz8ZfYrpENhWp45by04qSoZL4Dz7oSscrbGhvjyrGI5PFVLJSaUpEweyilJnoGsw0eXBhWkcoTiLC0a9KvHxYLcJo3hIrYvvAG4buOZBGtJm1bDbsqipyPVIdWU&amp;__tn__=*NK-R\">#novaradioaguascalientes<\/a><\/span> <span class=\"html-span xdj266r x14z9mp xat24cr x1lziwak xexx8yu xyri2b x18d9i69 x1c1uobl x1hl2dhg x16tdsg8 x1vvkbs\"><a class=\"x1i10hfl xjbqb8w x1ejq31n x18oe1m7 x1sy0etr xstzfhl x972fbf x10w94by x1qhh985 x14e42zd x9f619 x1ypdohk xt0psk2 x3ct3a4 xdj266r x14z9mp xat24cr x1lziwak xexx8yu xyri2b x18d9i69 x1c1uobl x16tdsg8 x1hl2dhg xggy1nq x1a2a7pz xkrqix3 x1sur9pj x1fey0fg x1s688f\" tabindex=\"0\" role=\"link\" href=\"https:\/\/www.facebook.com\/hashtag\/informativoelvalledeaguascalientes?__eep__=6&amp;__cft__[0]=AZaSAnQRoyVHalthRgaMWcQtib7jDBljP0wd9_UVoLX_b8giA6oK9u63dnQdWOHEStlbv89OZz8ZfYrpENhWp45by04qSoZL4Dz7oSscrbGhvjyrGI5PFVLJSaUpEweyilJnoGsw0eXBhWkcoTiLC0a9KvHxYLcJo3hIrYvvAG4buOZBGtJm1bDbsqipyPVIdWU&amp;__tn__=*NK-R\">#informativoelvalledeaguascalientes<\/a><\/span><\/p>\n<p>&nbsp;<\/p>\n<p>La diputada Arlette Mu\u00f1oz fij\u00f3 un posicionamiento en el marco del D\u00eda Mundial de la Lucha contra la Depresi\u00f3n.<\/p>\n<p>Al realizarse la Cuarta Sesi\u00f3n Ordinaria de la Diputaci\u00f3n Permanente del Congreso de Aguascalientes, la vicepresidenta de este \u00f3rgano legislativo, diputada Arlette Mu\u00f1oz Cervantes, solicit\u00f3 el uso de la voz en el apartado de asuntos generales para hacer un llamado a la poblaci\u00f3n a visibilizar la depresi\u00f3n y, al mismo tiempo, brindar apoyo a las personas que enfrentan esta enfermedad, considerada por la Organizaci\u00f3n Mundial de la Salud como un padecimiento incapacitante.<\/p>\n<p>En el marco del D\u00eda Mundial de la Lucha contra la Depresi\u00f3n, que se conmemora este d\u00eda, Mu\u00f1oz Cervantes se\u00f1al\u00f3 que este trastorno debe ser atendido de manera integral y detectarse oportunamente, a fin de evitar casos tan lamentables y tr\u00e1gicos \u201ccomo el ocurrido hace unos d\u00edas, en el que una mujer joven decidi\u00f3 quitarse la vida en las v\u00edas del tren, a la vista de otras personas\u201d.<\/p>\n<p>En este contexto, la legisladora reiter\u00f3 su exhorto a la sociedad y a las autoridades en materia de salud para hacer un frente com\u00fan que permita prevenir y atender de manera r\u00e1pida y responsable los casos de depresi\u00f3n, destacando que est\u00e1 en cada una y uno de nosotros ayudar y reportar este tipo de situaciones a especialistas en salud mental.<\/p>\n<p>Por otra parte, el presidente de la Mesa Directiva, diputado Jos\u00e9 Trinidad Romo Mar\u00edn, en conjunto con las integrantes de la Diputaci\u00f3n Permanente, legisladoras Alma Hilda Medina Mac\u00edas, Irma Reza de la Cruz y Arlette Mu\u00f1oz, emitieron dos Declaratorias de Validez Constitucional, en t\u00e9rminos de lo dispuesto por el art\u00edculo 94 de la Constituci\u00f3n Pol\u00edtica del Estado de Aguascalientes, as\u00ed como por la fracci\u00f3n III del art\u00edculo 143 de la Ley Org\u00e1nica del Poder Legislativo del Estado de Aguascalientes.<\/p>\n<p>La primera declaratoria establece como parte de la Constituci\u00f3n la reforma al pen\u00faltimo p\u00e1rrafo del art\u00edculo 4\u00b0 de la Constituci\u00f3n Pol\u00edtica del Estado de Aguascalientes, aprobada mediante el Decreto N\u00famero 353, en Sesi\u00f3n Ordinaria del Primer Periodo Ordinario de Sesiones, correspondiente al Segundo A\u00f1o de Ejercicio Constitucional de la LXVI Legislatura, celebrada el 11 de diciembre de 2025, en materia de armonizaci\u00f3n normativa.<\/p>\n<p>El objetivo de dicha reforma es actualizar y precisar la definici\u00f3n de las autoridades garantes de los derechos de acceso a la informaci\u00f3n p\u00fablica y de protecci\u00f3n de datos personales en el Estado, para quedar como sigue:<\/p>\n<p>Art\u00edculo 4\u00b0.- Las autoridades garantes de los derechos de acceso a la informaci\u00f3n y protecci\u00f3n de datos personales en el Estado ser\u00e1n, por parte del Poder Ejecutivo, la Contralor\u00eda del Estado, quien adem\u00e1s conocer\u00e1 de los asuntos en materia de transparencia y protecci\u00f3n de datos personales de los municipios; y por parte de los Poderes Legislativo, Judicial y \u00d3rganos Constitucionales Aut\u00f3nomos, ser\u00e1n sus \u00f3rganos internos de control u hom\u00f3logos, en t\u00e9rminos de lo dispuesto por las leyes secundarias en la materia.<\/p>\n<p>La segunda declaratoria establece como parte de la Constituci\u00f3n la adici\u00f3n de los p\u00e1rrafos octavo, noveno y d\u00e9cimo al art\u00edculo 7\u00b0 A de la Constituci\u00f3n Pol\u00edtica del Estado de Aguascalientes, aprobada mediante el Decreto N\u00famero 354, en Sesi\u00f3n Ordinaria del Primer Periodo Ordinario de Sesiones, correspondiente al Segundo A\u00f1o de Ejercicio Constitucional de la LXVI Legislatura, celebrada el 11 de diciembre de 2025, en materia de desarrollo econ\u00f3mico.<\/p>\n<p>El objeto de esta reforma es que el Gobierno planee, conduzca, coordine y oriente la actividad econ\u00f3mica del Estado y lleve a cabo, en el \u00e1mbito de su competencia, la regulaci\u00f3n y el fomento de las actividades que demande el inter\u00e9s general, en el marco de las libertades que otorga la Constituci\u00f3n, promoviendo que en el desarrollo econ\u00f3mico del Estado concurran con responsabilidad social el sector p\u00fablico, el sector social y el sector privado, sin menoscabo de otras formas de actividad econ\u00f3mica que contribuyan al desarrollo de Aguascalientes.<\/p>\n<p>Acto seguido, ambas declaratorias fueron turnadas a la gobernadora del Estado, Mar\u00eda Teresa Jim\u00e9nez Esquivel, para los efectos legales correspondientes y su publicaci\u00f3n en el Peri\u00f3dico Oficial del Estado.<\/p>\n<p>Una vez agotados los asuntos del orden del d\u00eda, el presidente de la Mesa Directiva clausur\u00f3 los trabajos y cit\u00f3 a las y los integrantes de la Diputaci\u00f3n Permanente para el pr\u00f3ximo martes 20 de enero, a las 10:00 horas, en el Sal\u00f3n Aquiles Elorduy Garc\u00eda.<\/p>\n","protected":false},"excerpt":{"rendered":"<p>#Aguascalientes #informativoelvalledeaguascalientesll \u00a0#novaradioaguascalientes #informativoelvalledeaguascalientes &nbsp; La diputada Arlette Mu\u00f1oz fij\u00f3 un posicionamiento en el marco del D\u00eda Mundial de la Lucha contra la Depresi\u00f3n. Al realizarse la Cuarta Sesi\u00f3n Ordinaria de la Diputaci\u00f3n Permanente del Congreso de Aguascalientes, la vicepresidenta de este \u00f3rgano legislativo, diputada Arlette Mu\u00f1oz Cervantes, solicit\u00f3 el uso de la voz en [&hellip;]<\/p>\n","protected":false},"author":1,"featured_media":82243,"comment_status":"closed","ping_status":"open","sticky":false,"template":"","format":"standard","meta":{"advanced_seo_description":"","jetpack_seo_html_title":"","jetpack_seo_noindex":false,"_jetpack_memberships_contains_paid_content":false,"footnotes":"","jetpack_publicize_message":"","jetpack_publicize_feature_enabled":true,"jetpack_social_post_already_shared":true,"jetpack_social_options":{"image_generator_settings":{"template":"highway","default_image_id":0,"font":"","enabled":false},"version":2}},"categories":[21,5],"tags":[22,872],"class_list":["post-82242","post","type-post","status-publish","format-standard","has-post-thumbnail","hentry","category-aguascalientes","category-h-congreso-del-estado-aguascalientes","tag-aguascalientes","tag-lxvi-legislatura-aguascalientes"],"jetpack_publicize_connections":[],"jetpack_featured_media_url":"https:\/\/i0.wp.com\/informativoelvalledeaguascalientes.online\/wp-content\/uploads\/2026\/02\/DSC_9806.jpg?fit=951%2C607&ssl=1","jetpack-related-posts":[],"jetpack_sharing_enabled":true,"jetpack_likes_enabled":true,"_links":{"self":[{"href":"https:\/\/informativoelvalledeaguascalientes.online\/index.php?rest_route=\/wp\/v2\/posts\/82242","targetHints":{"allow":["GET"]}}],"collection":[{"href":"https:\/\/informativoelvalledeaguascalientes.online\/index.php?rest_route=\/wp\/v2\/posts"}],"about":[{"href":"https:\/\/informativoelvalledeaguascalientes.online\/index.php?rest_route=\/wp\/v2\/types\/post"}],"author":[{"embeddable":true,"href":"https:\/\/informativoelvalledeaguascalientes.online\/index.php?rest_route=\/wp\/v2\/users\/1"}],"replies":[{"embeddable":true,"href":"https:\/\/informativoelvalledeaguascalientes.online\/index.php?rest_route=%2Fwp%2Fv2%2Fcomments&post=82242"}],"version-history":[{"count":1,"href":"https:\/\/informativoelvalledeaguascalientes.online\/index.php?rest_route=\/wp\/v2\/posts\/82242\/revisions"}],"predecessor-version":[{"id":82244,"href":"https:\/\/informativoelvalledeaguascalientes.online\/index.php?rest_route=\/wp\/v2\/posts\/82242\/revisions\/82244"}],"wp:featuredmedia":[{"embeddable":true,"href":"https:\/\/informativoelvalledeaguascalientes.online\/index.php?rest_route=\/wp\/v2\/media\/82243"}],"wp:attachment":[{"href":"https:\/\/informativoelvalledeaguascalientes.online\/index.php?rest_route=%2Fwp%2Fv2%2Fmedia&parent=82242"}],"wp:term":[{"taxonomy":"category","embeddable":true,"href":"https:\/\/informativoelvalledeaguascalientes.online\/index.php?rest_route=%2Fwp%2Fv2%2Fcategories&post=82242"},{"taxonomy":"post_tag","embeddable":true,"href":"https:\/\/informativoelvalledeaguascalientes.online\/index.php?rest_route=%2Fwp%2Fv2%2Ftags&post=82242"}],"curies":[{"name":"wp","href":"https:\/\/api.w.org\/{rel}","templated":true}]}}