{"id":82126,"date":"2026-02-03T22:30:52","date_gmt":"2026-02-04T04:30:52","guid":{"rendered":"https:\/\/informativoelvalledeaguascalientes.online\/?p=82126"},"modified":"2026-02-03T22:30:52","modified_gmt":"2026-02-04T04:30:52","slug":"aguascalientes-tendra-nuevas-rutas-aereas-a-puebla-y-puerto-vallarta","status":"publish","type":"post","link":"https:\/\/informativoelvalledeaguascalientes.online\/?p=82126","title":{"rendered":"AGUASCALIENTES TENDR\u00c1 NUEVAS RUTAS A\u00c9REAS A PUEBLA Y PUERTO VALLARTA"},"content":{"rendered":"<p><span class=\"html-span xdj266r x14z9mp xat24cr x1lziwak xexx8yu xyri2b x18d9i69 x1c1uobl x1hl2dhg x16tdsg8 x1vvkbs\"><a class=\"x1i10hfl xjbqb8w x1ejq31n x18oe1m7 x1sy0etr xstzfhl x972fbf x10w94by x1qhh985 x14e42zd x9f619 x1ypdohk xt0psk2 x3ct3a4 xdj266r x14z9mp xat24cr x1lziwak xexx8yu xyri2b x18d9i69 x1c1uobl x16tdsg8 x1hl2dhg xggy1nq x1a2a7pz xkrqix3 x1sur9pj x1fey0fg x1s688f\" tabindex=\"0\" role=\"link\" href=\"https:\/\/www.facebook.com\/hashtag\/aguascalientes?__eep__=6&amp;__cft__[0]=AZaSAnQRoyVHalthRgaMWcQtib7jDBljP0wd9_UVoLX_b8giA6oK9u63dnQdWOHEStlbv89OZz8ZfYrpENhWp45by04qSoZL4Dz7oSscrbGhvjyrGI5PFVLJSaUpEweyilJnoGsw0eXBhWkcoTiLC0a9KvHxYLcJo3hIrYvvAG4buOZBGtJm1bDbsqipyPVIdWU&amp;__tn__=*NK-R\">#Aguascalientes<\/a><\/span> <span class=\"html-span xdj266r x14z9mp xat24cr x1lziwak xexx8yu xyri2b x18d9i69 x1c1uobl x1hl2dhg x16tdsg8 x1vvkbs\"><a class=\"x1i10hfl xjbqb8w x1ejq31n x18oe1m7 x1sy0etr xstzfhl x972fbf x10w94by x1qhh985 x14e42zd x9f619 x1ypdohk xt0psk2 x3ct3a4 xdj266r x14z9mp xat24cr x1lziwak xexx8yu xyri2b x18d9i69 x1c1uobl x16tdsg8 x1hl2dhg xggy1nq x1a2a7pz xkrqix3 x1sur9pj x1fey0fg x1s688f\" tabindex=\"0\" role=\"link\" href=\"https:\/\/www.facebook.com\/hashtag\/informativoelvalledeaguascalientesll?__eep__=6&amp;__cft__[0]=AZaSAnQRoyVHalthRgaMWcQtib7jDBljP0wd9_UVoLX_b8giA6oK9u63dnQdWOHEStlbv89OZz8ZfYrpENhWp45by04qSoZL4Dz7oSscrbGhvjyrGI5PFVLJSaUpEweyilJnoGsw0eXBhWkcoTiLC0a9KvHxYLcJo3hIrYvvAG4buOZBGtJm1bDbsqipyPVIdWU&amp;__tn__=*NK-R\">#informativoelvalledeaguascalientesll<\/a><\/span> \u00a0<span class=\"html-span xdj266r x14z9mp xat24cr x1lziwak xexx8yu xyri2b x18d9i69 x1c1uobl x1hl2dhg x16tdsg8 x1vvkbs\"><a class=\"x1i10hfl xjbqb8w x1ejq31n x18oe1m7 x1sy0etr xstzfhl x972fbf x10w94by x1qhh985 x14e42zd x9f619 x1ypdohk xt0psk2 x3ct3a4 xdj266r x14z9mp xat24cr x1lziwak xexx8yu xyri2b x18d9i69 x1c1uobl x16tdsg8 x1hl2dhg xggy1nq x1a2a7pz xkrqix3 x1sur9pj x1fey0fg x1s688f\" tabindex=\"0\" role=\"link\" href=\"https:\/\/www.facebook.com\/hashtag\/novaradioaguascalientes?__eep__=6&amp;__cft__[0]=AZaSAnQRoyVHalthRgaMWcQtib7jDBljP0wd9_UVoLX_b8giA6oK9u63dnQdWOHEStlbv89OZz8ZfYrpENhWp45by04qSoZL4Dz7oSscrbGhvjyrGI5PFVLJSaUpEweyilJnoGsw0eXBhWkcoTiLC0a9KvHxYLcJo3hIrYvvAG4buOZBGtJm1bDbsqipyPVIdWU&amp;__tn__=*NK-R\">#novaradioaguascalientes<\/a><\/span> <span class=\"html-span xdj266r x14z9mp xat24cr x1lziwak xexx8yu xyri2b x18d9i69 x1c1uobl x1hl2dhg x16tdsg8 x1vvkbs\"><a class=\"x1i10hfl xjbqb8w x1ejq31n x18oe1m7 x1sy0etr xstzfhl x972fbf x10w94by x1qhh985 x14e42zd x9f619 x1ypdohk xt0psk2 x3ct3a4 xdj266r x14z9mp xat24cr x1lziwak xexx8yu xyri2b x18d9i69 x1c1uobl x16tdsg8 x1hl2dhg xggy1nq x1a2a7pz xkrqix3 x1sur9pj x1fey0fg x1s688f\" tabindex=\"0\" role=\"link\" href=\"https:\/\/www.facebook.com\/hashtag\/informativoelvalledeaguascalientes?__eep__=6&amp;__cft__[0]=AZaSAnQRoyVHalthRgaMWcQtib7jDBljP0wd9_UVoLX_b8giA6oK9u63dnQdWOHEStlbv89OZz8ZfYrpENhWp45by04qSoZL4Dz7oSscrbGhvjyrGI5PFVLJSaUpEweyilJnoGsw0eXBhWkcoTiLC0a9KvHxYLcJo3hIrYvvAG4buOZBGtJm1bDbsqipyPVIdWU&amp;__tn__=*NK-R\">#informativoelvalledeaguascalientes<\/a><\/span><\/p>\n<p>&nbsp;<\/p>\n<p>&nbsp;<\/p>\n<p>* Las nuevas frecuencias volar\u00e1n tres veces por semana: martes, jueves y domingo, facilitando traslados \u00e1giles y accesibles tanto para viajeros corporativos como para quienes buscan opciones de descanso<br \/>\n* En la ruta Aguascalientes-Puerto Vallarta, los vuelos saldr\u00e1n a las 8:13 horas con llegada a las 9:10 horas; el regreso despegar\u00e1 a las 9:50 horas y aterrizar\u00e1 a las 10:46 horas<br \/>\n* Para Aguascalientes-Puebla, la salida ser\u00e1 a las 11:21 horas con arribo a las 12:35 horas; el vuelo de retorno partir\u00e1 a las 6:13 horas y llegar\u00e1 a las 7:31 horas<\/p>\n<p>&nbsp;<\/p>\n<p>A partir del 2 de junio de 2026, viajar a Puebla o Puerto Vallarta ser\u00e1 m\u00e1s r\u00e1pido, directo y accesible, gracias a la apertura de dos nuevas rutas a\u00e9reas de Volaris desde el Aeropuerto Internacional Jes\u00fas Ter\u00e1n Peredo.<\/p>\n<p>Las nuevas frecuencias volar\u00e1n tres veces por semana: martes, jueves y domingo, facilitando traslados \u00e1giles y accesibles tanto para viajeros corporativos como para quienes buscan opciones de descanso. La conexi\u00f3n con Puerto Vallarta responde a la creciente demanda de destinos de playa desde la regi\u00f3n del Baj\u00edo, mientras que Puebla representa un enlace estrat\u00e9gico para la actividad empresarial, industrial y cultural.<\/p>\n<p>En la ruta Aguascalientes-Puerto Vallarta, los vuelos saldr\u00e1n a las 8:13 horas con llegada a las 9:10 horas; el regreso despegar\u00e1 a las 9:50 horas y aterrizar\u00e1 a las 10:46 horas.<\/p>\n<p>Para Aguascalientes-Puebla, la salida ser\u00e1 a las 11:21 horas con arribo a las 12:35 horas; el vuelo de retorno partir\u00e1 a las 6:13 horas y llegar\u00e1 a las 7:31 horas.<\/p>\n<p>Esta expansi\u00f3n no solo impulsa el turismo y los negocios, tambi\u00e9n consolida a Aguascalientes como un punto estrat\u00e9gico de conexi\u00f3n nacional, resultado de una pol\u00edtica firme de movilidad y desarrollo encabezada por la gobernadora Tere Jim\u00e9nez, cuya visi\u00f3n de largo plazo apuesta por un estado m\u00e1s competitivo y plenamente conectado con los principales destinos nacionales e internacionales.<\/p>\n<p>La coordinaci\u00f3n entre el Gobierno del Estado, aerol\u00edneas y el Grupo Aeroportuario ha permitido avanzar en la ampliaci\u00f3n de rutas, especialmente en temporadas de alta afluencia como la Feria Nacional de San Marcos, las Vendimias de la Ruta del Vino y el Festival Cultural de Calaveras, eventos que atraen a miles de visitantes cada a\u00f1o.<\/p>\n","protected":false},"excerpt":{"rendered":"<p>#Aguascalientes #informativoelvalledeaguascalientesll \u00a0#novaradioaguascalientes #informativoelvalledeaguascalientes &nbsp; &nbsp; * Las nuevas frecuencias volar\u00e1n tres veces por semana: martes, jueves y domingo, facilitando traslados \u00e1giles y accesibles tanto para viajeros corporativos como para quienes buscan opciones de descanso * En la ruta Aguascalientes-Puerto Vallarta, los vuelos saldr\u00e1n a las 8:13 horas con llegada a las 9:10 horas; el [&hellip;]<\/p>\n","protected":false},"author":1,"featured_media":82127,"comment_status":"closed","ping_status":"open","sticky":false,"template":"","format":"standard","meta":{"advanced_seo_description":"","jetpack_seo_html_title":"","jetpack_seo_noindex":false,"_jetpack_memberships_contains_paid_content":false,"footnotes":"","jetpack_publicize_message":"","jetpack_publicize_feature_enabled":true,"jetpack_social_post_already_shared":true,"jetpack_social_options":{"image_generator_settings":{"template":"highway","default_image_id":0,"font":"","enabled":false},"version":2}},"categories":[21,4],"tags":[22,615],"class_list":["post-82126","post","type-post","status-publish","format-standard","has-post-thumbnail","hentry","category-aguascalientes","category-gobierno-del-estado-aguascalientes","tag-aguascalientes","tag-gobierno-del-estado-de-aguascalientes"],"jetpack_publicize_connections":[],"jetpack_featured_media_url":"https:\/\/i0.wp.com\/informativoelvalledeaguascalientes.online\/wp-content\/uploads\/2026\/02\/6357338d-a754-4c28-920d-6d61b7eeb0d9.jpg?fit=1322%2C1600&ssl=1","jetpack-related-posts":[],"jetpack_sharing_enabled":true,"jetpack_likes_enabled":true,"_links":{"self":[{"href":"https:\/\/informativoelvalledeaguascalientes.online\/index.php?rest_route=\/wp\/v2\/posts\/82126","targetHints":{"allow":["GET"]}}],"collection":[{"href":"https:\/\/informativoelvalledeaguascalientes.online\/index.php?rest_route=\/wp\/v2\/posts"}],"about":[{"href":"https:\/\/informativoelvalledeaguascalientes.online\/index.php?rest_route=\/wp\/v2\/types\/post"}],"author":[{"embeddable":true,"href":"https:\/\/informativoelvalledeaguascalientes.online\/index.php?rest_route=\/wp\/v2\/users\/1"}],"replies":[{"embeddable":true,"href":"https:\/\/informativoelvalledeaguascalientes.online\/index.php?rest_route=%2Fwp%2Fv2%2Fcomments&post=82126"}],"version-history":[{"count":1,"href":"https:\/\/informativoelvalledeaguascalientes.online\/index.php?rest_route=\/wp\/v2\/posts\/82126\/revisions"}],"predecessor-version":[{"id":82128,"href":"https:\/\/informativoelvalledeaguascalientes.online\/index.php?rest_route=\/wp\/v2\/posts\/82126\/revisions\/82128"}],"wp:featuredmedia":[{"embeddable":true,"href":"https:\/\/informativoelvalledeaguascalientes.online\/index.php?rest_route=\/wp\/v2\/media\/82127"}],"wp:attachment":[{"href":"https:\/\/informativoelvalledeaguascalientes.online\/index.php?rest_route=%2Fwp%2Fv2%2Fmedia&parent=82126"}],"wp:term":[{"taxonomy":"category","embeddable":true,"href":"https:\/\/informativoelvalledeaguascalientes.online\/index.php?rest_route=%2Fwp%2Fv2%2Fcategories&post=82126"},{"taxonomy":"post_tag","embeddable":true,"href":"https:\/\/informativoelvalledeaguascalientes.online\/index.php?rest_route=%2Fwp%2Fv2%2Ftags&post=82126"}],"curies":[{"name":"wp","href":"https:\/\/api.w.org\/{rel}","templated":true}]}}