{"id":82116,"date":"2026-02-03T22:19:02","date_gmt":"2026-02-04T04:19:02","guid":{"rendered":"https:\/\/informativoelvalledeaguascalientes.online\/?p=82116"},"modified":"2026-02-03T22:19:02","modified_gmt":"2026-02-04T04:19:02","slug":"tere-jimenez-reitera-su-respaldo-al-nuevo-coordinador-de-la-guardia-nacional-en-aguascalientes-isaac-aaron-jesus-garcia","status":"publish","type":"post","link":"https:\/\/informativoelvalledeaguascalientes.online\/?p=82116","title":{"rendered":"TERE JIM\u00c9NEZ REITERA SU RESPALDO AL NUEVO COORDINADOR DE LA GUARDIA NACIONAL EN AGUASCALIENTES, ISAAC AAR\u00d3N JES\u00daS GARC\u00cdA"},"content":{"rendered":"<p><span class=\"html-span xdj266r x14z9mp xat24cr x1lziwak xexx8yu xyri2b x18d9i69 x1c1uobl x1hl2dhg x16tdsg8 x1vvkbs\"><a class=\"x1i10hfl xjbqb8w x1ejq31n x18oe1m7 x1sy0etr xstzfhl x972fbf x10w94by x1qhh985 x14e42zd x9f619 x1ypdohk xt0psk2 x3ct3a4 xdj266r x14z9mp xat24cr x1lziwak xexx8yu xyri2b x18d9i69 x1c1uobl x16tdsg8 x1hl2dhg xggy1nq x1a2a7pz xkrqix3 x1sur9pj x1fey0fg x1s688f\" tabindex=\"0\" role=\"link\" href=\"https:\/\/www.facebook.com\/hashtag\/aguascalientes?__eep__=6&amp;__cft__[0]=AZaSAnQRoyVHalthRgaMWcQtib7jDBljP0wd9_UVoLX_b8giA6oK9u63dnQdWOHEStlbv89OZz8ZfYrpENhWp45by04qSoZL4Dz7oSscrbGhvjyrGI5PFVLJSaUpEweyilJnoGsw0eXBhWkcoTiLC0a9KvHxYLcJo3hIrYvvAG4buOZBGtJm1bDbsqipyPVIdWU&amp;__tn__=*NK-R\">#Aguascalientes<\/a><\/span> <span class=\"html-span xdj266r x14z9mp xat24cr x1lziwak xexx8yu xyri2b x18d9i69 x1c1uobl x1hl2dhg x16tdsg8 x1vvkbs\"><a class=\"x1i10hfl xjbqb8w x1ejq31n x18oe1m7 x1sy0etr xstzfhl x972fbf x10w94by x1qhh985 x14e42zd x9f619 x1ypdohk xt0psk2 x3ct3a4 xdj266r x14z9mp xat24cr x1lziwak xexx8yu xyri2b x18d9i69 x1c1uobl x16tdsg8 x1hl2dhg xggy1nq x1a2a7pz xkrqix3 x1sur9pj x1fey0fg x1s688f\" tabindex=\"0\" role=\"link\" href=\"https:\/\/www.facebook.com\/hashtag\/informativoelvalledeaguascalientesll?__eep__=6&amp;__cft__[0]=AZaSAnQRoyVHalthRgaMWcQtib7jDBljP0wd9_UVoLX_b8giA6oK9u63dnQdWOHEStlbv89OZz8ZfYrpENhWp45by04qSoZL4Dz7oSscrbGhvjyrGI5PFVLJSaUpEweyilJnoGsw0eXBhWkcoTiLC0a9KvHxYLcJo3hIrYvvAG4buOZBGtJm1bDbsqipyPVIdWU&amp;__tn__=*NK-R\">#informativoelvalledeaguascalientesll<\/a><\/span> \u00a0<span class=\"html-span xdj266r x14z9mp xat24cr x1lziwak xexx8yu xyri2b x18d9i69 x1c1uobl x1hl2dhg x16tdsg8 x1vvkbs\"><a class=\"x1i10hfl xjbqb8w x1ejq31n x18oe1m7 x1sy0etr xstzfhl x972fbf x10w94by x1qhh985 x14e42zd x9f619 x1ypdohk xt0psk2 x3ct3a4 xdj266r x14z9mp xat24cr x1lziwak xexx8yu xyri2b x18d9i69 x1c1uobl x16tdsg8 x1hl2dhg xggy1nq x1a2a7pz xkrqix3 x1sur9pj x1fey0fg x1s688f\" tabindex=\"0\" role=\"link\" href=\"https:\/\/www.facebook.com\/hashtag\/novaradioaguascalientes?__eep__=6&amp;__cft__[0]=AZaSAnQRoyVHalthRgaMWcQtib7jDBljP0wd9_UVoLX_b8giA6oK9u63dnQdWOHEStlbv89OZz8ZfYrpENhWp45by04qSoZL4Dz7oSscrbGhvjyrGI5PFVLJSaUpEweyilJnoGsw0eXBhWkcoTiLC0a9KvHxYLcJo3hIrYvvAG4buOZBGtJm1bDbsqipyPVIdWU&amp;__tn__=*NK-R\">#novaradioaguascalientes<\/a><\/span> <span class=\"html-span xdj266r x14z9mp xat24cr x1lziwak xexx8yu xyri2b x18d9i69 x1c1uobl x1hl2dhg x16tdsg8 x1vvkbs\"><a class=\"x1i10hfl xjbqb8w x1ejq31n x18oe1m7 x1sy0etr xstzfhl x972fbf x10w94by x1qhh985 x14e42zd x9f619 x1ypdohk xt0psk2 x3ct3a4 xdj266r x14z9mp xat24cr x1lziwak xexx8yu xyri2b x18d9i69 x1c1uobl x16tdsg8 x1hl2dhg xggy1nq x1a2a7pz xkrqix3 x1sur9pj x1fey0fg x1s688f\" tabindex=\"0\" role=\"link\" href=\"https:\/\/www.facebook.com\/hashtag\/informativoelvalledeaguascalientes?__eep__=6&amp;__cft__[0]=AZaSAnQRoyVHalthRgaMWcQtib7jDBljP0wd9_UVoLX_b8giA6oK9u63dnQdWOHEStlbv89OZz8ZfYrpENhWp45by04qSoZL4Dz7oSscrbGhvjyrGI5PFVLJSaUpEweyilJnoGsw0eXBhWkcoTiLC0a9KvHxYLcJo3hIrYvvAG4buOZBGtJm1bDbsqipyPVIdWU&amp;__tn__=*NK-R\">#informativoelvalledeaguascalientes<\/a><\/span><\/p>\n<p>&nbsp;<\/p>\n<p>* La gobernadora reafirm\u00f3 su disposici\u00f3n de mantener un trabajo coordinado para garantizar un entorno de paz y tranquilidad en la entidad<\/p>\n<p>&nbsp;<\/p>\n<p>La gobernadora de Aguascalientes, Tere Jim\u00e9nez, encabez\u00f3 la toma de protesta del General de Brigada Guardia Nacional de Estado Mayor Isaac Aar\u00f3n Jes\u00fas Garc\u00eda, como nuevo coordinador estatal de la Guardia Nacional en la entidad, a quien le expres\u00f3 su disposici\u00f3n de mantener un trabajo conjunto para salvaguardar la paz y la tranquilidad de las familias hidroc\u00e1lidas.<\/p>\n<p>\u201cSeguiremos trabajando de manera coordinada, ya que la colaboraci\u00f3n entre los tres niveles de gobierno es fundamental para garantizar la paz y la tranquilidad de la poblaci\u00f3n\u201d, subray\u00f3 la gobernadora.<\/p>\n<p>Asimismo, Tere Jim\u00e9nez reconoci\u00f3 la labor que realizan los elementos de la Guardia Nacional en Aguascalientes; los exhort\u00f3 a no bajar la guardia y a mantenerse en capacitaci\u00f3n constante para dar siempre los mejores resultados.<\/p>\n<p>\u201cCuentan conmigo siempre; desde el Gobierno del Estado haremos lo que nos toca para que, juntos, podamos blindar a Aguascalientes y lograr que siga siendo el mejor lugar para vivir e invertir\u201d, les dijo.<\/p>\n<p>Tras rendir protesta como nuevo coordinador estatal de la Guardia Nacional en Aguascalientes, Isaac Aar\u00f3n Jes\u00fas Garc\u00eda expres\u00f3 su compromiso con esta entidad y asegur\u00f3 que dar\u00e1 continuidad a los planes y estrategias de seguridad que se desarrollan en coordinaci\u00f3n con el estado y municipios.<\/p>\n<p>En el evento que se realiz\u00f3 en las instalaciones de la Guardia Nacional en Aguascalientes, tambi\u00e9n estuvieron presentes el general Gerardo Serna Melchor, coordinador territorial de la Guardia Nacional Regi\u00f3n Centro-Norte; \u00c1lvaro Javier Ju\u00e1rez V\u00e1zquez, comandante de la 14\/a. Zona Militar; Mar\u00eda Jos\u00e9 Ocampo V\u00e1zquez, magistrada presidenta del Supremo Tribunal de Justicia del Estado; Jos\u00e9 Trinidad Romo Mar\u00edn, presidente de la Mesa Directiva del H. Congreso del Estado; Maribel Ch\u00e1vez Arriaga, delegada de la Fiscal\u00eda General de la Rep\u00fablica en Aguascalientes; Jos\u00e9 Antonio Orta, vicefiscal del Estado de Aguascalientes; Antonio Mart\u00ednez Romo, secretario de Seguridad P\u00fablica del Estado; Karla Martorell Moya, coordinadora de la Mesa Ciudadana de Seguridad y Justicia de Aguascalientes; y Leonardo Monta\u00f1ez Castro, presidente municipal de Aguascalientes, entre otras autoridades civiles y militares.<\/p>\n","protected":false},"excerpt":{"rendered":"<p>#Aguascalientes #informativoelvalledeaguascalientesll \u00a0#novaradioaguascalientes #informativoelvalledeaguascalientes &nbsp; * La gobernadora reafirm\u00f3 su disposici\u00f3n de mantener un trabajo coordinado para garantizar un entorno de paz y tranquilidad en la entidad &nbsp; La gobernadora de Aguascalientes, Tere Jim\u00e9nez, encabez\u00f3 la toma de protesta del General de Brigada Guardia Nacional de Estado Mayor Isaac Aar\u00f3n Jes\u00fas Garc\u00eda, como nuevo coordinador [&hellip;]<\/p>\n","protected":false},"author":1,"featured_media":82117,"comment_status":"closed","ping_status":"open","sticky":false,"template":"","format":"standard","meta":{"advanced_seo_description":"","jetpack_seo_html_title":"","jetpack_seo_noindex":false,"_jetpack_memberships_contains_paid_content":false,"footnotes":"","jetpack_publicize_message":"","jetpack_publicize_feature_enabled":true,"jetpack_social_post_already_shared":true,"jetpack_social_options":{"image_generator_settings":{"template":"highway","default_image_id":0,"font":"","enabled":false},"version":2}},"categories":[21,4],"tags":[22,615,320],"class_list":["post-82116","post","type-post","status-publish","format-standard","has-post-thumbnail","hentry","category-aguascalientes","category-gobierno-del-estado-aguascalientes","tag-aguascalientes","tag-gobierno-del-estado-de-aguascalientes","tag-tere-jimenez"],"jetpack_publicize_connections":[],"jetpack_featured_media_url":"https:\/\/i0.wp.com\/informativoelvalledeaguascalientes.online\/wp-content\/uploads\/2026\/02\/0589611a-ee46-49a2-ab10-4bc43d43986b.jpg?fit=1440%2C960&ssl=1","jetpack-related-posts":[],"jetpack_sharing_enabled":true,"jetpack_likes_enabled":true,"_links":{"self":[{"href":"https:\/\/informativoelvalledeaguascalientes.online\/index.php?rest_route=\/wp\/v2\/posts\/82116","targetHints":{"allow":["GET"]}}],"collection":[{"href":"https:\/\/informativoelvalledeaguascalientes.online\/index.php?rest_route=\/wp\/v2\/posts"}],"about":[{"href":"https:\/\/informativoelvalledeaguascalientes.online\/index.php?rest_route=\/wp\/v2\/types\/post"}],"author":[{"embeddable":true,"href":"https:\/\/informativoelvalledeaguascalientes.online\/index.php?rest_route=\/wp\/v2\/users\/1"}],"replies":[{"embeddable":true,"href":"https:\/\/informativoelvalledeaguascalientes.online\/index.php?rest_route=%2Fwp%2Fv2%2Fcomments&post=82116"}],"version-history":[{"count":1,"href":"https:\/\/informativoelvalledeaguascalientes.online\/index.php?rest_route=\/wp\/v2\/posts\/82116\/revisions"}],"predecessor-version":[{"id":82118,"href":"https:\/\/informativoelvalledeaguascalientes.online\/index.php?rest_route=\/wp\/v2\/posts\/82116\/revisions\/82118"}],"wp:featuredmedia":[{"embeddable":true,"href":"https:\/\/informativoelvalledeaguascalientes.online\/index.php?rest_route=\/wp\/v2\/media\/82117"}],"wp:attachment":[{"href":"https:\/\/informativoelvalledeaguascalientes.online\/index.php?rest_route=%2Fwp%2Fv2%2Fmedia&parent=82116"}],"wp:term":[{"taxonomy":"category","embeddable":true,"href":"https:\/\/informativoelvalledeaguascalientes.online\/index.php?rest_route=%2Fwp%2Fv2%2Fcategories&post=82116"},{"taxonomy":"post_tag","embeddable":true,"href":"https:\/\/informativoelvalledeaguascalientes.online\/index.php?rest_route=%2Fwp%2Fv2%2Ftags&post=82116"}],"curies":[{"name":"wp","href":"https:\/\/api.w.org\/{rel}","templated":true}]}}