{"id":82067,"date":"2026-02-01T21:24:07","date_gmt":"2026-02-02T03:24:07","guid":{"rendered":"https:\/\/informativoelvalledeaguascalientes.online\/?p=82067"},"modified":"2026-02-03T21:26:06","modified_gmt":"2026-02-04T03:26:06","slug":"visita-los-alamitos-en-la-sierra-fria-naturaleza-talleres-y-experiencias-unicas","status":"publish","type":"post","link":"https:\/\/informativoelvalledeaguascalientes.online\/?p=82067","title":{"rendered":"VISITA LOS ALAMITOS EN LA SIERRA FR\u00cdA: NATURALEZA, TALLERES Y EXPERIENCIAS \u00daNICAS"},"content":{"rendered":"<p><span class=\"html-span xdj266r x14z9mp xat24cr x1lziwak xexx8yu xyri2b x18d9i69 x1c1uobl x1hl2dhg x16tdsg8 x1vvkbs\"><a class=\"x1i10hfl xjbqb8w x1ejq31n x18oe1m7 x1sy0etr xstzfhl x972fbf x10w94by x1qhh985 x14e42zd x9f619 x1ypdohk xt0psk2 x3ct3a4 xdj266r x14z9mp xat24cr x1lziwak xexx8yu xyri2b x18d9i69 x1c1uobl x16tdsg8 x1hl2dhg xggy1nq x1a2a7pz xkrqix3 x1sur9pj x1fey0fg x1s688f\" tabindex=\"0\" role=\"link\" href=\"https:\/\/www.facebook.com\/hashtag\/aguascalientes?__eep__=6&amp;__cft__[0]=AZaSAnQRoyVHalthRgaMWcQtib7jDBljP0wd9_UVoLX_b8giA6oK9u63dnQdWOHEStlbv89OZz8ZfYrpENhWp45by04qSoZL4Dz7oSscrbGhvjyrGI5PFVLJSaUpEweyilJnoGsw0eXBhWkcoTiLC0a9KvHxYLcJo3hIrYvvAG4buOZBGtJm1bDbsqipyPVIdWU&amp;__tn__=*NK-R\">#Aguascalientes<\/a><\/span> <span class=\"html-span xdj266r x14z9mp xat24cr x1lziwak xexx8yu xyri2b x18d9i69 x1c1uobl x1hl2dhg x16tdsg8 x1vvkbs\"><a class=\"x1i10hfl xjbqb8w x1ejq31n x18oe1m7 x1sy0etr xstzfhl x972fbf x10w94by x1qhh985 x14e42zd x9f619 x1ypdohk xt0psk2 x3ct3a4 xdj266r x14z9mp xat24cr x1lziwak xexx8yu xyri2b x18d9i69 x1c1uobl x16tdsg8 x1hl2dhg xggy1nq x1a2a7pz xkrqix3 x1sur9pj x1fey0fg x1s688f\" tabindex=\"0\" role=\"link\" href=\"https:\/\/www.facebook.com\/hashtag\/informativoelvalledeaguascalientesll?__eep__=6&amp;__cft__[0]=AZaSAnQRoyVHalthRgaMWcQtib7jDBljP0wd9_UVoLX_b8giA6oK9u63dnQdWOHEStlbv89OZz8ZfYrpENhWp45by04qSoZL4Dz7oSscrbGhvjyrGI5PFVLJSaUpEweyilJnoGsw0eXBhWkcoTiLC0a9KvHxYLcJo3hIrYvvAG4buOZBGtJm1bDbsqipyPVIdWU&amp;__tn__=*NK-R\">#informativoelvalledeaguascalientesll<\/a><\/span> \u00a0<span class=\"html-span xdj266r x14z9mp xat24cr x1lziwak xexx8yu xyri2b x18d9i69 x1c1uobl x1hl2dhg x16tdsg8 x1vvkbs\"><a class=\"x1i10hfl xjbqb8w x1ejq31n x18oe1m7 x1sy0etr xstzfhl x972fbf x10w94by x1qhh985 x14e42zd x9f619 x1ypdohk xt0psk2 x3ct3a4 xdj266r x14z9mp xat24cr x1lziwak xexx8yu xyri2b x18d9i69 x1c1uobl x16tdsg8 x1hl2dhg xggy1nq x1a2a7pz xkrqix3 x1sur9pj x1fey0fg x1s688f\" tabindex=\"0\" role=\"link\" href=\"https:\/\/www.facebook.com\/hashtag\/novaradioaguascalientes?__eep__=6&amp;__cft__[0]=AZaSAnQRoyVHalthRgaMWcQtib7jDBljP0wd9_UVoLX_b8giA6oK9u63dnQdWOHEStlbv89OZz8ZfYrpENhWp45by04qSoZL4Dz7oSscrbGhvjyrGI5PFVLJSaUpEweyilJnoGsw0eXBhWkcoTiLC0a9KvHxYLcJo3hIrYvvAG4buOZBGtJm1bDbsqipyPVIdWU&amp;__tn__=*NK-R\">#novaradioaguascalientes<\/a><\/span> <span class=\"html-span xdj266r x14z9mp xat24cr x1lziwak xexx8yu xyri2b x18d9i69 x1c1uobl x1hl2dhg x16tdsg8 x1vvkbs\"><a class=\"x1i10hfl xjbqb8w x1ejq31n x18oe1m7 x1sy0etr xstzfhl x972fbf x10w94by x1qhh985 x14e42zd x9f619 x1ypdohk xt0psk2 x3ct3a4 xdj266r x14z9mp xat24cr x1lziwak xexx8yu xyri2b x18d9i69 x1c1uobl x16tdsg8 x1hl2dhg xggy1nq x1a2a7pz xkrqix3 x1sur9pj x1fey0fg x1s688f\" tabindex=\"0\" role=\"link\" href=\"https:\/\/www.facebook.com\/hashtag\/informativoelvalledeaguascalientes?__eep__=6&amp;__cft__[0]=AZaSAnQRoyVHalthRgaMWcQtib7jDBljP0wd9_UVoLX_b8giA6oK9u63dnQdWOHEStlbv89OZz8ZfYrpENhWp45by04qSoZL4Dz7oSscrbGhvjyrGI5PFVLJSaUpEweyilJnoGsw0eXBhWkcoTiLC0a9KvHxYLcJo3hIrYvvAG4buOZBGtJm1bDbsqipyPVIdWU&amp;__tn__=*NK-R\">#informativoelvalledeaguascalientes<\/a><\/span><\/p>\n<p>&nbsp;<\/p>\n<p>* Se reciben grupos escolares, empresas y familias, quienes aprenden sobre la importancia de cuidar los recursos naturales a trav\u00e9s de talleres, programas especializados y senderos interpretativos<br \/>\n* Ubicado en San Jos\u00e9 de Gracia, en el kil\u00f3metro 5.5 de la carretera La Congoja &#8211; El Temazcal<br \/>\n* Los interesados en agendar su visita pueden comunicarse al 449 138 15 30, de lunes a viernes, en un horario de 8:00 a 15:00 horas<\/p>\n<p>En el coraz\u00f3n de la Sierra Fr\u00eda se encuentra el Centro de Educaci\u00f3n Ambiental e Investigaci\u00f3n (CEAI) Los Alamitos, un espacio dedicado a sensibilizar a los visitantes sobre la importancia de cuidar los recursos naturales mediante talleres, programas especializados de educaci\u00f3n ambiental y senderos interpretativos.<\/p>\n<p>Est\u00e1 ubicado en San Jos\u00e9 de Gracia, en el kil\u00f3metro 5.5 de la carretera La Congoja &#8211; El Temazcal; el centro cuenta con instalaciones que favorecen el aprendizaje y la convivencia: caba\u00f1as, sal\u00f3n de usos m\u00faltiples, teatro al aire libre, \u00e1reas para fogatas y un jard\u00edn bot\u00e1nico que alberga especies como biznagas, yucas, cardenches, magueyes, entre otros, representativas del paisaje de la Sierra Fr\u00eda.<\/p>\n<p>Durante 2025, Los Alamitos recibi\u00f3 a grupos escolares, familias y empresas, quienes participaron en diversas actividades y tuvieron la oportunidad de conocer la riqueza del ecosistema local, donde habitan especies de fauna, como el p\u00e1jaro azul, venado cola blanca, lince, jabal\u00ed de collar y halc\u00f3n cola roja, entre muchos otros. Tambi\u00e9n pudieron apreciar una amplia variedad de \u00e1rboles como pino, encino, fresno y cedro, adem\u00e1s de la flora caracter\u00edstica de la regi\u00f3n.<\/p>\n<p>La titular de la Secretar\u00eda de Sustentabilidad, Medio Ambiente y Agua (SSMAA), Sarahi Mac\u00edas Alicea, destac\u00f3 el papel fundamental del centro al se\u00f1alar: \u201cLos Alamitos, adem\u00e1s de ser un espacio muy bonito, es la manifestaci\u00f3n de la voluntad firme de Aguascalientes por promover el cuidado ambiental y proteger su tesoro natural: la Sierra Fr\u00eda, un patrimonio que compartimos y cuidamos entre todos\u201d, sostuvo.<br \/>\nFinalmente resalt\u00f3 que, para la gobernadora Tere Jim\u00e9nez, estos espacios son esenciales, pues educan e inspiran a las nuevas generaciones sobre la protecci\u00f3n de los recursos naturales y fortalecen el compromiso por un Aguascalientes m\u00e1s verde.<\/p>\n<p>Los grupos escolares, empresas o p\u00fablico en general interesados en agendar su visita para 2026 pueden comunicarse al 449 138 15 30, de lunes a viernes, en un horario de 8:00 a 15:00 horas. Se reciben grupos de entre 20 y 40 personas. \u00a1Ven y disfruta de esta experiencia \u00fanica!<\/p>\n","protected":false},"excerpt":{"rendered":"<p>#Aguascalientes #informativoelvalledeaguascalientesll \u00a0#novaradioaguascalientes #informativoelvalledeaguascalientes &nbsp; * Se reciben grupos escolares, empresas y familias, quienes aprenden sobre la importancia de cuidar los recursos naturales a trav\u00e9s de talleres, programas especializados y senderos interpretativos * Ubicado en San Jos\u00e9 de Gracia, en el kil\u00f3metro 5.5 de la carretera La Congoja &#8211; El Temazcal * Los interesados en [&hellip;]<\/p>\n","protected":false},"author":1,"featured_media":82068,"comment_status":"closed","ping_status":"open","sticky":false,"template":"","format":"standard","meta":{"advanced_seo_description":"","jetpack_seo_html_title":"","jetpack_seo_noindex":false,"_jetpack_memberships_contains_paid_content":false,"footnotes":"","jetpack_publicize_message":"","jetpack_publicize_feature_enabled":true,"jetpack_social_post_already_shared":true,"jetpack_social_options":{"image_generator_settings":{"template":"highway","default_image_id":0,"font":"","enabled":false},"version":2}},"categories":[21,4],"tags":[22,615,167],"class_list":["post-82067","post","type-post","status-publish","format-standard","has-post-thumbnail","hentry","category-aguascalientes","category-gobierno-del-estado-aguascalientes","tag-aguascalientes","tag-gobierno-del-estado-de-aguascalientes","tag-ssmaa"],"jetpack_publicize_connections":[],"jetpack_featured_media_url":"https:\/\/i0.wp.com\/informativoelvalledeaguascalientes.online\/wp-content\/uploads\/2026\/02\/795052a5-c4ca-4d76-8a49-87d3047091d7.jpg?fit=1280%2C960&ssl=1","jetpack-related-posts":[],"jetpack_sharing_enabled":true,"jetpack_likes_enabled":true,"_links":{"self":[{"href":"https:\/\/informativoelvalledeaguascalientes.online\/index.php?rest_route=\/wp\/v2\/posts\/82067","targetHints":{"allow":["GET"]}}],"collection":[{"href":"https:\/\/informativoelvalledeaguascalientes.online\/index.php?rest_route=\/wp\/v2\/posts"}],"about":[{"href":"https:\/\/informativoelvalledeaguascalientes.online\/index.php?rest_route=\/wp\/v2\/types\/post"}],"author":[{"embeddable":true,"href":"https:\/\/informativoelvalledeaguascalientes.online\/index.php?rest_route=\/wp\/v2\/users\/1"}],"replies":[{"embeddable":true,"href":"https:\/\/informativoelvalledeaguascalientes.online\/index.php?rest_route=%2Fwp%2Fv2%2Fcomments&post=82067"}],"version-history":[{"count":1,"href":"https:\/\/informativoelvalledeaguascalientes.online\/index.php?rest_route=\/wp\/v2\/posts\/82067\/revisions"}],"predecessor-version":[{"id":82069,"href":"https:\/\/informativoelvalledeaguascalientes.online\/index.php?rest_route=\/wp\/v2\/posts\/82067\/revisions\/82069"}],"wp:featuredmedia":[{"embeddable":true,"href":"https:\/\/informativoelvalledeaguascalientes.online\/index.php?rest_route=\/wp\/v2\/media\/82068"}],"wp:attachment":[{"href":"https:\/\/informativoelvalledeaguascalientes.online\/index.php?rest_route=%2Fwp%2Fv2%2Fmedia&parent=82067"}],"wp:term":[{"taxonomy":"category","embeddable":true,"href":"https:\/\/informativoelvalledeaguascalientes.online\/index.php?rest_route=%2Fwp%2Fv2%2Fcategories&post=82067"},{"taxonomy":"post_tag","embeddable":true,"href":"https:\/\/informativoelvalledeaguascalientes.online\/index.php?rest_route=%2Fwp%2Fv2%2Ftags&post=82067"}],"curies":[{"name":"wp","href":"https:\/\/api.w.org\/{rel}","templated":true}]}}