{"id":82055,"date":"2026-01-30T20:05:05","date_gmt":"2026-01-31T02:05:05","guid":{"rendered":"https:\/\/informativoelvalledeaguascalientes.online\/?p=82055"},"modified":"2026-02-03T20:06:20","modified_gmt":"2026-02-04T02:06:20","slug":"tere-jimenez-se-reune-con-el-ministro-de-la-suprema-corte-de-justicia-de-la-nacion-irving-espinosa","status":"publish","type":"post","link":"https:\/\/informativoelvalledeaguascalientes.online\/?p=82055","title":{"rendered":"TERE JIM\u00c9NEZ SE RE\u00daNE CON EL MINISTRO DE LA SUPREMA CORTE DE JUSTICIA DE LA NACI\u00d3N, IRVING ESPINOSA"},"content":{"rendered":"<p><span class=\"html-span xdj266r x14z9mp xat24cr x1lziwak xexx8yu xyri2b x18d9i69 x1c1uobl x1hl2dhg x16tdsg8 x1vvkbs\"><a class=\"x1i10hfl xjbqb8w x1ejq31n x18oe1m7 x1sy0etr xstzfhl x972fbf x10w94by x1qhh985 x14e42zd x9f619 x1ypdohk xt0psk2 x3ct3a4 xdj266r x14z9mp xat24cr x1lziwak xexx8yu xyri2b x18d9i69 x1c1uobl x16tdsg8 x1hl2dhg xggy1nq x1a2a7pz xkrqix3 x1sur9pj x1fey0fg x1s688f\" tabindex=\"0\" role=\"link\" href=\"https:\/\/www.facebook.com\/hashtag\/aguascalientes?__eep__=6&amp;__cft__[0]=AZaSAnQRoyVHalthRgaMWcQtib7jDBljP0wd9_UVoLX_b8giA6oK9u63dnQdWOHEStlbv89OZz8ZfYrpENhWp45by04qSoZL4Dz7oSscrbGhvjyrGI5PFVLJSaUpEweyilJnoGsw0eXBhWkcoTiLC0a9KvHxYLcJo3hIrYvvAG4buOZBGtJm1bDbsqipyPVIdWU&amp;__tn__=*NK-R\">#Aguascalientes<\/a><\/span> <span class=\"html-span xdj266r x14z9mp xat24cr x1lziwak xexx8yu xyri2b x18d9i69 x1c1uobl x1hl2dhg x16tdsg8 x1vvkbs\"><a class=\"x1i10hfl xjbqb8w x1ejq31n x18oe1m7 x1sy0etr xstzfhl x972fbf x10w94by x1qhh985 x14e42zd x9f619 x1ypdohk xt0psk2 x3ct3a4 xdj266r x14z9mp xat24cr x1lziwak xexx8yu xyri2b x18d9i69 x1c1uobl x16tdsg8 x1hl2dhg xggy1nq x1a2a7pz xkrqix3 x1sur9pj x1fey0fg x1s688f\" tabindex=\"0\" role=\"link\" href=\"https:\/\/www.facebook.com\/hashtag\/informativoelvalledeaguascalientesll?__eep__=6&amp;__cft__[0]=AZaSAnQRoyVHalthRgaMWcQtib7jDBljP0wd9_UVoLX_b8giA6oK9u63dnQdWOHEStlbv89OZz8ZfYrpENhWp45by04qSoZL4Dz7oSscrbGhvjyrGI5PFVLJSaUpEweyilJnoGsw0eXBhWkcoTiLC0a9KvHxYLcJo3hIrYvvAG4buOZBGtJm1bDbsqipyPVIdWU&amp;__tn__=*NK-R\">#informativoelvalledeaguascalientesll<\/a><\/span> \u00a0<span class=\"html-span xdj266r x14z9mp xat24cr x1lziwak xexx8yu xyri2b x18d9i69 x1c1uobl x1hl2dhg x16tdsg8 x1vvkbs\"><a class=\"x1i10hfl xjbqb8w x1ejq31n x18oe1m7 x1sy0etr xstzfhl x972fbf x10w94by x1qhh985 x14e42zd x9f619 x1ypdohk xt0psk2 x3ct3a4 xdj266r x14z9mp xat24cr x1lziwak xexx8yu xyri2b x18d9i69 x1c1uobl x16tdsg8 x1hl2dhg xggy1nq x1a2a7pz xkrqix3 x1sur9pj x1fey0fg x1s688f\" tabindex=\"0\" role=\"link\" href=\"https:\/\/www.facebook.com\/hashtag\/novaradioaguascalientes?__eep__=6&amp;__cft__[0]=AZaSAnQRoyVHalthRgaMWcQtib7jDBljP0wd9_UVoLX_b8giA6oK9u63dnQdWOHEStlbv89OZz8ZfYrpENhWp45by04qSoZL4Dz7oSscrbGhvjyrGI5PFVLJSaUpEweyilJnoGsw0eXBhWkcoTiLC0a9KvHxYLcJo3hIrYvvAG4buOZBGtJm1bDbsqipyPVIdWU&amp;__tn__=*NK-R\">#novaradioaguascalientes<\/a><\/span> <span class=\"html-span xdj266r x14z9mp xat24cr x1lziwak xexx8yu xyri2b x18d9i69 x1c1uobl x1hl2dhg x16tdsg8 x1vvkbs\"><a class=\"x1i10hfl xjbqb8w x1ejq31n x18oe1m7 x1sy0etr xstzfhl x972fbf x10w94by x1qhh985 x14e42zd x9f619 x1ypdohk xt0psk2 x3ct3a4 xdj266r x14z9mp xat24cr x1lziwak xexx8yu xyri2b x18d9i69 x1c1uobl x16tdsg8 x1hl2dhg xggy1nq x1a2a7pz xkrqix3 x1sur9pj x1fey0fg x1s688f\" tabindex=\"0\" role=\"link\" href=\"https:\/\/www.facebook.com\/hashtag\/informativoelvalledeaguascalientes?__eep__=6&amp;__cft__[0]=AZaSAnQRoyVHalthRgaMWcQtib7jDBljP0wd9_UVoLX_b8giA6oK9u63dnQdWOHEStlbv89OZz8ZfYrpENhWp45by04qSoZL4Dz7oSscrbGhvjyrGI5PFVLJSaUpEweyilJnoGsw0eXBhWkcoTiLC0a9KvHxYLcJo3hIrYvvAG4buOZBGtJm1bDbsqipyPVIdWU&amp;__tn__=*NK-R\">#informativoelvalledeaguascalientes<\/a><\/span><\/p>\n<p>&nbsp;<\/p>\n<p>La gobernadora Tere Jim\u00e9nez sostuvo una reuni\u00f3n de trabajo con Irving Espinosa Betanzo, ministro de la Suprema Corte de Justicia de la Naci\u00f3n (SCJN), en la que dialogaron sobre la labor que se realiza en Aguascalientes para fortalecer el estado de derecho y fomentar una cultura de respeto a la legalidad.<\/p>\n<p>Reconocieron la importancia de mantener una comunicaci\u00f3n y colaboraci\u00f3n permanentes entre los distintos Poderes de gobierno, por ser fundamentales para consolidar un marco jur\u00eddico s\u00f3lido y confiable en beneficio de toda la sociedad.<\/p>\n<p>Ambos acordaron seguir trabajando con responsabilidad y visi\u00f3n institucional en favor de la justicia en M\u00e9xico y de las y los ciudadanos.<\/p>\n","protected":false},"excerpt":{"rendered":"<p>#Aguascalientes #informativoelvalledeaguascalientesll \u00a0#novaradioaguascalientes #informativoelvalledeaguascalientes &nbsp; La gobernadora Tere Jim\u00e9nez sostuvo una reuni\u00f3n de trabajo con Irving Espinosa Betanzo, ministro de la Suprema Corte de Justicia de la Naci\u00f3n (SCJN), en la que dialogaron sobre la labor que se realiza en Aguascalientes para fortalecer el estado de derecho y fomentar una cultura de respeto a la [&hellip;]<\/p>\n","protected":false},"author":1,"featured_media":82056,"comment_status":"closed","ping_status":"open","sticky":false,"template":"","format":"standard","meta":{"advanced_seo_description":"","jetpack_seo_html_title":"","jetpack_seo_noindex":false,"_jetpack_memberships_contains_paid_content":false,"footnotes":"","jetpack_publicize_message":"","jetpack_publicize_feature_enabled":true,"jetpack_social_post_already_shared":true,"jetpack_social_options":{"image_generator_settings":{"template":"highway","default_image_id":0,"font":"","enabled":false},"version":2}},"categories":[21,4],"tags":[22,615,320],"class_list":["post-82055","post","type-post","status-publish","format-standard","has-post-thumbnail","hentry","category-aguascalientes","category-gobierno-del-estado-aguascalientes","tag-aguascalientes","tag-gobierno-del-estado-de-aguascalientes","tag-tere-jimenez"],"jetpack_publicize_connections":[],"jetpack_featured_media_url":"https:\/\/i0.wp.com\/informativoelvalledeaguascalientes.online\/wp-content\/uploads\/2026\/02\/1287ee1a-27a0-4bcb-ab43-7339bb1d9060.jpg?fit=701%2C540&ssl=1","jetpack-related-posts":[],"jetpack_sharing_enabled":true,"jetpack_likes_enabled":true,"_links":{"self":[{"href":"https:\/\/informativoelvalledeaguascalientes.online\/index.php?rest_route=\/wp\/v2\/posts\/82055","targetHints":{"allow":["GET"]}}],"collection":[{"href":"https:\/\/informativoelvalledeaguascalientes.online\/index.php?rest_route=\/wp\/v2\/posts"}],"about":[{"href":"https:\/\/informativoelvalledeaguascalientes.online\/index.php?rest_route=\/wp\/v2\/types\/post"}],"author":[{"embeddable":true,"href":"https:\/\/informativoelvalledeaguascalientes.online\/index.php?rest_route=\/wp\/v2\/users\/1"}],"replies":[{"embeddable":true,"href":"https:\/\/informativoelvalledeaguascalientes.online\/index.php?rest_route=%2Fwp%2Fv2%2Fcomments&post=82055"}],"version-history":[{"count":1,"href":"https:\/\/informativoelvalledeaguascalientes.online\/index.php?rest_route=\/wp\/v2\/posts\/82055\/revisions"}],"predecessor-version":[{"id":82057,"href":"https:\/\/informativoelvalledeaguascalientes.online\/index.php?rest_route=\/wp\/v2\/posts\/82055\/revisions\/82057"}],"wp:featuredmedia":[{"embeddable":true,"href":"https:\/\/informativoelvalledeaguascalientes.online\/index.php?rest_route=\/wp\/v2\/media\/82056"}],"wp:attachment":[{"href":"https:\/\/informativoelvalledeaguascalientes.online\/index.php?rest_route=%2Fwp%2Fv2%2Fmedia&parent=82055"}],"wp:term":[{"taxonomy":"category","embeddable":true,"href":"https:\/\/informativoelvalledeaguascalientes.online\/index.php?rest_route=%2Fwp%2Fv2%2Fcategories&post=82055"},{"taxonomy":"post_tag","embeddable":true,"href":"https:\/\/informativoelvalledeaguascalientes.online\/index.php?rest_route=%2Fwp%2Fv2%2Ftags&post=82055"}],"curies":[{"name":"wp","href":"https:\/\/api.w.org\/{rel}","templated":true}]}}