{"id":82039,"date":"2026-01-29T00:32:25","date_gmt":"2026-01-29T06:32:25","guid":{"rendered":"https:\/\/informativoelvalledeaguascalientes.online\/?p=82039"},"modified":"2026-01-30T00:33:57","modified_gmt":"2026-01-30T06:33:57","slug":"gobierno-municipal-de-jesus-maria-realiza-feria-del-medio-ambiente-con-participacion-de-mas-de-650-estudiantes","status":"publish","type":"post","link":"https:\/\/informativoelvalledeaguascalientes.online\/?p=82039","title":{"rendered":"GOBIERNO MUNICIPAL DE JES\u00daS MAR\u00cdA REALIZA FERIA DEL MEDIO AMBIENTE CON PARTICIPACI\u00d3N DE M\u00c1S DE 650 ESTUDIANTES"},"content":{"rendered":"<p><span class=\"html-span xdj266r x14z9mp xat24cr x1lziwak xexx8yu xyri2b x18d9i69 x1c1uobl x1hl2dhg x16tdsg8 x1vvkbs\"><a class=\"x1i10hfl xjbqb8w x1ejq31n x18oe1m7 x1sy0etr xstzfhl x972fbf x10w94by x1qhh985 x14e42zd x9f619 x1ypdohk xt0psk2 x3ct3a4 xdj266r x14z9mp xat24cr x1lziwak xexx8yu xyri2b x18d9i69 x1c1uobl x16tdsg8 x1hl2dhg xggy1nq x1a2a7pz xkrqix3 x1sur9pj x1fey0fg x1s688f\" tabindex=\"0\" role=\"link\" href=\"https:\/\/www.facebook.com\/hashtag\/aguascalientes?__eep__=6&amp;__cft__[0]=AZaSAnQRoyVHalthRgaMWcQtib7jDBljP0wd9_UVoLX_b8giA6oK9u63dnQdWOHEStlbv89OZz8ZfYrpENhWp45by04qSoZL4Dz7oSscrbGhvjyrGI5PFVLJSaUpEweyilJnoGsw0eXBhWkcoTiLC0a9KvHxYLcJo3hIrYvvAG4buOZBGtJm1bDbsqipyPVIdWU&amp;__tn__=*NK-R\">#Aguascalientes<\/a><\/span> <span class=\"html-span xdj266r x14z9mp xat24cr x1lziwak xexx8yu xyri2b x18d9i69 x1c1uobl x1hl2dhg x16tdsg8 x1vvkbs\"><a class=\"x1i10hfl xjbqb8w x1ejq31n x18oe1m7 x1sy0etr xstzfhl x972fbf x10w94by x1qhh985 x14e42zd x9f619 x1ypdohk xt0psk2 x3ct3a4 xdj266r x14z9mp xat24cr x1lziwak xexx8yu xyri2b x18d9i69 x1c1uobl x16tdsg8 x1hl2dhg xggy1nq x1a2a7pz xkrqix3 x1sur9pj x1fey0fg x1s688f\" tabindex=\"0\" role=\"link\" href=\"https:\/\/www.facebook.com\/hashtag\/informativoelvalledeaguascalientesll?__eep__=6&amp;__cft__[0]=AZaSAnQRoyVHalthRgaMWcQtib7jDBljP0wd9_UVoLX_b8giA6oK9u63dnQdWOHEStlbv89OZz8ZfYrpENhWp45by04qSoZL4Dz7oSscrbGhvjyrGI5PFVLJSaUpEweyilJnoGsw0eXBhWkcoTiLC0a9KvHxYLcJo3hIrYvvAG4buOZBGtJm1bDbsqipyPVIdWU&amp;__tn__=*NK-R\">#informativoelvalledeaguascalientesll<\/a><\/span> \u00a0<span class=\"html-span xdj266r x14z9mp xat24cr x1lziwak xexx8yu xyri2b x18d9i69 x1c1uobl x1hl2dhg x16tdsg8 x1vvkbs\"><a class=\"x1i10hfl xjbqb8w x1ejq31n x18oe1m7 x1sy0etr xstzfhl x972fbf x10w94by x1qhh985 x14e42zd x9f619 x1ypdohk xt0psk2 x3ct3a4 xdj266r x14z9mp xat24cr x1lziwak xexx8yu xyri2b x18d9i69 x1c1uobl x16tdsg8 x1hl2dhg xggy1nq x1a2a7pz xkrqix3 x1sur9pj x1fey0fg x1s688f\" tabindex=\"0\" role=\"link\" href=\"https:\/\/www.facebook.com\/hashtag\/novaradioaguascalientes?__eep__=6&amp;__cft__[0]=AZaSAnQRoyVHalthRgaMWcQtib7jDBljP0wd9_UVoLX_b8giA6oK9u63dnQdWOHEStlbv89OZz8ZfYrpENhWp45by04qSoZL4Dz7oSscrbGhvjyrGI5PFVLJSaUpEweyilJnoGsw0eXBhWkcoTiLC0a9KvHxYLcJo3hIrYvvAG4buOZBGtJm1bDbsqipyPVIdWU&amp;__tn__=*NK-R\">#novaradioaguascalientes<\/a><\/span> <span class=\"html-span xdj266r x14z9mp xat24cr x1lziwak xexx8yu xyri2b x18d9i69 x1c1uobl x1hl2dhg x16tdsg8 x1vvkbs\"><a class=\"x1i10hfl xjbqb8w x1ejq31n x18oe1m7 x1sy0etr xstzfhl x972fbf x10w94by x1qhh985 x14e42zd x9f619 x1ypdohk xt0psk2 x3ct3a4 xdj266r x14z9mp xat24cr x1lziwak xexx8yu xyri2b x18d9i69 x1c1uobl x16tdsg8 x1hl2dhg xggy1nq x1a2a7pz xkrqix3 x1sur9pj x1fey0fg x1s688f\" tabindex=\"0\" role=\"link\" href=\"https:\/\/www.facebook.com\/hashtag\/informativoelvalledeaguascalientes?__eep__=6&amp;__cft__[0]=AZaSAnQRoyVHalthRgaMWcQtib7jDBljP0wd9_UVoLX_b8giA6oK9u63dnQdWOHEStlbv89OZz8ZfYrpENhWp45by04qSoZL4Dz7oSscrbGhvjyrGI5PFVLJSaUpEweyilJnoGsw0eXBhWkcoTiLC0a9KvHxYLcJo3hIrYvvAG4buOZBGtJm1bDbsqipyPVIdWU&amp;__tn__=*NK-R\">#informativoelvalledeaguascalientes<\/a><\/span><\/p>\n<p>&nbsp;<\/p>\n<p>&nbsp;<\/p>\n<p>En el marco del D\u00eda Mundial del Medio Ambiente, el Gobierno Municipal de Jes\u00fas Mar\u00eda, llev\u00f3 a cabo la Feria del Medio Ambiente, un evento que reuni\u00f3 a m\u00e1s de 650 alumnas y alumnos de doce escuelas de nivel primaria, con el objetivo de fomentar la conciencia ambiental desde la infancia y promover pr\u00e1cticas responsables en favor del entorno.<\/p>\n<p>La jornada fue encabezada por el presidente municipal de Jes\u00fas Mar\u00eda, C\u00e9sar Medina, quien destac\u00f3 la importancia de impulsar acciones educativas que fortalezcan el cuidado del medio ambiente y la participaci\u00f3n activa de las nuevas generaciones en la construcci\u00f3n de un municipio m\u00e1s sustentable.<\/p>\n<p>Como parte del programa, se realiz\u00f3 la premiaci\u00f3n del concurso escolar \u201cGuardianes del Planeta\u201d, iniciativa que reconoci\u00f3 el esfuerzo, la creatividad y el compromiso de las y los estudiantes por proponer acciones a favor de la protecci\u00f3n del medio ambiente. El Primer lugar lo obtuvieron los \u201cTiburones cuidadores del agua\u201d del colegio Hellen Keller; el segundo lugar fue para \u201cLos peque\u00f1os exploradores\u201d del Instituto Jes\u00fas Mar\u00eda y el Tercer lugar para \u201cLos Koalas recicladores del colegio Hellen Keller con 10, 5 y 2 mil 500 pesos respectivamente.<\/p>\n<p>Asimismo, la titular de la Secretar\u00eda de Medio Ambiente y Sustentabilidad, Martina Garza, inform\u00f3 que la feria cont\u00f3 con la participaci\u00f3n de empresas, asociaciones y organismos que instalaron stands interactivos con actividades enfocadas en el reciclaje, el uso responsable de los recursos naturales, la educaci\u00f3n ambiental y la sostenibilidad, brindando a las y los asistentes una experiencia formativa y din\u00e1mica.<\/p>\n","protected":false},"excerpt":{"rendered":"<p>#Aguascalientes #informativoelvalledeaguascalientesll \u00a0#novaradioaguascalientes #informativoelvalledeaguascalientes &nbsp; &nbsp; En el marco del D\u00eda Mundial del Medio Ambiente, el Gobierno Municipal de Jes\u00fas Mar\u00eda, llev\u00f3 a cabo la Feria del Medio Ambiente, un evento que reuni\u00f3 a m\u00e1s de 650 alumnas y alumnos de doce escuelas de nivel primaria, con el objetivo de fomentar la conciencia ambiental desde [&hellip;]<\/p>\n","protected":false},"author":1,"featured_media":82040,"comment_status":"closed","ping_status":"open","sticky":false,"template":"","format":"standard","meta":{"advanced_seo_description":"","jetpack_seo_html_title":"","jetpack_seo_noindex":false,"_jetpack_memberships_contains_paid_content":false,"footnotes":"","jetpack_publicize_message":"","jetpack_publicize_feature_enabled":true,"jetpack_social_post_already_shared":true,"jetpack_social_options":{"image_generator_settings":{"template":"highway","default_image_id":0,"font":"","enabled":false},"version":2}},"categories":[21,14],"tags":[22,45],"class_list":["post-82039","post","type-post","status-publish","format-standard","has-post-thumbnail","hentry","category-aguascalientes","category-jesus-maria-aguascalientes","tag-aguascalientes","tag-jesus-maria-aguascalientes"],"jetpack_publicize_connections":[],"jetpack_featured_media_url":"https:\/\/i0.wp.com\/informativoelvalledeaguascalientes.online\/wp-content\/uploads\/2026\/01\/ced03efe-573d-44bc-a393-3e062789d01a-scaled.jpg?fit=2560%2C1703&ssl=1","jetpack-related-posts":[],"jetpack_sharing_enabled":true,"jetpack_likes_enabled":true,"_links":{"self":[{"href":"https:\/\/informativoelvalledeaguascalientes.online\/index.php?rest_route=\/wp\/v2\/posts\/82039","targetHints":{"allow":["GET"]}}],"collection":[{"href":"https:\/\/informativoelvalledeaguascalientes.online\/index.php?rest_route=\/wp\/v2\/posts"}],"about":[{"href":"https:\/\/informativoelvalledeaguascalientes.online\/index.php?rest_route=\/wp\/v2\/types\/post"}],"author":[{"embeddable":true,"href":"https:\/\/informativoelvalledeaguascalientes.online\/index.php?rest_route=\/wp\/v2\/users\/1"}],"replies":[{"embeddable":true,"href":"https:\/\/informativoelvalledeaguascalientes.online\/index.php?rest_route=%2Fwp%2Fv2%2Fcomments&post=82039"}],"version-history":[{"count":1,"href":"https:\/\/informativoelvalledeaguascalientes.online\/index.php?rest_route=\/wp\/v2\/posts\/82039\/revisions"}],"predecessor-version":[{"id":82041,"href":"https:\/\/informativoelvalledeaguascalientes.online\/index.php?rest_route=\/wp\/v2\/posts\/82039\/revisions\/82041"}],"wp:featuredmedia":[{"embeddable":true,"href":"https:\/\/informativoelvalledeaguascalientes.online\/index.php?rest_route=\/wp\/v2\/media\/82040"}],"wp:attachment":[{"href":"https:\/\/informativoelvalledeaguascalientes.online\/index.php?rest_route=%2Fwp%2Fv2%2Fmedia&parent=82039"}],"wp:term":[{"taxonomy":"category","embeddable":true,"href":"https:\/\/informativoelvalledeaguascalientes.online\/index.php?rest_route=%2Fwp%2Fv2%2Fcategories&post=82039"},{"taxonomy":"post_tag","embeddable":true,"href":"https:\/\/informativoelvalledeaguascalientes.online\/index.php?rest_route=%2Fwp%2Fv2%2Ftags&post=82039"}],"curies":[{"name":"wp","href":"https:\/\/api.w.org\/{rel}","templated":true}]}}