{"id":82036,"date":"2026-01-29T00:29:21","date_gmt":"2026-01-29T06:29:21","guid":{"rendered":"https:\/\/informativoelvalledeaguascalientes.online\/?p=82036"},"modified":"2026-01-30T00:31:21","modified_gmt":"2026-01-30T06:31:21","slug":"anuncian-la-segunda-exhibicion-hecho-en-jesus-maria","status":"publish","type":"post","link":"https:\/\/informativoelvalledeaguascalientes.online\/?p=82036","title":{"rendered":"ANUNCIAN LA SEGUNDA EXHIBICI\u00d3N HECHO EN JES\u00daS MAR\u00cdA"},"content":{"rendered":"<p><span class=\"html-span xdj266r x14z9mp xat24cr x1lziwak xexx8yu xyri2b x18d9i69 x1c1uobl x1hl2dhg x16tdsg8 x1vvkbs\"><a class=\"x1i10hfl xjbqb8w x1ejq31n x18oe1m7 x1sy0etr xstzfhl x972fbf x10w94by x1qhh985 x14e42zd x9f619 x1ypdohk xt0psk2 x3ct3a4 xdj266r x14z9mp xat24cr x1lziwak xexx8yu xyri2b x18d9i69 x1c1uobl x16tdsg8 x1hl2dhg xggy1nq x1a2a7pz xkrqix3 x1sur9pj x1fey0fg x1s688f\" tabindex=\"0\" role=\"link\" href=\"https:\/\/www.facebook.com\/hashtag\/aguascalientes?__eep__=6&amp;__cft__[0]=AZaSAnQRoyVHalthRgaMWcQtib7jDBljP0wd9_UVoLX_b8giA6oK9u63dnQdWOHEStlbv89OZz8ZfYrpENhWp45by04qSoZL4Dz7oSscrbGhvjyrGI5PFVLJSaUpEweyilJnoGsw0eXBhWkcoTiLC0a9KvHxYLcJo3hIrYvvAG4buOZBGtJm1bDbsqipyPVIdWU&amp;__tn__=*NK-R\">#Aguascalientes<\/a><\/span> <span class=\"html-span xdj266r x14z9mp xat24cr x1lziwak xexx8yu xyri2b x18d9i69 x1c1uobl x1hl2dhg x16tdsg8 x1vvkbs\"><a class=\"x1i10hfl xjbqb8w x1ejq31n x18oe1m7 x1sy0etr xstzfhl x972fbf x10w94by x1qhh985 x14e42zd x9f619 x1ypdohk xt0psk2 x3ct3a4 xdj266r x14z9mp xat24cr x1lziwak xexx8yu xyri2b x18d9i69 x1c1uobl x16tdsg8 x1hl2dhg xggy1nq x1a2a7pz xkrqix3 x1sur9pj x1fey0fg x1s688f\" tabindex=\"0\" role=\"link\" href=\"https:\/\/www.facebook.com\/hashtag\/informativoelvalledeaguascalientesll?__eep__=6&amp;__cft__[0]=AZaSAnQRoyVHalthRgaMWcQtib7jDBljP0wd9_UVoLX_b8giA6oK9u63dnQdWOHEStlbv89OZz8ZfYrpENhWp45by04qSoZL4Dz7oSscrbGhvjyrGI5PFVLJSaUpEweyilJnoGsw0eXBhWkcoTiLC0a9KvHxYLcJo3hIrYvvAG4buOZBGtJm1bDbsqipyPVIdWU&amp;__tn__=*NK-R\">#informativoelvalledeaguascalientesll<\/a><\/span> \u00a0<span class=\"html-span xdj266r x14z9mp xat24cr x1lziwak xexx8yu xyri2b x18d9i69 x1c1uobl x1hl2dhg x16tdsg8 x1vvkbs\"><a class=\"x1i10hfl xjbqb8w x1ejq31n x18oe1m7 x1sy0etr xstzfhl x972fbf x10w94by x1qhh985 x14e42zd x9f619 x1ypdohk xt0psk2 x3ct3a4 xdj266r x14z9mp xat24cr x1lziwak xexx8yu xyri2b x18d9i69 x1c1uobl x16tdsg8 x1hl2dhg xggy1nq x1a2a7pz xkrqix3 x1sur9pj x1fey0fg x1s688f\" tabindex=\"0\" role=\"link\" href=\"https:\/\/www.facebook.com\/hashtag\/novaradioaguascalientes?__eep__=6&amp;__cft__[0]=AZaSAnQRoyVHalthRgaMWcQtib7jDBljP0wd9_UVoLX_b8giA6oK9u63dnQdWOHEStlbv89OZz8ZfYrpENhWp45by04qSoZL4Dz7oSscrbGhvjyrGI5PFVLJSaUpEweyilJnoGsw0eXBhWkcoTiLC0a9KvHxYLcJo3hIrYvvAG4buOZBGtJm1bDbsqipyPVIdWU&amp;__tn__=*NK-R\">#novaradioaguascalientes<\/a><\/span> <span class=\"html-span xdj266r x14z9mp xat24cr x1lziwak xexx8yu xyri2b x18d9i69 x1c1uobl x1hl2dhg x16tdsg8 x1vvkbs\"><a class=\"x1i10hfl xjbqb8w x1ejq31n x18oe1m7 x1sy0etr xstzfhl x972fbf x10w94by x1qhh985 x14e42zd x9f619 x1ypdohk xt0psk2 x3ct3a4 xdj266r x14z9mp xat24cr x1lziwak xexx8yu xyri2b x18d9i69 x1c1uobl x16tdsg8 x1hl2dhg xggy1nq x1a2a7pz xkrqix3 x1sur9pj x1fey0fg x1s688f\" tabindex=\"0\" role=\"link\" href=\"https:\/\/www.facebook.com\/hashtag\/informativoelvalledeaguascalientes?__eep__=6&amp;__cft__[0]=AZaSAnQRoyVHalthRgaMWcQtib7jDBljP0wd9_UVoLX_b8giA6oK9u63dnQdWOHEStlbv89OZz8ZfYrpENhWp45by04qSoZL4Dz7oSscrbGhvjyrGI5PFVLJSaUpEweyilJnoGsw0eXBhWkcoTiLC0a9KvHxYLcJo3hIrYvvAG4buOZBGtJm1bDbsqipyPVIdWU&amp;__tn__=*NK-R\">#informativoelvalledeaguascalientes<\/a><\/span><\/p>\n<p>&nbsp;<\/p>\n<p>&nbsp;<\/p>\n<p>Del 26 al 29 de marzo, se realizar\u00e1 la Segunda Exhibici\u00f3n Hecho en Jes\u00fas Mar\u00eda, as\u00ed lo dio a conocer el presidente municipal C\u00e9sar Medina Cervantes, quien dijo que esta actividad se efectuar\u00e1 por segundo a\u00f1o consecutivo, gracias al buen recibimiento que tuvo la primera edici\u00f3n, por lo que el alcalde invit\u00f3 a emprendedores y negocios del giro agroindustrial a participar en este evento.<\/p>\n<p>Indic\u00f3 que, en la Primera Exhibici\u00f3n Hecho en Jes\u00fas Mar\u00eda, participaron 60 expositores, y tuvo como objetivo abrir un foro a trav\u00e9s del cual puedan darse a conocer los productos hechos en Jes\u00fas Mar\u00eda, y, al mismo tiempo convertirse en un espacio reconocido por el sector agroindustrial.<\/p>\n<p>Por su parte el titular de la Secretar\u00eda de Desarrollo Agrario y Rural de Jes\u00fas Mar\u00eda J. Guadalupe Valtierra P\u00e9rez coment\u00f3 que la Segunda Exhibici\u00f3n Hecho en Jes\u00fas Mar\u00eda, se realizar\u00e1 del 26 al 29 de marzo, y podr\u00e1n participar todas aquellas empresas del sector primario de Jes\u00fas Mar\u00eda, que utilicen diferentes procesos para la transformaci\u00f3n de sus productos, como son las agroindustrias, entre ellas, productoras de l\u00e1cteos, vin\u00edcolas, dulces tradicionales, cerveza artesanal, empacadoras de carne, paleter\u00edas, encurtidos, pasteler\u00edas, panader\u00edas, obradores, salsas, entre otras.<\/p>\n<p>El funcionario municipal dijo que los participantes tendr\u00e1n derecho a un stand de 3 x 3 m y habr\u00e1 un \u00e1rea de exhibici\u00f3n y una gastron\u00f3mica. El horario ser\u00e1 de 12 a 20 horas. Expuso que el registro se abrir\u00e1 a partir de la publicaci\u00f3n, teniendo como fecha l\u00edmite el viernes 13 de marzo de 2026.<\/p>\n<p>Las empresas interesadas deber\u00e1n presentar una carta-compromiso de participaci\u00f3n, identificaci\u00f3n oficial vigente del representante, ficha descriptiva del producto o productos, as\u00ed como logotipo de la empresa en formato JPG alta definici\u00f3n, en las oficinas de la Secretar\u00eda ubicadas en la Plaza del Mueble, Teodoro Olivares esquina Paseo de los Chicahuales s\/n, o pedir informes al tel\u00e9fono 449 473 6139.<\/p>\n<p>Cabe se\u00f1alar que la Primera Exhibici\u00f3n Hecho en Jes\u00fas Mar\u00eda gener\u00f3 una derrama econ\u00f3mica de 100 mil 180 pesos en solo cuatro d\u00edas, y recibi\u00f3 a alrededor de 2,000 visitantes.<\/p>\n","protected":false},"excerpt":{"rendered":"<p>#Aguascalientes #informativoelvalledeaguascalientesll \u00a0#novaradioaguascalientes #informativoelvalledeaguascalientes &nbsp; &nbsp; Del 26 al 29 de marzo, se realizar\u00e1 la Segunda Exhibici\u00f3n Hecho en Jes\u00fas Mar\u00eda, as\u00ed lo dio a conocer el presidente municipal C\u00e9sar Medina Cervantes, quien dijo que esta actividad se efectuar\u00e1 por segundo a\u00f1o consecutivo, gracias al buen recibimiento que tuvo la primera edici\u00f3n, por lo que [&hellip;]<\/p>\n","protected":false},"author":1,"featured_media":82037,"comment_status":"closed","ping_status":"open","sticky":false,"template":"","format":"standard","meta":{"advanced_seo_description":"","jetpack_seo_html_title":"","jetpack_seo_noindex":false,"_jetpack_memberships_contains_paid_content":false,"footnotes":"","jetpack_publicize_message":"","jetpack_publicize_feature_enabled":true,"jetpack_social_post_already_shared":true,"jetpack_social_options":{"image_generator_settings":{"template":"highway","default_image_id":0,"font":"","enabled":false},"version":2}},"categories":[21,14],"tags":[22,45],"class_list":["post-82036","post","type-post","status-publish","format-standard","has-post-thumbnail","hentry","category-aguascalientes","category-jesus-maria-aguascalientes","tag-aguascalientes","tag-jesus-maria-aguascalientes"],"jetpack_publicize_connections":[],"jetpack_featured_media_url":"https:\/\/i0.wp.com\/informativoelvalledeaguascalientes.online\/wp-content\/uploads\/2026\/01\/5da74a9e-64f3-46be-b83f-790d40780c48.jpg?fit=960%2C641&ssl=1","jetpack-related-posts":[],"jetpack_sharing_enabled":true,"jetpack_likes_enabled":true,"_links":{"self":[{"href":"https:\/\/informativoelvalledeaguascalientes.online\/index.php?rest_route=\/wp\/v2\/posts\/82036","targetHints":{"allow":["GET"]}}],"collection":[{"href":"https:\/\/informativoelvalledeaguascalientes.online\/index.php?rest_route=\/wp\/v2\/posts"}],"about":[{"href":"https:\/\/informativoelvalledeaguascalientes.online\/index.php?rest_route=\/wp\/v2\/types\/post"}],"author":[{"embeddable":true,"href":"https:\/\/informativoelvalledeaguascalientes.online\/index.php?rest_route=\/wp\/v2\/users\/1"}],"replies":[{"embeddable":true,"href":"https:\/\/informativoelvalledeaguascalientes.online\/index.php?rest_route=%2Fwp%2Fv2%2Fcomments&post=82036"}],"version-history":[{"count":1,"href":"https:\/\/informativoelvalledeaguascalientes.online\/index.php?rest_route=\/wp\/v2\/posts\/82036\/revisions"}],"predecessor-version":[{"id":82038,"href":"https:\/\/informativoelvalledeaguascalientes.online\/index.php?rest_route=\/wp\/v2\/posts\/82036\/revisions\/82038"}],"wp:featuredmedia":[{"embeddable":true,"href":"https:\/\/informativoelvalledeaguascalientes.online\/index.php?rest_route=\/wp\/v2\/media\/82037"}],"wp:attachment":[{"href":"https:\/\/informativoelvalledeaguascalientes.online\/index.php?rest_route=%2Fwp%2Fv2%2Fmedia&parent=82036"}],"wp:term":[{"taxonomy":"category","embeddable":true,"href":"https:\/\/informativoelvalledeaguascalientes.online\/index.php?rest_route=%2Fwp%2Fv2%2Fcategories&post=82036"},{"taxonomy":"post_tag","embeddable":true,"href":"https:\/\/informativoelvalledeaguascalientes.online\/index.php?rest_route=%2Fwp%2Fv2%2Ftags&post=82036"}],"curies":[{"name":"wp","href":"https:\/\/api.w.org\/{rel}","templated":true}]}}