{"id":81996,"date":"2026-01-29T22:51:42","date_gmt":"2026-01-30T04:51:42","guid":{"rendered":"https:\/\/informativoelvalledeaguascalientes.online\/?p=81996"},"modified":"2026-01-29T22:51:42","modified_gmt":"2026-01-30T04:51:42","slug":"se-reune-tere-jimenez-con-marti-batres-director-general-del-issste","status":"publish","type":"post","link":"https:\/\/informativoelvalledeaguascalientes.online\/?p=81996","title":{"rendered":"SE RE\u00daNE TERE JIM\u00c9NEZ CON MART\u00cd BATRES, DIRECTOR GENERAL DEL ISSSTE"},"content":{"rendered":"<p><span class=\"html-span xdj266r x14z9mp xat24cr x1lziwak xexx8yu xyri2b x18d9i69 x1c1uobl x1hl2dhg x16tdsg8 x1vvkbs\"><a class=\"x1i10hfl xjbqb8w x1ejq31n x18oe1m7 x1sy0etr xstzfhl x972fbf x10w94by x1qhh985 x14e42zd x9f619 x1ypdohk xt0psk2 x3ct3a4 xdj266r x14z9mp xat24cr x1lziwak xexx8yu xyri2b x18d9i69 x1c1uobl x16tdsg8 x1hl2dhg xggy1nq x1a2a7pz xkrqix3 x1sur9pj x1fey0fg x1s688f\" tabindex=\"0\" role=\"link\" href=\"https:\/\/www.facebook.com\/hashtag\/aguascalientes?__eep__=6&amp;__cft__[0]=AZaSAnQRoyVHalthRgaMWcQtib7jDBljP0wd9_UVoLX_b8giA6oK9u63dnQdWOHEStlbv89OZz8ZfYrpENhWp45by04qSoZL4Dz7oSscrbGhvjyrGI5PFVLJSaUpEweyilJnoGsw0eXBhWkcoTiLC0a9KvHxYLcJo3hIrYvvAG4buOZBGtJm1bDbsqipyPVIdWU&amp;__tn__=*NK-R\">#Aguascalientes<\/a><\/span> <span class=\"html-span xdj266r x14z9mp xat24cr x1lziwak xexx8yu xyri2b x18d9i69 x1c1uobl x1hl2dhg x16tdsg8 x1vvkbs\"><a class=\"x1i10hfl xjbqb8w x1ejq31n x18oe1m7 x1sy0etr xstzfhl x972fbf x10w94by x1qhh985 x14e42zd x9f619 x1ypdohk xt0psk2 x3ct3a4 xdj266r x14z9mp xat24cr x1lziwak xexx8yu xyri2b x18d9i69 x1c1uobl x16tdsg8 x1hl2dhg xggy1nq x1a2a7pz xkrqix3 x1sur9pj x1fey0fg x1s688f\" tabindex=\"0\" role=\"link\" href=\"https:\/\/www.facebook.com\/hashtag\/informativoelvalledeaguascalientesll?__eep__=6&amp;__cft__[0]=AZaSAnQRoyVHalthRgaMWcQtib7jDBljP0wd9_UVoLX_b8giA6oK9u63dnQdWOHEStlbv89OZz8ZfYrpENhWp45by04qSoZL4Dz7oSscrbGhvjyrGI5PFVLJSaUpEweyilJnoGsw0eXBhWkcoTiLC0a9KvHxYLcJo3hIrYvvAG4buOZBGtJm1bDbsqipyPVIdWU&amp;__tn__=*NK-R\">#informativoelvalledeaguascalientesll<\/a><\/span> \u00a0<span class=\"html-span xdj266r x14z9mp xat24cr x1lziwak xexx8yu xyri2b x18d9i69 x1c1uobl x1hl2dhg x16tdsg8 x1vvkbs\"><a class=\"x1i10hfl xjbqb8w x1ejq31n x18oe1m7 x1sy0etr xstzfhl x972fbf x10w94by x1qhh985 x14e42zd x9f619 x1ypdohk xt0psk2 x3ct3a4 xdj266r x14z9mp xat24cr x1lziwak xexx8yu xyri2b x18d9i69 x1c1uobl x16tdsg8 x1hl2dhg xggy1nq x1a2a7pz xkrqix3 x1sur9pj x1fey0fg x1s688f\" tabindex=\"0\" role=\"link\" href=\"https:\/\/www.facebook.com\/hashtag\/novaradioaguascalientes?__eep__=6&amp;__cft__[0]=AZaSAnQRoyVHalthRgaMWcQtib7jDBljP0wd9_UVoLX_b8giA6oK9u63dnQdWOHEStlbv89OZz8ZfYrpENhWp45by04qSoZL4Dz7oSscrbGhvjyrGI5PFVLJSaUpEweyilJnoGsw0eXBhWkcoTiLC0a9KvHxYLcJo3hIrYvvAG4buOZBGtJm1bDbsqipyPVIdWU&amp;__tn__=*NK-R\">#novaradioaguascalientes<\/a><\/span> <span class=\"html-span xdj266r x14z9mp xat24cr x1lziwak xexx8yu xyri2b x18d9i69 x1c1uobl x1hl2dhg x16tdsg8 x1vvkbs\"><a class=\"x1i10hfl xjbqb8w x1ejq31n x18oe1m7 x1sy0etr xstzfhl x972fbf x10w94by x1qhh985 x14e42zd x9f619 x1ypdohk xt0psk2 x3ct3a4 xdj266r x14z9mp xat24cr x1lziwak xexx8yu xyri2b x18d9i69 x1c1uobl x16tdsg8 x1hl2dhg xggy1nq x1a2a7pz xkrqix3 x1sur9pj x1fey0fg x1s688f\" tabindex=\"0\" role=\"link\" href=\"https:\/\/www.facebook.com\/hashtag\/informativoelvalledeaguascalientes?__eep__=6&amp;__cft__[0]=AZaSAnQRoyVHalthRgaMWcQtib7jDBljP0wd9_UVoLX_b8giA6oK9u63dnQdWOHEStlbv89OZz8ZfYrpENhWp45by04qSoZL4Dz7oSscrbGhvjyrGI5PFVLJSaUpEweyilJnoGsw0eXBhWkcoTiLC0a9KvHxYLcJo3hIrYvvAG4buOZBGtJm1bDbsqipyPVIdWU&amp;__tn__=*NK-R\">#informativoelvalledeaguascalientes<\/a><\/span><\/p>\n<p>&nbsp;<\/p>\n<p>La gobernadora de Aguascalientes, Tere Jim\u00e9nez, sostuvo una reuni\u00f3n de trabajo con Mart\u00ed Batres, director general del Instituto de Seguridad y Servicios Sociales de los Trabajadores del Estado (ISSSTE), con el objetivo de fortalecer la coordinaci\u00f3n institucional y revisar algunos proyectos orientados a mejorar la atenci\u00f3n m\u00e9dica y los servicios que se brindan a las y los derechohabientes.<\/p>\n<p>Durante el encuentro que se realiz\u00f3 en la Ciudad de M\u00e9xico, se analizaron diversas acciones conjuntas que permitir\u00e1n avanzar en la calidad de los servicios de salud y mejorar las condiciones de vida de la poblaci\u00f3n beneficiaria.<\/p>\n<p>La gobernadora Tere Jim\u00e9nez reiter\u00f3 su disposici\u00f3n al di\u00e1logo y la colaboraci\u00f3n con el Gobierno Federal, al considerar que el trabajo coordinado entre los distintos \u00f3rdenes de gobierno es fundamental para garantizar una atenci\u00f3n oportuna, eficiente y de calidad para las familias de Aguascalientes.<\/p>\n","protected":false},"excerpt":{"rendered":"<p>#Aguascalientes #informativoelvalledeaguascalientesll \u00a0#novaradioaguascalientes #informativoelvalledeaguascalientes &nbsp; La gobernadora de Aguascalientes, Tere Jim\u00e9nez, sostuvo una reuni\u00f3n de trabajo con Mart\u00ed Batres, director general del Instituto de Seguridad y Servicios Sociales de los Trabajadores del Estado (ISSSTE), con el objetivo de fortalecer la coordinaci\u00f3n institucional y revisar algunos proyectos orientados a mejorar la atenci\u00f3n m\u00e9dica y los servicios [&hellip;]<\/p>\n","protected":false},"author":1,"featured_media":81997,"comment_status":"closed","ping_status":"open","sticky":false,"template":"","format":"standard","meta":{"advanced_seo_description":"","jetpack_seo_html_title":"","jetpack_seo_noindex":false,"_jetpack_memberships_contains_paid_content":false,"footnotes":"","jetpack_publicize_message":"","jetpack_publicize_feature_enabled":true,"jetpack_social_post_already_shared":true,"jetpack_social_options":{"image_generator_settings":{"template":"highway","default_image_id":0,"font":"","enabled":false},"version":2}},"categories":[21,4],"tags":[22,615,320],"class_list":["post-81996","post","type-post","status-publish","format-standard","has-post-thumbnail","hentry","category-aguascalientes","category-gobierno-del-estado-aguascalientes","tag-aguascalientes","tag-gobierno-del-estado-de-aguascalientes","tag-tere-jimenez"],"jetpack_publicize_connections":[],"jetpack_featured_media_url":"https:\/\/i0.wp.com\/informativoelvalledeaguascalientes.online\/wp-content\/uploads\/2026\/01\/d3f9627d-f53a-4d46-9040-07260d5c1d90.jpg?fit=1280%2C960&ssl=1","jetpack-related-posts":[],"jetpack_sharing_enabled":true,"jetpack_likes_enabled":true,"_links":{"self":[{"href":"https:\/\/informativoelvalledeaguascalientes.online\/index.php?rest_route=\/wp\/v2\/posts\/81996","targetHints":{"allow":["GET"]}}],"collection":[{"href":"https:\/\/informativoelvalledeaguascalientes.online\/index.php?rest_route=\/wp\/v2\/posts"}],"about":[{"href":"https:\/\/informativoelvalledeaguascalientes.online\/index.php?rest_route=\/wp\/v2\/types\/post"}],"author":[{"embeddable":true,"href":"https:\/\/informativoelvalledeaguascalientes.online\/index.php?rest_route=\/wp\/v2\/users\/1"}],"replies":[{"embeddable":true,"href":"https:\/\/informativoelvalledeaguascalientes.online\/index.php?rest_route=%2Fwp%2Fv2%2Fcomments&post=81996"}],"version-history":[{"count":1,"href":"https:\/\/informativoelvalledeaguascalientes.online\/index.php?rest_route=\/wp\/v2\/posts\/81996\/revisions"}],"predecessor-version":[{"id":81998,"href":"https:\/\/informativoelvalledeaguascalientes.online\/index.php?rest_route=\/wp\/v2\/posts\/81996\/revisions\/81998"}],"wp:featuredmedia":[{"embeddable":true,"href":"https:\/\/informativoelvalledeaguascalientes.online\/index.php?rest_route=\/wp\/v2\/media\/81997"}],"wp:attachment":[{"href":"https:\/\/informativoelvalledeaguascalientes.online\/index.php?rest_route=%2Fwp%2Fv2%2Fmedia&parent=81996"}],"wp:term":[{"taxonomy":"category","embeddable":true,"href":"https:\/\/informativoelvalledeaguascalientes.online\/index.php?rest_route=%2Fwp%2Fv2%2Fcategories&post=81996"},{"taxonomy":"post_tag","embeddable":true,"href":"https:\/\/informativoelvalledeaguascalientes.online\/index.php?rest_route=%2Fwp%2Fv2%2Ftags&post=81996"}],"curies":[{"name":"wp","href":"https:\/\/api.w.org\/{rel}","templated":true}]}}