{"id":81938,"date":"2026-01-26T23:24:50","date_gmt":"2026-01-27T05:24:50","guid":{"rendered":"https:\/\/informativoelvalledeaguascalientes.online\/?p=81938"},"modified":"2026-01-26T23:24:50","modified_gmt":"2026-01-27T05:24:50","slug":"cuentan-conmigo-para-cuidar-lo-que-hemos-construidotono-martin-del-campo-en-informe-de-labores","status":"publish","type":"post","link":"https:\/\/informativoelvalledeaguascalientes.online\/?p=81938","title":{"rendered":"CUENTAN CONMIGO PARA CUIDAR LO QUE HEMOS CONSTRUIDO:TO\u00d1O MART\u00cdN DEL CAMPO EN INFORME DE LABORES"},"content":{"rendered":"<p><span class=\"html-span xdj266r x14z9mp xat24cr x1lziwak xexx8yu xyri2b x18d9i69 x1c1uobl x1hl2dhg x16tdsg8 x1vvkbs\"><a class=\"x1i10hfl xjbqb8w x1ejq31n x18oe1m7 x1sy0etr xstzfhl x972fbf x10w94by x1qhh985 x14e42zd x9f619 x1ypdohk xt0psk2 x3ct3a4 xdj266r x14z9mp xat24cr x1lziwak xexx8yu xyri2b x18d9i69 x1c1uobl x16tdsg8 x1hl2dhg xggy1nq x1a2a7pz xkrqix3 x1sur9pj x1fey0fg x1s688f\" tabindex=\"0\" role=\"link\" href=\"https:\/\/www.facebook.com\/hashtag\/aguascalientes?__eep__=6&amp;__cft__[0]=AZaSAnQRoyVHalthRgaMWcQtib7jDBljP0wd9_UVoLX_b8giA6oK9u63dnQdWOHEStlbv89OZz8ZfYrpENhWp45by04qSoZL4Dz7oSscrbGhvjyrGI5PFVLJSaUpEweyilJnoGsw0eXBhWkcoTiLC0a9KvHxYLcJo3hIrYvvAG4buOZBGtJm1bDbsqipyPVIdWU&amp;__tn__=*NK-R\">#Aguascalientes<\/a><\/span> <span class=\"html-span xdj266r x14z9mp xat24cr x1lziwak xexx8yu xyri2b x18d9i69 x1c1uobl x1hl2dhg x16tdsg8 x1vvkbs\"><a class=\"x1i10hfl xjbqb8w x1ejq31n x18oe1m7 x1sy0etr xstzfhl x972fbf x10w94by x1qhh985 x14e42zd x9f619 x1ypdohk xt0psk2 x3ct3a4 xdj266r x14z9mp xat24cr x1lziwak xexx8yu xyri2b x18d9i69 x1c1uobl x16tdsg8 x1hl2dhg xggy1nq x1a2a7pz xkrqix3 x1sur9pj x1fey0fg x1s688f\" tabindex=\"0\" role=\"link\" href=\"https:\/\/www.facebook.com\/hashtag\/informativoelvalledeaguascalientesll?__eep__=6&amp;__cft__[0]=AZaSAnQRoyVHalthRgaMWcQtib7jDBljP0wd9_UVoLX_b8giA6oK9u63dnQdWOHEStlbv89OZz8ZfYrpENhWp45by04qSoZL4Dz7oSscrbGhvjyrGI5PFVLJSaUpEweyilJnoGsw0eXBhWkcoTiLC0a9KvHxYLcJo3hIrYvvAG4buOZBGtJm1bDbsqipyPVIdWU&amp;__tn__=*NK-R\">#informativoelvalledeaguascalientesll<\/a><\/span> \u00a0<span class=\"html-span xdj266r x14z9mp xat24cr x1lziwak xexx8yu xyri2b x18d9i69 x1c1uobl x1hl2dhg x16tdsg8 x1vvkbs\"><a class=\"x1i10hfl xjbqb8w x1ejq31n x18oe1m7 x1sy0etr xstzfhl x972fbf x10w94by x1qhh985 x14e42zd x9f619 x1ypdohk xt0psk2 x3ct3a4 xdj266r x14z9mp xat24cr x1lziwak xexx8yu xyri2b x18d9i69 x1c1uobl x16tdsg8 x1hl2dhg xggy1nq x1a2a7pz xkrqix3 x1sur9pj x1fey0fg x1s688f\" tabindex=\"0\" role=\"link\" href=\"https:\/\/www.facebook.com\/hashtag\/novaradioaguascalientes?__eep__=6&amp;__cft__[0]=AZaSAnQRoyVHalthRgaMWcQtib7jDBljP0wd9_UVoLX_b8giA6oK9u63dnQdWOHEStlbv89OZz8ZfYrpENhWp45by04qSoZL4Dz7oSscrbGhvjyrGI5PFVLJSaUpEweyilJnoGsw0eXBhWkcoTiLC0a9KvHxYLcJo3hIrYvvAG4buOZBGtJm1bDbsqipyPVIdWU&amp;__tn__=*NK-R\">#novaradioaguascalientes<\/a><\/span> <span class=\"html-span xdj266r x14z9mp xat24cr x1lziwak xexx8yu xyri2b x18d9i69 x1c1uobl x1hl2dhg x16tdsg8 x1vvkbs\"><a class=\"x1i10hfl xjbqb8w x1ejq31n x18oe1m7 x1sy0etr xstzfhl x972fbf x10w94by x1qhh985 x14e42zd x9f619 x1ypdohk xt0psk2 x3ct3a4 xdj266r x14z9mp xat24cr x1lziwak xexx8yu xyri2b x18d9i69 x1c1uobl x16tdsg8 x1hl2dhg xggy1nq x1a2a7pz xkrqix3 x1sur9pj x1fey0fg x1s688f\" tabindex=\"0\" role=\"link\" href=\"https:\/\/www.facebook.com\/hashtag\/informativoelvalledeaguascalientes?__eep__=6&amp;__cft__[0]=AZaSAnQRoyVHalthRgaMWcQtib7jDBljP0wd9_UVoLX_b8giA6oK9u63dnQdWOHEStlbv89OZz8ZfYrpENhWp45by04qSoZL4Dz7oSscrbGhvjyrGI5PFVLJSaUpEweyilJnoGsw0eXBhWkcoTiLC0a9KvHxYLcJo3hIrYvvAG4buOZBGtJm1bDbsqipyPVIdWU&amp;__tn__=*NK-R\">#informativoelvalledeaguascalientes<\/a><\/span><\/p>\n<p>&nbsp;<\/p>\n<p>&nbsp;<\/p>\n<ul>\n<li><strong> Reconoce el trabajo conjunto con la gobernadora Tere Jim\u00e9nez a favor del estado<\/strong><\/li>\n<li><strong> Destaca respaldo del PAN y presencia de liderazgos nacionales<\/strong><\/li>\n<\/ul>\n<p>&nbsp;<\/p>\n<p>El Senador To\u00f1o Mart\u00edn del Campo present\u00f3 su Informe de Labores de la LXVI Legislatura en el Teatro Aguascalientes, ante representantes de los poderes p\u00fablicos, legisladores, dirigentes partidistas, empresarios, l\u00edderes sociales y ciudadan\u00eda en general.<\/p>\n<p>Durante su mensaje, el senador expres\u00f3 un reconocimiento p\u00fablico a la gobernadora constitucional de Aguascalientes, Tere Jim\u00e9nez Esquivel, a quien agradeci\u00f3 su liderazgo, su trabajo y su compromiso con el estado. Se\u00f1al\u00f3 que han hecho equipo desde hace varios a\u00f1os y reiter\u00f3 su disposici\u00f3n de continuar trabajando de manera coordinada para preservar lo que se ha construido y garantizar que Aguascalientes siga siendo un estado ordenado, fuerte y con rumbo.<\/p>\n<p>To\u00f1o Mart\u00edn del Campo reiter\u00f3 su compromiso con la sociedad de Aguascalientes y expres\u00f3 de manera directa: <em>\u201cCuentan conmigo para cuidar lo que hemos construido, para seguir garantizando tranquilidad y seguridad para nuestras familias, y para continuar construyendo oportunidades de educaci\u00f3n, empleo y futuro para las juventudes, con el objetivo de que Aguascalientes siga siendo el mejor estado para vivir\u201d<\/em>.<\/p>\n<p>En su intervenci\u00f3n, To\u00f1o Mart\u00edn del Campo se\u00f1al\u00f3 que defender a Aguascalientes desde el Senado implica una responsabilidad diaria que se ejerce a trav\u00e9s de decisiones legislativas, votos y posicionamientos, con un enfoque centrado en la seguridad, la salud, el bienestar de las familias, la dignidad del trabajo y la generaci\u00f3n de oportunidades para mujeres, j\u00f3venes y adultos mayores.<\/p>\n<p>Inform\u00f3 que, como parte de su labor legislativa, present\u00f3 32 iniciativas y 10 puntos de acuerdo orientados a mejorar la vida cotidiana de las personas, as\u00ed como acciones espec\u00edficas en materia de seguridad, salud, econom\u00eda, apoyo al campo y fortalecimiento institucional. Expuso tambi\u00e9n las gestiones realizadas para impulsar mayor capacidad hospitalaria en Aguascalientes y fortalecer la atenci\u00f3n m\u00e9dica.<\/p>\n<p>El senador subray\u00f3 que su grupo parlamentario ha actuado como una oposici\u00f3n responsable, acompa\u00f1ando propuestas que benefician a M\u00e9xico y a Aguascalientes, y fijando una postura clara frente a reformas que, desde su perspectiva, afectan el equilibrio democr\u00e1tico, los contrapesos institucionales y los derechos ciudadanos.<\/p>\n<p>To\u00f1o Mart\u00edn del Campo destac\u00f3 la presencia de figuras nacionales del Partido Acci\u00f3n Nacional, entre ellas el coordinador del Grupo Parlamentario del PAN en el Senado, Ricardo Anaya Cort\u00e9s, X\u00f3chitl G\u00e1lvez; Santiago Taboada, senadores, diputados federales y liderazgos que lo acompa\u00f1aron agradeciendo su trabajo en equipo y compromiso por hacer un frente com\u00fan en defensa de la patria, la libertad y la familia.<\/p>\n","protected":false},"excerpt":{"rendered":"<p>#Aguascalientes #informativoelvalledeaguascalientesll \u00a0#novaradioaguascalientes #informativoelvalledeaguascalientes &nbsp; &nbsp; Reconoce el trabajo conjunto con la gobernadora Tere Jim\u00e9nez a favor del estado Destaca respaldo del PAN y presencia de liderazgos nacionales &nbsp; El Senador To\u00f1o Mart\u00edn del Campo present\u00f3 su Informe de Labores de la LXVI Legislatura en el Teatro Aguascalientes, ante representantes de los poderes p\u00fablicos, legisladores, [&hellip;]<\/p>\n","protected":false},"author":1,"featured_media":81939,"comment_status":"closed","ping_status":"open","sticky":false,"template":"","format":"standard","meta":{"advanced_seo_description":"","jetpack_seo_html_title":"","jetpack_seo_noindex":false,"_jetpack_memberships_contains_paid_content":false,"footnotes":"","jetpack_publicize_message":"","jetpack_publicize_feature_enabled":true,"jetpack_social_post_already_shared":true,"jetpack_social_options":{"image_generator_settings":{"template":"highway","default_image_id":0,"font":"","enabled":false},"version":2}},"categories":[21,19,7],"tags":[22,23,43],"class_list":["post-81938","post","type-post","status-publish","format-standard","has-post-thumbnail","hentry","category-aguascalientes","category-informacion-general","category-pan-aguascalientes","tag-aguascalientes","tag-pan-aguascalientes","tag-pan-aguascalientes-cde"],"jetpack_publicize_connections":[],"jetpack_featured_media_url":"https:\/\/i0.wp.com\/informativoelvalledeaguascalientes.online\/wp-content\/uploads\/2026\/01\/49351634-e5fd-42dc-b246-9084dfbc29eb.jpg?fit=1280%2C935&ssl=1","jetpack-related-posts":[],"jetpack_sharing_enabled":true,"jetpack_likes_enabled":true,"_links":{"self":[{"href":"https:\/\/informativoelvalledeaguascalientes.online\/index.php?rest_route=\/wp\/v2\/posts\/81938","targetHints":{"allow":["GET"]}}],"collection":[{"href":"https:\/\/informativoelvalledeaguascalientes.online\/index.php?rest_route=\/wp\/v2\/posts"}],"about":[{"href":"https:\/\/informativoelvalledeaguascalientes.online\/index.php?rest_route=\/wp\/v2\/types\/post"}],"author":[{"embeddable":true,"href":"https:\/\/informativoelvalledeaguascalientes.online\/index.php?rest_route=\/wp\/v2\/users\/1"}],"replies":[{"embeddable":true,"href":"https:\/\/informativoelvalledeaguascalientes.online\/index.php?rest_route=%2Fwp%2Fv2%2Fcomments&post=81938"}],"version-history":[{"count":1,"href":"https:\/\/informativoelvalledeaguascalientes.online\/index.php?rest_route=\/wp\/v2\/posts\/81938\/revisions"}],"predecessor-version":[{"id":81940,"href":"https:\/\/informativoelvalledeaguascalientes.online\/index.php?rest_route=\/wp\/v2\/posts\/81938\/revisions\/81940"}],"wp:featuredmedia":[{"embeddable":true,"href":"https:\/\/informativoelvalledeaguascalientes.online\/index.php?rest_route=\/wp\/v2\/media\/81939"}],"wp:attachment":[{"href":"https:\/\/informativoelvalledeaguascalientes.online\/index.php?rest_route=%2Fwp%2Fv2%2Fmedia&parent=81938"}],"wp:term":[{"taxonomy":"category","embeddable":true,"href":"https:\/\/informativoelvalledeaguascalientes.online\/index.php?rest_route=%2Fwp%2Fv2%2Fcategories&post=81938"},{"taxonomy":"post_tag","embeddable":true,"href":"https:\/\/informativoelvalledeaguascalientes.online\/index.php?rest_route=%2Fwp%2Fv2%2Ftags&post=81938"}],"curies":[{"name":"wp","href":"https:\/\/api.w.org\/{rel}","templated":true}]}}