{"id":81932,"date":"2026-01-26T23:12:38","date_gmt":"2026-01-27T05:12:38","guid":{"rendered":"https:\/\/informativoelvalledeaguascalientes.online\/?p=81932"},"modified":"2026-01-26T23:12:38","modified_gmt":"2026-01-27T05:12:38","slug":"arranca-en-aguascalientes-estrategia-regional-de-seguridad-para-consolidar-la-paz","status":"publish","type":"post","link":"https:\/\/informativoelvalledeaguascalientes.online\/?p=81932","title":{"rendered":"ARRANCA EN AGUASCALIENTES ESTRATEGIA REGIONAL DE SEGURIDAD PARA CONSOLIDAR LA PAZ"},"content":{"rendered":"<p><span class=\"html-span xdj266r x14z9mp xat24cr x1lziwak xexx8yu xyri2b x18d9i69 x1c1uobl x1hl2dhg x16tdsg8 x1vvkbs\"><a class=\"x1i10hfl xjbqb8w x1ejq31n x18oe1m7 x1sy0etr xstzfhl x972fbf x10w94by x1qhh985 x14e42zd x9f619 x1ypdohk xt0psk2 x3ct3a4 xdj266r x14z9mp xat24cr x1lziwak xexx8yu xyri2b x18d9i69 x1c1uobl x16tdsg8 x1hl2dhg xggy1nq x1a2a7pz xkrqix3 x1sur9pj x1fey0fg x1s688f\" tabindex=\"0\" role=\"link\" href=\"https:\/\/www.facebook.com\/hashtag\/aguascalientes?__eep__=6&amp;__cft__[0]=AZaSAnQRoyVHalthRgaMWcQtib7jDBljP0wd9_UVoLX_b8giA6oK9u63dnQdWOHEStlbv89OZz8ZfYrpENhWp45by04qSoZL4Dz7oSscrbGhvjyrGI5PFVLJSaUpEweyilJnoGsw0eXBhWkcoTiLC0a9KvHxYLcJo3hIrYvvAG4buOZBGtJm1bDbsqipyPVIdWU&amp;__tn__=*NK-R\">#Aguascalientes<\/a><\/span> <span class=\"html-span xdj266r x14z9mp xat24cr x1lziwak xexx8yu xyri2b x18d9i69 x1c1uobl x1hl2dhg x16tdsg8 x1vvkbs\"><a class=\"x1i10hfl xjbqb8w x1ejq31n x18oe1m7 x1sy0etr xstzfhl x972fbf x10w94by x1qhh985 x14e42zd x9f619 x1ypdohk xt0psk2 x3ct3a4 xdj266r x14z9mp xat24cr x1lziwak xexx8yu xyri2b x18d9i69 x1c1uobl x16tdsg8 x1hl2dhg xggy1nq x1a2a7pz xkrqix3 x1sur9pj x1fey0fg x1s688f\" tabindex=\"0\" role=\"link\" href=\"https:\/\/www.facebook.com\/hashtag\/informativoelvalledeaguascalientesll?__eep__=6&amp;__cft__[0]=AZaSAnQRoyVHalthRgaMWcQtib7jDBljP0wd9_UVoLX_b8giA6oK9u63dnQdWOHEStlbv89OZz8ZfYrpENhWp45by04qSoZL4Dz7oSscrbGhvjyrGI5PFVLJSaUpEweyilJnoGsw0eXBhWkcoTiLC0a9KvHxYLcJo3hIrYvvAG4buOZBGtJm1bDbsqipyPVIdWU&amp;__tn__=*NK-R\">#informativoelvalledeaguascalientesll<\/a><\/span> \u00a0<span class=\"html-span xdj266r x14z9mp xat24cr x1lziwak xexx8yu xyri2b x18d9i69 x1c1uobl x1hl2dhg x16tdsg8 x1vvkbs\"><a class=\"x1i10hfl xjbqb8w x1ejq31n x18oe1m7 x1sy0etr xstzfhl x972fbf x10w94by x1qhh985 x14e42zd x9f619 x1ypdohk xt0psk2 x3ct3a4 xdj266r x14z9mp xat24cr x1lziwak xexx8yu xyri2b x18d9i69 x1c1uobl x16tdsg8 x1hl2dhg xggy1nq x1a2a7pz xkrqix3 x1sur9pj x1fey0fg x1s688f\" tabindex=\"0\" role=\"link\" href=\"https:\/\/www.facebook.com\/hashtag\/novaradioaguascalientes?__eep__=6&amp;__cft__[0]=AZaSAnQRoyVHalthRgaMWcQtib7jDBljP0wd9_UVoLX_b8giA6oK9u63dnQdWOHEStlbv89OZz8ZfYrpENhWp45by04qSoZL4Dz7oSscrbGhvjyrGI5PFVLJSaUpEweyilJnoGsw0eXBhWkcoTiLC0a9KvHxYLcJo3hIrYvvAG4buOZBGtJm1bDbsqipyPVIdWU&amp;__tn__=*NK-R\">#novaradioaguascalientes<\/a><\/span> <span class=\"html-span xdj266r x14z9mp xat24cr x1lziwak xexx8yu xyri2b x18d9i69 x1c1uobl x1hl2dhg x16tdsg8 x1vvkbs\"><a class=\"x1i10hfl xjbqb8w x1ejq31n x18oe1m7 x1sy0etr xstzfhl x972fbf x10w94by x1qhh985 x14e42zd x9f619 x1ypdohk xt0psk2 x3ct3a4 xdj266r x14z9mp xat24cr x1lziwak xexx8yu xyri2b x18d9i69 x1c1uobl x16tdsg8 x1hl2dhg xggy1nq x1a2a7pz xkrqix3 x1sur9pj x1fey0fg x1s688f\" tabindex=\"0\" role=\"link\" href=\"https:\/\/www.facebook.com\/hashtag\/informativoelvalledeaguascalientes?__eep__=6&amp;__cft__[0]=AZaSAnQRoyVHalthRgaMWcQtib7jDBljP0wd9_UVoLX_b8giA6oK9u63dnQdWOHEStlbv89OZz8ZfYrpENhWp45by04qSoZL4Dz7oSscrbGhvjyrGI5PFVLJSaUpEweyilJnoGsw0eXBhWkcoTiLC0a9KvHxYLcJo3hIrYvvAG4buOZBGtJm1bDbsqipyPVIdWU&amp;__tn__=*NK-R\">#informativoelvalledeaguascalientes<\/a><\/span><\/p>\n<p>&nbsp;<\/p>\n<p>&nbsp;<\/p>\n<p>La gobernadora de Aguascalientes, Tere Jim\u00e9nez, encabez\u00f3 el arranque de los trabajos de las Mesas de Inteligencia, Judicializaci\u00f3n y Operativa, cuyo objetivo es fortalecer la coordinaci\u00f3n interinstitucional entre los gobiernos federal y estatales para consolidar las acciones que desarrollan a favor de la paz en todo el pa\u00eds.<\/p>\n<p>\u201cCuenten con Aguascalientes; seguiremos trabajando en coordinaci\u00f3n con los estados de la regi\u00f3n y con las autoridades de los tres niveles de gobierno para lograr una paz duradera en nuestra entidad y en todo el pa\u00eds\u201d, sostuvo la gobernadora.<\/p>\n<p>Asimismo destac\u00f3 que, como resultado de las acciones que se impulsan en la entidad y gracias al trabajo conjunto, Aguascalientes se mantiene como uno de los estados m\u00e1s seguros del pa\u00eds, prueba de ello es que el pasado mes de noviembre registr\u00f3 cero homicidios, adem\u00e1s de que se tiene un avance del 75 por ciento en la detenci\u00f3n de objetivos prioritarios.<\/p>\n<p>El comandante de la 14\/a. Zona Militar, \u00c1lvaro Javier Ju\u00e1rez V\u00e1zquez, dijo que la finalidad de estas mesas es reforzar las labores de inteligencia para tener informaci\u00f3n oportuna y de calidad, que a su vez permita fortalecer las carpetas de investigaci\u00f3n, y as\u00ed dise\u00f1ar operativos conjuntos y efectivos en contra de la delincuencia en toda la regi\u00f3n.<\/p>\n<p>En estos grupos de trabajo participan el Ej\u00e9rcito Mexicano, Guardia Nacional, Fiscal\u00eda General de la Rep\u00fablica, Centro Nacional de Inteligencia, as\u00ed como las Secretar\u00edas de Seguridad P\u00fablica y las Fiscal\u00edas de los Estados de Aguascalientes, Colima, Guanajuato, Jalisco, Michoac\u00e1n, Nayarit y Zacatecas.<\/p>\n<p>Durante el evento que se realiz\u00f3 en las instalaciones de la 14\/a. Zona Militar tambi\u00e9n estuvieron la magistrada presidenta del Supremo Tribunal de Justicia, Mar\u00eda Jos\u00e9 Ocampo V\u00e1zquez; el coordinador de la Guardia Nacional en Aguascalientes, Homero Edmundo Blanco Lozada; el jefe operativo de la V Regi\u00f3n Militar, David Navarro Lara; el secretario general de Gobierno, Jos\u00e9 Antonio Ar\u00e1mbula L\u00f3pez; el secretario de Seguridad P\u00fablica del Estado, Antonio Mart\u00ednez Romo; el fiscal general del Estado, Manuel Alonso Garc\u00eda; y el jefe de la Estaci\u00f3n del Centro Nacional de Inteligencia en Aguascalientes, Luis Gaistardo Serrano, entre otras autoridades.<\/p>\n","protected":false},"excerpt":{"rendered":"<p>#Aguascalientes #informativoelvalledeaguascalientesll \u00a0#novaradioaguascalientes #informativoelvalledeaguascalientes &nbsp; &nbsp; La gobernadora de Aguascalientes, Tere Jim\u00e9nez, encabez\u00f3 el arranque de los trabajos de las Mesas de Inteligencia, Judicializaci\u00f3n y Operativa, cuyo objetivo es fortalecer la coordinaci\u00f3n interinstitucional entre los gobiernos federal y estatales para consolidar las acciones que desarrollan a favor de la paz en todo el pa\u00eds. \u201cCuenten [&hellip;]<\/p>\n","protected":false},"author":1,"featured_media":81933,"comment_status":"closed","ping_status":"open","sticky":false,"template":"","format":"standard","meta":{"advanced_seo_description":"","jetpack_seo_html_title":"","jetpack_seo_noindex":false,"_jetpack_memberships_contains_paid_content":false,"footnotes":"","jetpack_publicize_message":"","jetpack_publicize_feature_enabled":true,"jetpack_social_post_already_shared":true,"jetpack_social_options":{"image_generator_settings":{"template":"highway","default_image_id":0,"font":"","enabled":false},"version":2}},"categories":[21,4],"tags":[22,615,320],"class_list":["post-81932","post","type-post","status-publish","format-standard","has-post-thumbnail","hentry","category-aguascalientes","category-gobierno-del-estado-aguascalientes","tag-aguascalientes","tag-gobierno-del-estado-de-aguascalientes","tag-tere-jimenez"],"jetpack_publicize_connections":[],"jetpack_featured_media_url":"https:\/\/i0.wp.com\/informativoelvalledeaguascalientes.online\/wp-content\/uploads\/2026\/01\/89db7e88-43d0-4cad-a862-15d642bb378c.jpg?fit=1440%2C810&ssl=1","jetpack-related-posts":[],"jetpack_sharing_enabled":true,"jetpack_likes_enabled":true,"_links":{"self":[{"href":"https:\/\/informativoelvalledeaguascalientes.online\/index.php?rest_route=\/wp\/v2\/posts\/81932","targetHints":{"allow":["GET"]}}],"collection":[{"href":"https:\/\/informativoelvalledeaguascalientes.online\/index.php?rest_route=\/wp\/v2\/posts"}],"about":[{"href":"https:\/\/informativoelvalledeaguascalientes.online\/index.php?rest_route=\/wp\/v2\/types\/post"}],"author":[{"embeddable":true,"href":"https:\/\/informativoelvalledeaguascalientes.online\/index.php?rest_route=\/wp\/v2\/users\/1"}],"replies":[{"embeddable":true,"href":"https:\/\/informativoelvalledeaguascalientes.online\/index.php?rest_route=%2Fwp%2Fv2%2Fcomments&post=81932"}],"version-history":[{"count":1,"href":"https:\/\/informativoelvalledeaguascalientes.online\/index.php?rest_route=\/wp\/v2\/posts\/81932\/revisions"}],"predecessor-version":[{"id":81934,"href":"https:\/\/informativoelvalledeaguascalientes.online\/index.php?rest_route=\/wp\/v2\/posts\/81932\/revisions\/81934"}],"wp:featuredmedia":[{"embeddable":true,"href":"https:\/\/informativoelvalledeaguascalientes.online\/index.php?rest_route=\/wp\/v2\/media\/81933"}],"wp:attachment":[{"href":"https:\/\/informativoelvalledeaguascalientes.online\/index.php?rest_route=%2Fwp%2Fv2%2Fmedia&parent=81932"}],"wp:term":[{"taxonomy":"category","embeddable":true,"href":"https:\/\/informativoelvalledeaguascalientes.online\/index.php?rest_route=%2Fwp%2Fv2%2Fcategories&post=81932"},{"taxonomy":"post_tag","embeddable":true,"href":"https:\/\/informativoelvalledeaguascalientes.online\/index.php?rest_route=%2Fwp%2Fv2%2Ftags&post=81932"}],"curies":[{"name":"wp","href":"https:\/\/api.w.org\/{rel}","templated":true}]}}