{"id":81877,"date":"2026-01-23T15:07:03","date_gmt":"2026-01-23T21:07:03","guid":{"rendered":"https:\/\/informativoelvalledeaguascalientes.online\/?p=81877"},"modified":"2026-01-26T15:09:26","modified_gmt":"2026-01-26T21:09:26","slug":"realizaran-jornada-intensiva-de-vacunacion-en-jesus-maria-y-pabellon-de-arteaga-este-fin-de-semana","status":"publish","type":"post","link":"https:\/\/informativoelvalledeaguascalientes.online\/?p=81877","title":{"rendered":"REALIZAR\u00c1N JORNADA INTENSIVA DE VACUNACI\u00d3N EN JES\u00daS MAR\u00cdA Y PABELL\u00d3N DE ARTEAGA ESTE FIN DE SEMANA"},"content":{"rendered":"<p><span class=\"html-span xdj266r x14z9mp xat24cr x1lziwak xexx8yu xyri2b x18d9i69 x1c1uobl x1hl2dhg x16tdsg8 x1vvkbs\"><a class=\"x1i10hfl xjbqb8w x1ejq31n x18oe1m7 x1sy0etr xstzfhl x972fbf x10w94by x1qhh985 x14e42zd x9f619 x1ypdohk xt0psk2 x3ct3a4 xdj266r x14z9mp xat24cr x1lziwak xexx8yu xyri2b x18d9i69 x1c1uobl x16tdsg8 x1hl2dhg xggy1nq x1a2a7pz xkrqix3 x1sur9pj x1fey0fg x1s688f\" tabindex=\"0\" role=\"link\" href=\"https:\/\/www.facebook.com\/hashtag\/aguascalientes?__eep__=6&amp;__cft__[0]=AZaSAnQRoyVHalthRgaMWcQtib7jDBljP0wd9_UVoLX_b8giA6oK9u63dnQdWOHEStlbv89OZz8ZfYrpENhWp45by04qSoZL4Dz7oSscrbGhvjyrGI5PFVLJSaUpEweyilJnoGsw0eXBhWkcoTiLC0a9KvHxYLcJo3hIrYvvAG4buOZBGtJm1bDbsqipyPVIdWU&amp;__tn__=*NK-R\">#Aguascalientes<\/a><\/span> <span class=\"html-span xdj266r x14z9mp xat24cr x1lziwak xexx8yu xyri2b x18d9i69 x1c1uobl x1hl2dhg x16tdsg8 x1vvkbs\"><a class=\"x1i10hfl xjbqb8w x1ejq31n x18oe1m7 x1sy0etr xstzfhl x972fbf x10w94by x1qhh985 x14e42zd x9f619 x1ypdohk xt0psk2 x3ct3a4 xdj266r x14z9mp xat24cr x1lziwak xexx8yu xyri2b x18d9i69 x1c1uobl x16tdsg8 x1hl2dhg xggy1nq x1a2a7pz xkrqix3 x1sur9pj x1fey0fg x1s688f\" tabindex=\"0\" role=\"link\" href=\"https:\/\/www.facebook.com\/hashtag\/informativoelvalledeaguascalientesll?__eep__=6&amp;__cft__[0]=AZaSAnQRoyVHalthRgaMWcQtib7jDBljP0wd9_UVoLX_b8giA6oK9u63dnQdWOHEStlbv89OZz8ZfYrpENhWp45by04qSoZL4Dz7oSscrbGhvjyrGI5PFVLJSaUpEweyilJnoGsw0eXBhWkcoTiLC0a9KvHxYLcJo3hIrYvvAG4buOZBGtJm1bDbsqipyPVIdWU&amp;__tn__=*NK-R\">#informativoelvalledeaguascalientesll<\/a><\/span> \u00a0<span class=\"html-span xdj266r x14z9mp xat24cr x1lziwak xexx8yu xyri2b x18d9i69 x1c1uobl x1hl2dhg x16tdsg8 x1vvkbs\"><a class=\"x1i10hfl xjbqb8w x1ejq31n x18oe1m7 x1sy0etr xstzfhl x972fbf x10w94by x1qhh985 x14e42zd x9f619 x1ypdohk xt0psk2 x3ct3a4 xdj266r x14z9mp xat24cr x1lziwak xexx8yu xyri2b x18d9i69 x1c1uobl x16tdsg8 x1hl2dhg xggy1nq x1a2a7pz xkrqix3 x1sur9pj x1fey0fg x1s688f\" tabindex=\"0\" role=\"link\" href=\"https:\/\/www.facebook.com\/hashtag\/novaradioaguascalientes?__eep__=6&amp;__cft__[0]=AZaSAnQRoyVHalthRgaMWcQtib7jDBljP0wd9_UVoLX_b8giA6oK9u63dnQdWOHEStlbv89OZz8ZfYrpENhWp45by04qSoZL4Dz7oSscrbGhvjyrGI5PFVLJSaUpEweyilJnoGsw0eXBhWkcoTiLC0a9KvHxYLcJo3hIrYvvAG4buOZBGtJm1bDbsqipyPVIdWU&amp;__tn__=*NK-R\">#novaradioaguascalientes<\/a><\/span> <span class=\"html-span xdj266r x14z9mp xat24cr x1lziwak xexx8yu xyri2b x18d9i69 x1c1uobl x1hl2dhg x16tdsg8 x1vvkbs\"><a class=\"x1i10hfl xjbqb8w x1ejq31n x18oe1m7 x1sy0etr xstzfhl x972fbf x10w94by x1qhh985 x14e42zd x9f619 x1ypdohk xt0psk2 x3ct3a4 xdj266r x14z9mp xat24cr x1lziwak xexx8yu xyri2b x18d9i69 x1c1uobl x16tdsg8 x1hl2dhg xggy1nq x1a2a7pz xkrqix3 x1sur9pj x1fey0fg x1s688f\" tabindex=\"0\" role=\"link\" href=\"https:\/\/www.facebook.com\/hashtag\/informativoelvalledeaguascalientes?__eep__=6&amp;__cft__[0]=AZaSAnQRoyVHalthRgaMWcQtib7jDBljP0wd9_UVoLX_b8giA6oK9u63dnQdWOHEStlbv89OZz8ZfYrpENhWp45by04qSoZL4Dz7oSscrbGhvjyrGI5PFVLJSaUpEweyilJnoGsw0eXBhWkcoTiLC0a9KvHxYLcJo3hIrYvvAG4buOZBGtJm1bDbsqipyPVIdWU&amp;__tn__=*NK-R\">#informativoelvalledeaguascalientes<\/a><\/span><\/p>\n<p>&nbsp;<\/p>\n<p>* Se instalar\u00e1n dos macropuntos de vacunaci\u00f3n en estos municipios, en un horario de las 9:00 a las 18:00 horas<\/p>\n<p>&nbsp;<\/p>\n<p>Como parte de las acciones preventivas para evitar la propagaci\u00f3n de enfermedades, la Secretar\u00eda de Salud del Estado de Aguascalientes realizar\u00e1 una jornada intensiva de vacunaci\u00f3n en las cabeceras municipales de Jes\u00fas Mar\u00eda y Pabell\u00f3n de Arteaga, este s\u00e1bado 24 y domingo 25 de enero.<\/p>\n<p>En Jes\u00fas Mar\u00eda, el macropunto de vacunaci\u00f3n operar\u00e1 en las instalaciones de la Presidencia Municipal, mientras que en Pabell\u00f3n de Arteaga se ubicar\u00e1 en el Mercado Municipal. En ambos casos, el horario de atenci\u00f3n ser\u00e1 de 9:00 a 18:00 horas.<\/p>\n<p>Las autoridades de salud destacaron que en Aguascalientes se cuenta con vacunas suficientes para atender la demanda de la ciudadan\u00eda, por lo que se invita a la poblaci\u00f3n a acudir a los puntos de vacunaci\u00f3n que se habilitar\u00e1n este fin de semana en dichos municipios; o bien, acercarse a los Centros de Salud, hospitales del estado y a la Secretar\u00eda de Finanzas, donde la vacuna se aplica de manera permanente.<\/p>\n<p>El esquema de vacunaci\u00f3n vigente contempla la aplicaci\u00f3n de la vacuna triple viral (SRP) con una primera dosis a los 12 meses de edad, una segunda a los 18 meses y un refuerzo a los 6 a\u00f1os. As\u00ed como la vacuna doble viral (SR) para adolescentes y adultos de 10 a 49 a\u00f1os, al personal de salud que no recibi\u00f3 la vacuna en 2025 y a la poblaci\u00f3n considerada de riesgo que no cuenta con comprobante de vacunaci\u00f3n. En estos grupos, el refuerzo se aplica cada 10 a\u00f1os.<\/p>\n<p>Las autoridades recordaron que la vacuna contra el sarampi\u00f3n es gratuita, segura y altamente eficaz; no obstante, est\u00e1 contraindicada en mujeres embarazadas, en personas con antecedentes de hipersensibilidad a las prote\u00ednas del huevo o a la neomicina, as\u00ed como en quienes presentan alg\u00fan debilitamiento del sistema inmunitario.<\/p>\n<p>Finalmente, la Secretar\u00eda de Salud del Estado de Aguascalientes reiter\u00f3 el llamado a la poblaci\u00f3n para revisar su esquema de vacunaci\u00f3n y acudir a los puntos establecidos, ya que la vacunaci\u00f3n constituye la principal herramienta para prevenir el sarampi\u00f3n y proteger la salud de las familias en el estado.<\/p>\n","protected":false},"excerpt":{"rendered":"<p>#Aguascalientes #informativoelvalledeaguascalientesll \u00a0#novaradioaguascalientes #informativoelvalledeaguascalientes &nbsp; * Se instalar\u00e1n dos macropuntos de vacunaci\u00f3n en estos municipios, en un horario de las 9:00 a las 18:00 horas &nbsp; Como parte de las acciones preventivas para evitar la propagaci\u00f3n de enfermedades, la Secretar\u00eda de Salud del Estado de Aguascalientes realizar\u00e1 una jornada intensiva de vacunaci\u00f3n en las cabeceras [&hellip;]<\/p>\n","protected":false},"author":1,"featured_media":81878,"comment_status":"closed","ping_status":"open","sticky":false,"template":"","format":"standard","meta":{"advanced_seo_description":"","jetpack_seo_html_title":"","jetpack_seo_noindex":false,"_jetpack_memberships_contains_paid_content":false,"footnotes":"","jetpack_publicize_message":"","jetpack_publicize_feature_enabled":true,"jetpack_social_post_already_shared":true,"jetpack_social_options":{"image_generator_settings":{"template":"highway","default_image_id":0,"font":"","enabled":false},"version":2}},"categories":[21,4],"tags":[22,615,30],"class_list":["post-81877","post","type-post","status-publish","format-standard","has-post-thumbnail","hentry","category-aguascalientes","category-gobierno-del-estado-aguascalientes","tag-aguascalientes","tag-gobierno-del-estado-de-aguascalientes","tag-issea"],"jetpack_publicize_connections":[],"jetpack_featured_media_url":"https:\/\/i0.wp.com\/informativoelvalledeaguascalientes.online\/wp-content\/uploads\/2026\/01\/690b526d-be36-41f1-81ce-bf080f46606e.jpg?fit=1254%2C837&ssl=1","jetpack-related-posts":[],"jetpack_sharing_enabled":true,"jetpack_likes_enabled":true,"_links":{"self":[{"href":"https:\/\/informativoelvalledeaguascalientes.online\/index.php?rest_route=\/wp\/v2\/posts\/81877","targetHints":{"allow":["GET"]}}],"collection":[{"href":"https:\/\/informativoelvalledeaguascalientes.online\/index.php?rest_route=\/wp\/v2\/posts"}],"about":[{"href":"https:\/\/informativoelvalledeaguascalientes.online\/index.php?rest_route=\/wp\/v2\/types\/post"}],"author":[{"embeddable":true,"href":"https:\/\/informativoelvalledeaguascalientes.online\/index.php?rest_route=\/wp\/v2\/users\/1"}],"replies":[{"embeddable":true,"href":"https:\/\/informativoelvalledeaguascalientes.online\/index.php?rest_route=%2Fwp%2Fv2%2Fcomments&post=81877"}],"version-history":[{"count":1,"href":"https:\/\/informativoelvalledeaguascalientes.online\/index.php?rest_route=\/wp\/v2\/posts\/81877\/revisions"}],"predecessor-version":[{"id":81879,"href":"https:\/\/informativoelvalledeaguascalientes.online\/index.php?rest_route=\/wp\/v2\/posts\/81877\/revisions\/81879"}],"wp:featuredmedia":[{"embeddable":true,"href":"https:\/\/informativoelvalledeaguascalientes.online\/index.php?rest_route=\/wp\/v2\/media\/81878"}],"wp:attachment":[{"href":"https:\/\/informativoelvalledeaguascalientes.online\/index.php?rest_route=%2Fwp%2Fv2%2Fmedia&parent=81877"}],"wp:term":[{"taxonomy":"category","embeddable":true,"href":"https:\/\/informativoelvalledeaguascalientes.online\/index.php?rest_route=%2Fwp%2Fv2%2Fcategories&post=81877"},{"taxonomy":"post_tag","embeddable":true,"href":"https:\/\/informativoelvalledeaguascalientes.online\/index.php?rest_route=%2Fwp%2Fv2%2Ftags&post=81877"}],"curies":[{"name":"wp","href":"https:\/\/api.w.org\/{rel}","templated":true}]}}