{"id":81847,"date":"2026-01-22T22:14:53","date_gmt":"2026-01-23T04:14:53","guid":{"rendered":"https:\/\/informativoelvalledeaguascalientes.online\/?p=81847"},"modified":"2026-01-22T22:14:53","modified_gmt":"2026-01-23T04:14:53","slug":"video-tanatologia-invita-dif-municipal-de-jesus-maria-a-curso-taller-para-acompanar-procesos-de-duelo","status":"publish","type":"post","link":"https:\/\/informativoelvalledeaguascalientes.online\/?p=81847","title":{"rendered":"VIDEO TANATOLOGIA: INVITA DIF MUNICIPAL DE JES\u00daS MAR\u00cdA A CURSO\u2013TALLER PARA ACOMPA\u00d1AR PROCESOS DE DUELO"},"content":{"rendered":"<p>#informativoelvalledeaguascalientes #novaradioaguascalientes #informativoelvalledeaguascalientesll #Aguascalientes<\/p>\n<div style=\"width: 478px;\" class=\"wp-video\"><video class=\"wp-video-shortcode\" id=\"video-81847-1\" width=\"478\" height=\"850\" preload=\"metadata\" controls=\"controls\"><source type=\"video\/mp4\" src=\"https:\/\/informativoelvalledeaguascalientes.online\/wp-content\/uploads\/2026\/01\/WhatsApp-Video-2026-01-22-at-3.25.59-PM.mp4?_=1\" \/><a href=\"https:\/\/informativoelvalledeaguascalientes.online\/wp-content\/uploads\/2026\/01\/WhatsApp-Video-2026-01-22-at-3.25.59-PM.mp4\">https:\/\/informativoelvalledeaguascalientes.online\/wp-content\/uploads\/2026\/01\/WhatsApp-Video-2026-01-22-at-3.25.59-PM.mp4<\/a><\/video><\/div>\n<p>&nbsp;<\/p>\n<p>El Gobierno Municipal de Jes\u00fas Mar\u00eda, a trav\u00e9s del Sistema DIF Municipal, invita a la ciudadan\u00eda que atraviesa alg\u00fan proceso de duelo, al curso\u2013taller \u201cDel duelo anticipado al duelo complicado\u201d, un espacio dise\u00f1ado para brindar acompa\u00f1amiento emocional y herramientas que permitan afrontar, aceptar y sanar una p\u00e9rdida, incluso cuando el ser querido a\u00fan se encuentra presente.<\/p>\n<p>Este curso\u2013taller ser\u00e1 impartido por especialistas, quienes acompa\u00f1ar\u00e1n a las y los participantes durante su proceso emocional, ofreciendo orientaci\u00f3n profesional para comprender el duelo, expresar las emociones y transitar esta etapa de manera saludable.<\/p>\n<p>La presidenta del Sistema DIF Municipal, Silvia de la Cruz, inform\u00f3 que este curso consta de seis sesiones, que se llevar\u00e1n a cabo los d\u00edas martes y jueves, iniciando el martes 10 de febrero, en dos horarios disponibles: de 10:00 a 12:30 horas y de 17:00 a 19:30 horas.<\/p>\n<p>Las personas interesadas deber\u00e1n realizar su inscripci\u00f3n directamente en las instalaciones del DIF Municipal de Jes\u00fas Mar\u00eda, donde tambi\u00e9n podr\u00e1n obtener mayor informaci\u00f3n sobre el contenido, costo y desarrollo del curso\u2013taller. Agreg\u00f3 que el gobierno de Jes\u00fas Mar\u00eda, continuar\u00e1 promoviendo espacios de acompa\u00f1amiento humano y solidario para quienes enfrentan momentos dif\u00edciles.<\/p>\n","protected":false},"excerpt":{"rendered":"<p>#informativoelvalledeaguascalientes #novaradioaguascalientes #informativoelvalledeaguascalientesll #Aguascalientes &nbsp; El Gobierno Municipal de Jes\u00fas Mar\u00eda, a trav\u00e9s del Sistema DIF Municipal, invita a la ciudadan\u00eda que atraviesa alg\u00fan proceso de duelo, al curso\u2013taller \u201cDel duelo anticipado al duelo complicado\u201d, un espacio dise\u00f1ado para brindar acompa\u00f1amiento emocional y herramientas que permitan afrontar, aceptar y sanar una p\u00e9rdida, incluso cuando el [&hellip;]<\/p>\n","protected":false},"author":1,"featured_media":81849,"comment_status":"closed","ping_status":"open","sticky":false,"template":"","format":"standard","meta":{"advanced_seo_description":"","jetpack_seo_html_title":"","jetpack_seo_noindex":false,"_jetpack_memberships_contains_paid_content":false,"footnotes":"","jetpack_publicize_message":"","jetpack_publicize_feature_enabled":true,"jetpack_social_post_already_shared":true,"jetpack_social_options":{"image_generator_settings":{"template":"highway","default_image_id":0,"font":"","enabled":false},"version":2}},"categories":[21,14],"tags":[22,45],"class_list":["post-81847","post","type-post","status-publish","format-standard","has-post-thumbnail","hentry","category-aguascalientes","category-jesus-maria-aguascalientes","tag-aguascalientes","tag-jesus-maria-aguascalientes"],"jetpack_publicize_connections":[],"jetpack_featured_media_url":"https:\/\/i0.wp.com\/informativoelvalledeaguascalientes.online\/wp-content\/uploads\/2026\/01\/47dfec9e-d3b4-4780-8749-c2af692eff75.jpg?fit=1600%2C1064&ssl=1","jetpack-related-posts":[],"jetpack_sharing_enabled":true,"jetpack_likes_enabled":true,"_links":{"self":[{"href":"https:\/\/informativoelvalledeaguascalientes.online\/index.php?rest_route=\/wp\/v2\/posts\/81847","targetHints":{"allow":["GET"]}}],"collection":[{"href":"https:\/\/informativoelvalledeaguascalientes.online\/index.php?rest_route=\/wp\/v2\/posts"}],"about":[{"href":"https:\/\/informativoelvalledeaguascalientes.online\/index.php?rest_route=\/wp\/v2\/types\/post"}],"author":[{"embeddable":true,"href":"https:\/\/informativoelvalledeaguascalientes.online\/index.php?rest_route=\/wp\/v2\/users\/1"}],"replies":[{"embeddable":true,"href":"https:\/\/informativoelvalledeaguascalientes.online\/index.php?rest_route=%2Fwp%2Fv2%2Fcomments&post=81847"}],"version-history":[{"count":1,"href":"https:\/\/informativoelvalledeaguascalientes.online\/index.php?rest_route=\/wp\/v2\/posts\/81847\/revisions"}],"predecessor-version":[{"id":81850,"href":"https:\/\/informativoelvalledeaguascalientes.online\/index.php?rest_route=\/wp\/v2\/posts\/81847\/revisions\/81850"}],"wp:featuredmedia":[{"embeddable":true,"href":"https:\/\/informativoelvalledeaguascalientes.online\/index.php?rest_route=\/wp\/v2\/media\/81849"}],"wp:attachment":[{"href":"https:\/\/informativoelvalledeaguascalientes.online\/index.php?rest_route=%2Fwp%2Fv2%2Fmedia&parent=81847"}],"wp:term":[{"taxonomy":"category","embeddable":true,"href":"https:\/\/informativoelvalledeaguascalientes.online\/index.php?rest_route=%2Fwp%2Fv2%2Fcategories&post=81847"},{"taxonomy":"post_tag","embeddable":true,"href":"https:\/\/informativoelvalledeaguascalientes.online\/index.php?rest_route=%2Fwp%2Fv2%2Ftags&post=81847"}],"curies":[{"name":"wp","href":"https:\/\/api.w.org\/{rel}","templated":true}]}}