{"id":81838,"date":"2026-01-22T22:01:34","date_gmt":"2026-01-23T04:01:34","guid":{"rendered":"https:\/\/informativoelvalledeaguascalientes.online\/?p=81838"},"modified":"2026-01-22T22:01:34","modified_gmt":"2026-01-23T04:01:34","slug":"estamos-por-comenzar-el-proceso-de-renovacion-de-espacios-comerciales-para-la-feria-nacional-de-san-marcos-2026","status":"publish","type":"post","link":"https:\/\/informativoelvalledeaguascalientes.online\/?p=81838","title":{"rendered":"Estamos por comenzar el proceso de renovaci\u00f3n de espacios comerciales para la Feria Nacional de San Marcos 2026."},"content":{"rendered":"<p>#informativoelvalledeaguascalientes #novaradioaguascalientes #informativoelvalledeaguascalientesll #Aguascalientes<\/p>\n<p>&nbsp;<\/p>\n<p>Estamos por comenzar el proceso de renovaci\u00f3n de espacios comerciales para la Feria Nacional de San Marcos 2026.<br \/>\nPara m\u00e1s informaci\u00f3n, comun\u00edcate al \u00e1rea de comercializaci\u00f3n del Patronato de la Feria Nacional de San Marcos, al tel\u00e9fono (449) 9102147 Ext. 4161 y 4171 o al WhatsApp 4493897656<\/p>\n","protected":false},"excerpt":{"rendered":"<p>#informativoelvalledeaguascalientes #novaradioaguascalientes #informativoelvalledeaguascalientesll #Aguascalientes &nbsp; Estamos por comenzar el proceso de renovaci\u00f3n de espacios comerciales para la Feria Nacional de San Marcos 2026. Para m\u00e1s informaci\u00f3n, comun\u00edcate al \u00e1rea de comercializaci\u00f3n del Patronato de la Feria Nacional de San Marcos, al tel\u00e9fono (449) 9102147 Ext. 4161 y 4171 o al WhatsApp 4493897656<\/p>\n","protected":false},"author":1,"featured_media":81839,"comment_status":"closed","ping_status":"open","sticky":false,"template":"","format":"standard","meta":{"advanced_seo_description":"","jetpack_seo_html_title":"","jetpack_seo_noindex":false,"_jetpack_memberships_contains_paid_content":false,"footnotes":"","jetpack_publicize_message":"","jetpack_publicize_feature_enabled":true,"jetpack_social_post_already_shared":true,"jetpack_social_options":{"image_generator_settings":{"template":"highway","default_image_id":0,"font":"","enabled":false},"version":2}},"categories":[21,4],"tags":[22,615,994],"class_list":["post-81838","post","type-post","status-publish","format-standard","has-post-thumbnail","hentry","category-aguascalientes","category-gobierno-del-estado-aguascalientes","tag-aguascalientes","tag-gobierno-del-estado-de-aguascalientes","tag-patronato-de-la-fnsm2026"],"jetpack_publicize_connections":[],"jetpack_featured_media_url":"https:\/\/i0.wp.com\/informativoelvalledeaguascalientes.online\/wp-content\/uploads\/2026\/01\/ce57d5e1-cc2a-4c9f-8d66-81f2ecdc2824.jpg?fit=1280%2C1600&ssl=1","jetpack-related-posts":[],"jetpack_sharing_enabled":true,"jetpack_likes_enabled":true,"_links":{"self":[{"href":"https:\/\/informativoelvalledeaguascalientes.online\/index.php?rest_route=\/wp\/v2\/posts\/81838","targetHints":{"allow":["GET"]}}],"collection":[{"href":"https:\/\/informativoelvalledeaguascalientes.online\/index.php?rest_route=\/wp\/v2\/posts"}],"about":[{"href":"https:\/\/informativoelvalledeaguascalientes.online\/index.php?rest_route=\/wp\/v2\/types\/post"}],"author":[{"embeddable":true,"href":"https:\/\/informativoelvalledeaguascalientes.online\/index.php?rest_route=\/wp\/v2\/users\/1"}],"replies":[{"embeddable":true,"href":"https:\/\/informativoelvalledeaguascalientes.online\/index.php?rest_route=%2Fwp%2Fv2%2Fcomments&post=81838"}],"version-history":[{"count":1,"href":"https:\/\/informativoelvalledeaguascalientes.online\/index.php?rest_route=\/wp\/v2\/posts\/81838\/revisions"}],"predecessor-version":[{"id":81840,"href":"https:\/\/informativoelvalledeaguascalientes.online\/index.php?rest_route=\/wp\/v2\/posts\/81838\/revisions\/81840"}],"wp:featuredmedia":[{"embeddable":true,"href":"https:\/\/informativoelvalledeaguascalientes.online\/index.php?rest_route=\/wp\/v2\/media\/81839"}],"wp:attachment":[{"href":"https:\/\/informativoelvalledeaguascalientes.online\/index.php?rest_route=%2Fwp%2Fv2%2Fmedia&parent=81838"}],"wp:term":[{"taxonomy":"category","embeddable":true,"href":"https:\/\/informativoelvalledeaguascalientes.online\/index.php?rest_route=%2Fwp%2Fv2%2Fcategories&post=81838"},{"taxonomy":"post_tag","embeddable":true,"href":"https:\/\/informativoelvalledeaguascalientes.online\/index.php?rest_route=%2Fwp%2Fv2%2Ftags&post=81838"}],"curies":[{"name":"wp","href":"https:\/\/api.w.org\/{rel}","templated":true}]}}