{"id":81823,"date":"2026-01-20T21:37:07","date_gmt":"2026-01-21T03:37:07","guid":{"rendered":"https:\/\/informativoelvalledeaguascalientes.online\/?p=81823"},"modified":"2026-01-22T21:41:03","modified_gmt":"2026-01-23T03:41:03","slug":"ofrece-cam-horario-extendido-para-facilitar-el-pago-del-predial","status":"publish","type":"post","link":"https:\/\/informativoelvalledeaguascalientes.online\/?p=81823","title":{"rendered":"OFRECE CAM HORARIO EXTENDIDO PARA FACILITAR EL PAGO DEL PREDIAL"},"content":{"rendered":"<p>#informativoelvalledeaguascalientes #novaradioaguascalientes #informativoelvalledeaguascalientesll #Aguascalientes<\/p>\n<p>&nbsp;<\/p>\n<ul>\n<li><strong><em>Se brindar\u00e1 atenci\u00f3n a la ciudadan\u00eda de lunes a viernes de 8:00 a.m. a 7:00 p.m<\/em><\/strong><\/li>\n<li><strong><em>Tambi\u00e9n abrir\u00e1 en fechas espec\u00edficas de s\u00e1bado y un domingo<\/em><\/strong><\/li>\n<\/ul>\n<p>&nbsp;<\/p>\n<p>La secretaria de Finanzas del Municipio de Aguascalientes,\u00a0<strong>Miriam Rodr\u00edguez Tiscare\u00f1o,<\/strong>\u00a0informa a la ciudadan\u00eda que el Centro de Atenci\u00f3n Municipal (CAM), contar\u00e1 con un horario extendido durante los meses de enero, febrero y marzo, con el objetivo de facilitar el pago del predial.<\/p>\n<p>Durante este periodo, el CAM brindar\u00e1 atenci\u00f3n de lunes a viernes, de 8:00 de la ma\u00f1ana a 7:00 de la noche, permitiendo a las y los contribuyentes contar con mayor flexibilidad para cumplir con esta obligaci\u00f3n fiscal.<\/p>\n<p>Asimismo, como parte de las acciones para ampliar las opciones de servicio, el CAM abrir\u00e1 en fechas especiales los fines de semana, de acuerdo con el siguiente calendario:<\/p>\n<ul>\n<li><strong>S\u00e1bado 31 de enero<\/strong><\/li>\n<li><strong>S\u00e1bados 14 y 28 de febrero<\/strong><\/li>\n<li><strong>S\u00e1bados 14 y 28 de marzo<\/strong><\/li>\n<li><strong>Domingo 29 de marzo<\/strong><\/li>\n<\/ul>\n<p>Con estas medidas, el Municipio de Aguascalientes refrenda su compromiso de brindar una atenci\u00f3n eficiente, accesible y oportuna, adem\u00e1s de apoyar la econom\u00eda de las familias, promoviendo el cumplimiento puntual del pago del predial.<\/p>\n<p><a class=\"mks_button mks_button_large rounded\" href=\"https:\/\/saladeprensags.com\/descargarImagenes.php?ids=102912,102917,102916,102913,102915,102914\" target=\"_blank\" rel=\"noopener\">Descargar galeria<\/a><\/p>\n","protected":false},"excerpt":{"rendered":"<p>#informativoelvalledeaguascalientes #novaradioaguascalientes #informativoelvalledeaguascalientesll #Aguascalientes &nbsp; Se brindar\u00e1 atenci\u00f3n a la ciudadan\u00eda de lunes a viernes de 8:00 a.m. a 7:00 p.m Tambi\u00e9n abrir\u00e1 en fechas espec\u00edficas de s\u00e1bado y un domingo &nbsp; La secretaria de Finanzas del Municipio de Aguascalientes,\u00a0Miriam Rodr\u00edguez Tiscare\u00f1o,\u00a0informa a la ciudadan\u00eda que el Centro de Atenci\u00f3n Municipal (CAM), contar\u00e1 con un [&hellip;]<\/p>\n","protected":false},"author":1,"featured_media":81824,"comment_status":"closed","ping_status":"open","sticky":false,"template":"","format":"standard","meta":{"advanced_seo_description":"","jetpack_seo_html_title":"","jetpack_seo_noindex":false,"_jetpack_memberships_contains_paid_content":false,"footnotes":"","jetpack_publicize_message":"","jetpack_publicize_feature_enabled":true,"jetpack_social_post_already_shared":true,"jetpack_social_options":{"image_generator_settings":{"template":"highway","default_image_id":0,"font":"","enabled":false},"version":2}},"categories":[21,3],"tags":[22,25],"class_list":["post-81823","post","type-post","status-publish","format-standard","has-post-thumbnail","hentry","category-aguascalientes","category-municipio-aguascalientes","tag-aguascalientes","tag-mpio-aguascalientes"],"jetpack_publicize_connections":[],"jetpack_featured_media_url":"https:\/\/i0.wp.com\/informativoelvalledeaguascalientes.online\/wp-content\/uploads\/2026\/01\/cam-ags.jpeg?fit=1280%2C960&ssl=1","jetpack-related-posts":[],"jetpack_sharing_enabled":true,"jetpack_likes_enabled":true,"_links":{"self":[{"href":"https:\/\/informativoelvalledeaguascalientes.online\/index.php?rest_route=\/wp\/v2\/posts\/81823","targetHints":{"allow":["GET"]}}],"collection":[{"href":"https:\/\/informativoelvalledeaguascalientes.online\/index.php?rest_route=\/wp\/v2\/posts"}],"about":[{"href":"https:\/\/informativoelvalledeaguascalientes.online\/index.php?rest_route=\/wp\/v2\/types\/post"}],"author":[{"embeddable":true,"href":"https:\/\/informativoelvalledeaguascalientes.online\/index.php?rest_route=\/wp\/v2\/users\/1"}],"replies":[{"embeddable":true,"href":"https:\/\/informativoelvalledeaguascalientes.online\/index.php?rest_route=%2Fwp%2Fv2%2Fcomments&post=81823"}],"version-history":[{"count":1,"href":"https:\/\/informativoelvalledeaguascalientes.online\/index.php?rest_route=\/wp\/v2\/posts\/81823\/revisions"}],"predecessor-version":[{"id":81825,"href":"https:\/\/informativoelvalledeaguascalientes.online\/index.php?rest_route=\/wp\/v2\/posts\/81823\/revisions\/81825"}],"wp:featuredmedia":[{"embeddable":true,"href":"https:\/\/informativoelvalledeaguascalientes.online\/index.php?rest_route=\/wp\/v2\/media\/81824"}],"wp:attachment":[{"href":"https:\/\/informativoelvalledeaguascalientes.online\/index.php?rest_route=%2Fwp%2Fv2%2Fmedia&parent=81823"}],"wp:term":[{"taxonomy":"category","embeddable":true,"href":"https:\/\/informativoelvalledeaguascalientes.online\/index.php?rest_route=%2Fwp%2Fv2%2Fcategories&post=81823"},{"taxonomy":"post_tag","embeddable":true,"href":"https:\/\/informativoelvalledeaguascalientes.online\/index.php?rest_route=%2Fwp%2Fv2%2Ftags&post=81823"}],"curies":[{"name":"wp","href":"https:\/\/api.w.org\/{rel}","templated":true}]}}