{"id":81820,"date":"2026-01-22T21:36:19","date_gmt":"2026-01-23T03:36:19","guid":{"rendered":"https:\/\/informativoelvalledeaguascalientes.online\/?p=81820"},"modified":"2026-01-22T21:36:19","modified_gmt":"2026-01-23T03:36:19","slug":"aguascalientes-se-proyecta-al-mundo-en-fitur-madrid-2026","status":"publish","type":"post","link":"https:\/\/informativoelvalledeaguascalientes.online\/?p=81820","title":{"rendered":"AGUASCALIENTES SE PROYECTA AL MUNDO EN FITUR MADRID 2026"},"content":{"rendered":"<p>#informativoelvalledeaguascalientes #novaradioaguascalientes #informativoelvalledeaguascalientesll #Aguascalientes<\/p>\n<p>&nbsp;<\/p>\n<p>Del 21 al 25 de enero, Aguascalientes estar\u00e1 presente en la Feria Internacional de Turismo en Madrid (FITUR) 2026, uno de los escaparates tur\u00edsticos m\u00e1s importantes del mundo, donde el estado mostrar\u00e1 su identidad, su cultura y la diversidad de experiencias que lo convierten en un destino \u00fanico.<\/p>\n<p>La participaci\u00f3n en este foro internacional permitir\u00e1 fortalecer la promoci\u00f3n de la Feria Nacional de San Marcos (FNSM), una de las celebraciones m\u00e1s emblem\u00e1ticas de M\u00e9xico y reconocida a nivel internacional. En esta edici\u00f3n, Madrid ser\u00e1 la comunidad invitada a la FNSM 198, lo que abre una oportunidad estrat\u00e9gica para reforzar los lazos culturales entre Aguascalientes y Espa\u00f1a.<\/p>\n<p>Durante la FITUR, el estado tambi\u00e9n presentar\u00e1 la tauromaquia como un pilar de su vida cultural y un referente internacional, con carteles de primer nivel en plazas emblem\u00e1ticas, como la Monumental de Aguascalientes y la Plaza San Marcos, consolidando a la entidad como una de las capitales taurinas de Am\u00e9rica.<\/p>\n<p>Adem\u00e1s, Aguascalientes se mostrar\u00e1 como un destino vivo todo el a\u00f1o, con atractivos como la Ruta del Vino, el Festival Cultural de Calaveras, sus Pueblos M\u00e1gicos y experiencias de turismo m\u00e9dico, de negocios, aventura y romance, para ampliar la oferta a todo tipo de visitantes.<\/p>\n<p>Con su presencia en FITUR, Aguascalientes reafirma su visi\u00f3n internacional, proyect\u00e1ndose como un estado con tradici\u00f3n, identidad y una oferta tur\u00edstica integral, listo para conquistar nuevos mercados y recibir al mundo con los brazos abiertos.<\/p>\n","protected":false},"excerpt":{"rendered":"<p>#informativoelvalledeaguascalientes #novaradioaguascalientes #informativoelvalledeaguascalientesll #Aguascalientes &nbsp; Del 21 al 25 de enero, Aguascalientes estar\u00e1 presente en la Feria Internacional de Turismo en Madrid (FITUR) 2026, uno de los escaparates tur\u00edsticos m\u00e1s importantes del mundo, donde el estado mostrar\u00e1 su identidad, su cultura y la diversidad de experiencias que lo convierten en un destino \u00fanico. La participaci\u00f3n [&hellip;]<\/p>\n","protected":false},"author":1,"featured_media":81821,"comment_status":"closed","ping_status":"open","sticky":false,"template":"","format":"standard","meta":{"advanced_seo_description":"","jetpack_seo_html_title":"","jetpack_seo_noindex":false,"_jetpack_memberships_contains_paid_content":false,"footnotes":"","jetpack_publicize_message":"","jetpack_publicize_feature_enabled":true,"jetpack_social_post_already_shared":true,"jetpack_social_options":{"image_generator_settings":{"template":"highway","default_image_id":0,"font":"","enabled":false},"version":2}},"categories":[21,4],"tags":[22,619,615,34],"class_list":["post-81820","post","type-post","status-publish","format-standard","has-post-thumbnail","hentry","category-aguascalientes","category-gobierno-del-estado-aguascalientes","tag-aguascalientes","tag-buro-de-congresos-y-visitantes-de-aguascalientes","tag-gobierno-del-estado-de-aguascalientes","tag-sectur"],"jetpack_publicize_connections":[],"jetpack_featured_media_url":"https:\/\/i0.wp.com\/informativoelvalledeaguascalientes.online\/wp-content\/uploads\/2026\/01\/01559509-0d3c-4c73-a7db-f3aff9059a44.jpg?fit=1200%2C1600&ssl=1","jetpack-related-posts":[],"jetpack_sharing_enabled":true,"jetpack_likes_enabled":true,"_links":{"self":[{"href":"https:\/\/informativoelvalledeaguascalientes.online\/index.php?rest_route=\/wp\/v2\/posts\/81820","targetHints":{"allow":["GET"]}}],"collection":[{"href":"https:\/\/informativoelvalledeaguascalientes.online\/index.php?rest_route=\/wp\/v2\/posts"}],"about":[{"href":"https:\/\/informativoelvalledeaguascalientes.online\/index.php?rest_route=\/wp\/v2\/types\/post"}],"author":[{"embeddable":true,"href":"https:\/\/informativoelvalledeaguascalientes.online\/index.php?rest_route=\/wp\/v2\/users\/1"}],"replies":[{"embeddable":true,"href":"https:\/\/informativoelvalledeaguascalientes.online\/index.php?rest_route=%2Fwp%2Fv2%2Fcomments&post=81820"}],"version-history":[{"count":1,"href":"https:\/\/informativoelvalledeaguascalientes.online\/index.php?rest_route=\/wp\/v2\/posts\/81820\/revisions"}],"predecessor-version":[{"id":81822,"href":"https:\/\/informativoelvalledeaguascalientes.online\/index.php?rest_route=\/wp\/v2\/posts\/81820\/revisions\/81822"}],"wp:featuredmedia":[{"embeddable":true,"href":"https:\/\/informativoelvalledeaguascalientes.online\/index.php?rest_route=\/wp\/v2\/media\/81821"}],"wp:attachment":[{"href":"https:\/\/informativoelvalledeaguascalientes.online\/index.php?rest_route=%2Fwp%2Fv2%2Fmedia&parent=81820"}],"wp:term":[{"taxonomy":"category","embeddable":true,"href":"https:\/\/informativoelvalledeaguascalientes.online\/index.php?rest_route=%2Fwp%2Fv2%2Fcategories&post=81820"},{"taxonomy":"post_tag","embeddable":true,"href":"https:\/\/informativoelvalledeaguascalientes.online\/index.php?rest_route=%2Fwp%2Fv2%2Ftags&post=81820"}],"curies":[{"name":"wp","href":"https:\/\/api.w.org\/{rel}","templated":true}]}}