{"id":81817,"date":"2026-01-22T21:29:52","date_gmt":"2026-01-23T03:29:52","guid":{"rendered":"https:\/\/informativoelvalledeaguascalientes.online\/?p=81817"},"modified":"2026-01-22T21:29:52","modified_gmt":"2026-01-23T03:29:52","slug":"tere-jimenez-se-reune-con-el-gerente-divisional-de-distribucion-bajio-de-la-comision-federal-de-electricidad-gilberto-cuautle-rosales","status":"publish","type":"post","link":"https:\/\/informativoelvalledeaguascalientes.online\/?p=81817","title":{"rendered":"TERE JIM\u00c9NEZ SE RE\u00daNE CON EL GERENTE DIVISIONAL DE DISTRIBUCI\u00d3N BAJ\u00cdO DE LA COMISI\u00d3N FEDERAL DE ELECTRICIDAD, GILBERTO CUAUTLE ROSALES"},"content":{"rendered":"<p>#informativoelvalledeaguascalientes #novaradioaguascalientes #informativoelvalledeaguascalientesll #Aguascalientes<\/p>\n<p>&nbsp;<\/p>\n<p>La gobernadora de Aguascalientes, Tere Jim\u00e9nez, sostuvo una reuni\u00f3n de trabajo con el gerente divisional de Distribuci\u00f3n Baj\u00edo de la Comisi\u00f3n Federal de Electricidad (CFE), Gilberto Cuautle Rosales, con el objetivo de fortalecer la coordinaci\u00f3n institucional y dar seguimiento a temas estrat\u00e9gicos relacionados con el suministro y la distribuci\u00f3n de energ\u00eda el\u00e9ctrica en el estado.<\/p>\n<p>Durante el encuentro se abordaron acciones conjuntas para garantizar un servicio eficiente, confiable y suficiente, que responda a las necesidades de las familias, el sector productivo y los proyectos de desarrollo que se impulsan en Aguascalientes, as\u00ed como para acompa\u00f1ar el crecimiento econ\u00f3mico y la llegada de nuevas inversiones.<\/p>\n<p>La gobernadora destac\u00f3 la importancia de mantener una comunicaci\u00f3n permanente entre el Gobierno del Estado y la CFE, a fin de anticipar necesidades, mejorar la infraestructura el\u00e9ctrica y asegurar que el suministro de energ\u00eda sea un aliado del crecimiento social y la competitividad del estado.<\/p>\n<p>\u201cTrabajamos de manera coordinada con la Federaci\u00f3n para seguir construyendo un Aguascalientes con servicios de calidad, que impulsen el desarrollo, la inversi\u00f3n y una mejor calidad de vida para la gente\u201d, expres\u00f3 Tere Jim\u00e9nez.<\/p>\n<p>Por su parte, Cuautle Rosales reiter\u00f3 la disposici\u00f3n de la CFE para mantener el di\u00e1logo y la colaboraci\u00f3n con el estado, fortaleciendo la planeaci\u00f3n y atenci\u00f3n de proyectos estrat\u00e9gicos en la regi\u00f3n Baj\u00edo.<\/p>\n<p>Con este tipo de encuentros, el Gobierno del Estado reafirma su compromiso de impulsar alianzas institucionales que garanticen servicios p\u00fablicos eficientes, contribuyan al crecimiento econ\u00f3mico y consoliden el desarrollo sostenible de Aguascalientes.<\/p>\n","protected":false},"excerpt":{"rendered":"<p>#informativoelvalledeaguascalientes #novaradioaguascalientes #informativoelvalledeaguascalientesll #Aguascalientes &nbsp; La gobernadora de Aguascalientes, Tere Jim\u00e9nez, sostuvo una reuni\u00f3n de trabajo con el gerente divisional de Distribuci\u00f3n Baj\u00edo de la Comisi\u00f3n Federal de Electricidad (CFE), Gilberto Cuautle Rosales, con el objetivo de fortalecer la coordinaci\u00f3n institucional y dar seguimiento a temas estrat\u00e9gicos relacionados con el suministro y la distribuci\u00f3n de [&hellip;]<\/p>\n","protected":false},"author":1,"featured_media":81818,"comment_status":"closed","ping_status":"open","sticky":false,"template":"","format":"standard","meta":{"advanced_seo_description":"","jetpack_seo_html_title":"","jetpack_seo_noindex":false,"_jetpack_memberships_contains_paid_content":false,"footnotes":"","jetpack_publicize_message":"","jetpack_publicize_feature_enabled":true,"jetpack_social_post_already_shared":true,"jetpack_social_options":{"image_generator_settings":{"template":"highway","default_image_id":0,"font":"","enabled":false},"version":2}},"categories":[21,4],"tags":[22,615,320],"class_list":["post-81817","post","type-post","status-publish","format-standard","has-post-thumbnail","hentry","category-aguascalientes","category-gobierno-del-estado-aguascalientes","tag-aguascalientes","tag-gobierno-del-estado-de-aguascalientes","tag-tere-jimenez"],"jetpack_publicize_connections":[],"jetpack_featured_media_url":"https:\/\/i0.wp.com\/informativoelvalledeaguascalientes.online\/wp-content\/uploads\/2026\/01\/709bbcdf-789e-44cf-a9be-61b28f772e07.jpg?fit=1280%2C852&ssl=1","jetpack-related-posts":[],"jetpack_sharing_enabled":true,"jetpack_likes_enabled":true,"_links":{"self":[{"href":"https:\/\/informativoelvalledeaguascalientes.online\/index.php?rest_route=\/wp\/v2\/posts\/81817","targetHints":{"allow":["GET"]}}],"collection":[{"href":"https:\/\/informativoelvalledeaguascalientes.online\/index.php?rest_route=\/wp\/v2\/posts"}],"about":[{"href":"https:\/\/informativoelvalledeaguascalientes.online\/index.php?rest_route=\/wp\/v2\/types\/post"}],"author":[{"embeddable":true,"href":"https:\/\/informativoelvalledeaguascalientes.online\/index.php?rest_route=\/wp\/v2\/users\/1"}],"replies":[{"embeddable":true,"href":"https:\/\/informativoelvalledeaguascalientes.online\/index.php?rest_route=%2Fwp%2Fv2%2Fcomments&post=81817"}],"version-history":[{"count":1,"href":"https:\/\/informativoelvalledeaguascalientes.online\/index.php?rest_route=\/wp\/v2\/posts\/81817\/revisions"}],"predecessor-version":[{"id":81819,"href":"https:\/\/informativoelvalledeaguascalientes.online\/index.php?rest_route=\/wp\/v2\/posts\/81817\/revisions\/81819"}],"wp:featuredmedia":[{"embeddable":true,"href":"https:\/\/informativoelvalledeaguascalientes.online\/index.php?rest_route=\/wp\/v2\/media\/81818"}],"wp:attachment":[{"href":"https:\/\/informativoelvalledeaguascalientes.online\/index.php?rest_route=%2Fwp%2Fv2%2Fmedia&parent=81817"}],"wp:term":[{"taxonomy":"category","embeddable":true,"href":"https:\/\/informativoelvalledeaguascalientes.online\/index.php?rest_route=%2Fwp%2Fv2%2Fcategories&post=81817"},{"taxonomy":"post_tag","embeddable":true,"href":"https:\/\/informativoelvalledeaguascalientes.online\/index.php?rest_route=%2Fwp%2Fv2%2Ftags&post=81817"}],"curies":[{"name":"wp","href":"https:\/\/api.w.org\/{rel}","templated":true}]}}