{"id":81790,"date":"2026-01-20T19:40:29","date_gmt":"2026-01-21T01:40:29","guid":{"rendered":"https:\/\/informativoelvalledeaguascalientes.online\/?p=81790"},"modified":"2026-01-22T19:43:19","modified_gmt":"2026-01-23T01:43:19","slug":"tere-jimenez-se-reune-con-vidal-llerenas-subsecretario-de-industria-y-comercio","status":"publish","type":"post","link":"https:\/\/informativoelvalledeaguascalientes.online\/?p=81790","title":{"rendered":"TERE JIM\u00c9NEZ SE RE\u00daNE CON VIDAL LLERENAS, SUBSECRETARIO DE INDUSTRIA Y COMERCIO"},"content":{"rendered":"<p>#informativoelvalledeaguascalientes #novaradioaguascalientes #informativoelvalledeaguascalientesll #Aguascalientes<\/p>\n<p>&nbsp;<\/p>\n<p>La gobernadora de Aguascalientes, Tere Jim\u00e9nez, sostuvo un encuentro de trabajo con el subsecretario de Industria y Comercio de la Secretar\u00eda de Econom\u00eda federal, Vidal Llerenas Morales, a fin de establecer una agenda de trabajo conjunta orientada al fortalecimiento de los sectores textil y automotriz, as\u00ed como de otros rubros estrat\u00e9gicos del estado.<\/p>\n<p>Durante el encuentro que se llev\u00f3 a cabo en la Ciudad de M\u00e9xico, la gobernadora realiz\u00f3 gestiones ante esta dependencia federal con el prop\u00f3sito de promover soluciones a los retos que enfrentan las industrias textil y automotriz, derivados de la aplicaci\u00f3n de aranceles, un tema que impacta a los mercados a nivel global.<\/p>\n<p>De igual manera, se acord\u00f3 establecer un espacio de di\u00e1logo con el sector empresarial para revisar de manera espec\u00edfica los planteamientos y requerimientos de cada caso, considerando la importancia que estas actividades industriales representan para el desarrollo econ\u00f3mico y la generaci\u00f3n de empleo en Aguascalientes.<\/p>\n<p>Finalmente, Vidal Llerenas subray\u00f3 la importancia de mantener un di\u00e1logo continuo y fortalecer la colaboraci\u00f3n entre los gobiernos federal y estatal, a fin de consolidar acciones conjuntas que impulsen el crecimiento econ\u00f3mico del estado y contribuyan a mejorar la calidad de vida de las familias.<\/p>\n","protected":false},"excerpt":{"rendered":"<p>#informativoelvalledeaguascalientes #novaradioaguascalientes #informativoelvalledeaguascalientesll #Aguascalientes &nbsp; La gobernadora de Aguascalientes, Tere Jim\u00e9nez, sostuvo un encuentro de trabajo con el subsecretario de Industria y Comercio de la Secretar\u00eda de Econom\u00eda federal, Vidal Llerenas Morales, a fin de establecer una agenda de trabajo conjunta orientada al fortalecimiento de los sectores textil y automotriz, as\u00ed como de otros rubros [&hellip;]<\/p>\n","protected":false},"author":1,"featured_media":81791,"comment_status":"closed","ping_status":"open","sticky":false,"template":"","format":"standard","meta":{"advanced_seo_description":"","jetpack_seo_html_title":"","jetpack_seo_noindex":false,"_jetpack_memberships_contains_paid_content":false,"footnotes":"","jetpack_publicize_message":"","jetpack_publicize_feature_enabled":true,"jetpack_social_post_already_shared":true,"jetpack_social_options":{"image_generator_settings":{"template":"highway","default_image_id":0,"font":"","enabled":false},"version":2}},"categories":[21,4],"tags":[22,615,320],"class_list":["post-81790","post","type-post","status-publish","format-standard","has-post-thumbnail","hentry","category-aguascalientes","category-gobierno-del-estado-aguascalientes","tag-aguascalientes","tag-gobierno-del-estado-de-aguascalientes","tag-tere-jimenez"],"jetpack_publicize_connections":[],"jetpack_featured_media_url":"https:\/\/i0.wp.com\/informativoelvalledeaguascalientes.online\/wp-content\/uploads\/2026\/01\/9b7ba8f0-a48a-4cf3-ab39-e806475a2bf5.jpg?fit=1600%2C1439&ssl=1","jetpack-related-posts":[],"jetpack_sharing_enabled":true,"jetpack_likes_enabled":true,"_links":{"self":[{"href":"https:\/\/informativoelvalledeaguascalientes.online\/index.php?rest_route=\/wp\/v2\/posts\/81790","targetHints":{"allow":["GET"]}}],"collection":[{"href":"https:\/\/informativoelvalledeaguascalientes.online\/index.php?rest_route=\/wp\/v2\/posts"}],"about":[{"href":"https:\/\/informativoelvalledeaguascalientes.online\/index.php?rest_route=\/wp\/v2\/types\/post"}],"author":[{"embeddable":true,"href":"https:\/\/informativoelvalledeaguascalientes.online\/index.php?rest_route=\/wp\/v2\/users\/1"}],"replies":[{"embeddable":true,"href":"https:\/\/informativoelvalledeaguascalientes.online\/index.php?rest_route=%2Fwp%2Fv2%2Fcomments&post=81790"}],"version-history":[{"count":1,"href":"https:\/\/informativoelvalledeaguascalientes.online\/index.php?rest_route=\/wp\/v2\/posts\/81790\/revisions"}],"predecessor-version":[{"id":81792,"href":"https:\/\/informativoelvalledeaguascalientes.online\/index.php?rest_route=\/wp\/v2\/posts\/81790\/revisions\/81792"}],"wp:featuredmedia":[{"embeddable":true,"href":"https:\/\/informativoelvalledeaguascalientes.online\/index.php?rest_route=\/wp\/v2\/media\/81791"}],"wp:attachment":[{"href":"https:\/\/informativoelvalledeaguascalientes.online\/index.php?rest_route=%2Fwp%2Fv2%2Fmedia&parent=81790"}],"wp:term":[{"taxonomy":"category","embeddable":true,"href":"https:\/\/informativoelvalledeaguascalientes.online\/index.php?rest_route=%2Fwp%2Fv2%2Fcategories&post=81790"},{"taxonomy":"post_tag","embeddable":true,"href":"https:\/\/informativoelvalledeaguascalientes.online\/index.php?rest_route=%2Fwp%2Fv2%2Ftags&post=81790"}],"curies":[{"name":"wp","href":"https:\/\/api.w.org\/{rel}","templated":true}]}}