{"id":81780,"date":"2026-01-20T19:25:35","date_gmt":"2026-01-21T01:25:35","guid":{"rendered":"https:\/\/informativoelvalledeaguascalientes.online\/?p=81780"},"modified":"2026-01-22T19:26:56","modified_gmt":"2026-01-23T01:26:56","slug":"tere-jimenez-se-reune-con-marcelo-ebrard-definen-acciones-para-impulsar-el-desarrollo-economico-del-estado","status":"publish","type":"post","link":"https:\/\/informativoelvalledeaguascalientes.online\/?p=81780","title":{"rendered":"TERE JIM\u00c9NEZ SE RE\u00daNE CON MARCELO EBRARD; DEFINEN ACCIONES PARA IMPULSAR EL DESARROLLO ECON\u00d3MICO DEL ESTADO"},"content":{"rendered":"<p>#informativoelvalledeaguascalientes #novaradioaguascalientes #informativoelvalledeaguascalientesll #Aguascalientes<\/p>\n<p>&nbsp;<\/p>\n<p>&nbsp;<\/p>\n<p>La gobernadora de Aguascalientes, Tere Jim\u00e9nez, sostuvo una reuni\u00f3n de trabajo con el secretario de Econom\u00eda del Gobierno de M\u00e9xico, Marcelo Ebrard, para definir acciones conjuntas que fortalezcan la econom\u00eda del estado, impulsen a las empresas locales, promuevan su diversificaci\u00f3n productiva y abran nuevas oportunidades de exportaci\u00f3n, adem\u00e1s de fortalecer la proveedur\u00eda de negocios aguascalentenses a compa\u00f1\u00edas transnacionales.<\/p>\n<p>Durante el encuentro, se destac\u00f3 la importancia de impulsar sectores estrat\u00e9gicos como el automotriz, el textil y el campo, pilares del desarrollo econ\u00f3mico de la entidad.<\/p>\n<p>La gobernadora subray\u00f3 que el objetivo principal es seguir generando empleos formales, a fin de que Aguascalientes se mantenga como uno de los estados con mayor dinamismo laboral del pa\u00eds.<\/p>\n<p>Durante el encuentro que se realiz\u00f3 en la Ciudad de M\u00e9xico, tambi\u00e9n abordaron algunos temas relacionados con la actividad productiva en la entidad y la competitividad de los productos locales, entre otros que inciden en el desarrollo econ\u00f3mico e industrial del estado y la calidad de vida de la poblaci\u00f3n.<\/p>\n<p>Tere Jim\u00e9nez y Marcelo Ebrard coincidieron en que los retos que trae consigo el panorama econ\u00f3mico que prevalece a nivel mundial, son \u00e1reas de oportunidad que deben aprovecharse para abrir nuevos mercados, diversificar la econom\u00eda e impulsar sectores estrat\u00e9gicos e innovadores, como el de la electromovilidad, el aeroespacial, los semiconductores, la agroindustria, las tecnolog\u00edas de la informaci\u00f3n, entre otros.<\/p>\n<p>La gobernadora de Aguascalientes destac\u00f3 la importancia de mantener una comunicaci\u00f3n permanente y una coordinaci\u00f3n institucional entre Estado y Federaci\u00f3n, que permita impulsar estrategias orientadas al desarrollo econ\u00f3mico sostenible y al fortalecimiento de la competitividad del estado.<\/p>\n<p>\u201cEste di\u00e1logo forma parte de los esfuerzos del Gobierno del Estado para consolidar alianzas que contribuyan al crecimiento de Aguascalientes y al desarrollo integral de su gente\u201d, concluy\u00f3 Tere Jim\u00e9nez.<\/p>\n","protected":false},"excerpt":{"rendered":"<p>#informativoelvalledeaguascalientes #novaradioaguascalientes #informativoelvalledeaguascalientesll #Aguascalientes &nbsp; &nbsp; La gobernadora de Aguascalientes, Tere Jim\u00e9nez, sostuvo una reuni\u00f3n de trabajo con el secretario de Econom\u00eda del Gobierno de M\u00e9xico, Marcelo Ebrard, para definir acciones conjuntas que fortalezcan la econom\u00eda del estado, impulsen a las empresas locales, promuevan su diversificaci\u00f3n productiva y abran nuevas oportunidades de exportaci\u00f3n, adem\u00e1s de [&hellip;]<\/p>\n","protected":false},"author":1,"featured_media":81781,"comment_status":"closed","ping_status":"open","sticky":false,"template":"","format":"standard","meta":{"advanced_seo_description":"","jetpack_seo_html_title":"","jetpack_seo_noindex":false,"_jetpack_memberships_contains_paid_content":false,"footnotes":"","jetpack_publicize_message":"","jetpack_publicize_feature_enabled":true,"jetpack_social_post_already_shared":true,"jetpack_social_options":{"image_generator_settings":{"template":"highway","default_image_id":0,"font":"","enabled":false},"version":2}},"categories":[21,4],"tags":[22,615,320],"class_list":["post-81780","post","type-post","status-publish","format-standard","has-post-thumbnail","hentry","category-aguascalientes","category-gobierno-del-estado-aguascalientes","tag-aguascalientes","tag-gobierno-del-estado-de-aguascalientes","tag-tere-jimenez"],"jetpack_publicize_connections":[],"jetpack_featured_media_url":"https:\/\/i0.wp.com\/informativoelvalledeaguascalientes.online\/wp-content\/uploads\/2026\/01\/dae52911-70db-4a0a-8430-ee6b59d06838.jpg?fit=1280%2C960&ssl=1","jetpack-related-posts":[],"jetpack_sharing_enabled":true,"jetpack_likes_enabled":true,"_links":{"self":[{"href":"https:\/\/informativoelvalledeaguascalientes.online\/index.php?rest_route=\/wp\/v2\/posts\/81780","targetHints":{"allow":["GET"]}}],"collection":[{"href":"https:\/\/informativoelvalledeaguascalientes.online\/index.php?rest_route=\/wp\/v2\/posts"}],"about":[{"href":"https:\/\/informativoelvalledeaguascalientes.online\/index.php?rest_route=\/wp\/v2\/types\/post"}],"author":[{"embeddable":true,"href":"https:\/\/informativoelvalledeaguascalientes.online\/index.php?rest_route=\/wp\/v2\/users\/1"}],"replies":[{"embeddable":true,"href":"https:\/\/informativoelvalledeaguascalientes.online\/index.php?rest_route=%2Fwp%2Fv2%2Fcomments&post=81780"}],"version-history":[{"count":1,"href":"https:\/\/informativoelvalledeaguascalientes.online\/index.php?rest_route=\/wp\/v2\/posts\/81780\/revisions"}],"predecessor-version":[{"id":81782,"href":"https:\/\/informativoelvalledeaguascalientes.online\/index.php?rest_route=\/wp\/v2\/posts\/81780\/revisions\/81782"}],"wp:featuredmedia":[{"embeddable":true,"href":"https:\/\/informativoelvalledeaguascalientes.online\/index.php?rest_route=\/wp\/v2\/media\/81781"}],"wp:attachment":[{"href":"https:\/\/informativoelvalledeaguascalientes.online\/index.php?rest_route=%2Fwp%2Fv2%2Fmedia&parent=81780"}],"wp:term":[{"taxonomy":"category","embeddable":true,"href":"https:\/\/informativoelvalledeaguascalientes.online\/index.php?rest_route=%2Fwp%2Fv2%2Fcategories&post=81780"},{"taxonomy":"post_tag","embeddable":true,"href":"https:\/\/informativoelvalledeaguascalientes.online\/index.php?rest_route=%2Fwp%2Fv2%2Ftags&post=81780"}],"curies":[{"name":"wp","href":"https:\/\/api.w.org\/{rel}","templated":true}]}}