{"id":81776,"date":"2026-01-20T17:11:19","date_gmt":"2026-01-20T23:11:19","guid":{"rendered":"https:\/\/informativoelvalledeaguascalientes.online\/?p=81776"},"modified":"2026-01-22T19:19:21","modified_gmt":"2026-01-23T01:19:21","slug":"video-soy-gobierno-del-estado-lanza-campana-soy-de-aguascalientes-para-impulsar-buenas-acciones","status":"publish","type":"post","link":"https:\/\/informativoelvalledeaguascalientes.online\/?p=81776","title":{"rendered":"VIDEO SOY: GOBIERNO DEL ESTADO LANZA CAMPA\u00d1A \u201cSOY DE AGUASCALIENTES\u201d PARA IMPULSAR BUENAS ACCIONES"},"content":{"rendered":"<p>#informativoelvalledeaguascalientes #novaradioaguascalientes #informativoelvalledeaguascalientesll #Aguascalientes<\/p>\n<div style=\"width: 640px;\" class=\"wp-video\"><video class=\"wp-video-shortcode\" id=\"video-81776-1\" width=\"640\" height=\"360\" preload=\"metadata\" controls=\"controls\"><source type=\"video\/mp4\" src=\"https:\/\/informativoelvalledeaguascalientes.online\/wp-content\/uploads\/2026\/01\/WhatsApp-Video-2026-01-20-at-4.05.13-PM_1.mp4?_=1\" \/><a href=\"https:\/\/informativoelvalledeaguascalientes.online\/wp-content\/uploads\/2026\/01\/WhatsApp-Video-2026-01-20-at-4.05.13-PM_1.mp4\">https:\/\/informativoelvalledeaguascalientes.online\/wp-content\/uploads\/2026\/01\/WhatsApp-Video-2026-01-20-at-4.05.13-PM_1.mp4<\/a><\/video><\/div>\n<p>&nbsp;<\/p>\n<p>La Secretar\u00eda de Comunicaci\u00f3n y Vocer\u00eda del Gobierno del Estado present\u00f3 la campa\u00f1a \u201cSoy de Aguascalientes\u201d, una iniciativa que promueve las buenas acciones y destaca las bondades de la comunidad aguascalentense, donde las buenas costumbres y los valores forman parte de su identidad.<\/p>\n<p>Aguascalientes es reconocido como la tierra de la gente buena, una frase que incluso est\u00e1 plasmada en su her\u00e1ldica, que refleja el esp\u00edritu solidario, respetuoso y cercano de quienes viven en el estado.<\/p>\n<p>Con esta campa\u00f1a se busca recordar que una cadena de peque\u00f1as acciones puede generar grandes cambios, y que cada gesto cuenta para fortalecer la convivencia y el sentido de comunidad.<\/p>\n<p>Porque ser de Aguascalientes tambi\u00e9n se demuestra en las costumbres que nos unen, en los detalles cotidianos que nos identifican, como el famoso \u201cuno y uno\u201d, una pr\u00e1ctica que habla de respeto, orden y consideraci\u00f3n por los dem\u00e1s.<\/p>\n<p>La campa\u00f1a \u201cSoy de Aguascalientes\u201d invita a reconocer, compartir y multiplicar esas acciones que nos hacen m\u00e1s humanos y que confirman que, en Aguascalientes, los buenos somos m\u00e1s.<\/p>\n","protected":false},"excerpt":{"rendered":"<p>#informativoelvalledeaguascalientes #novaradioaguascalientes #informativoelvalledeaguascalientesll #Aguascalientes &nbsp; La Secretar\u00eda de Comunicaci\u00f3n y Vocer\u00eda del Gobierno del Estado present\u00f3 la campa\u00f1a \u201cSoy de Aguascalientes\u201d, una iniciativa que promueve las buenas acciones y destaca las bondades de la comunidad aguascalentense, donde las buenas costumbres y los valores forman parte de su identidad. Aguascalientes es reconocido como la tierra de [&hellip;]<\/p>\n","protected":false},"author":1,"featured_media":81778,"comment_status":"closed","ping_status":"open","sticky":false,"template":"","format":"standard","meta":{"advanced_seo_description":"","jetpack_seo_html_title":"","jetpack_seo_noindex":false,"_jetpack_memberships_contains_paid_content":false,"footnotes":"","jetpack_publicize_message":"","jetpack_publicize_feature_enabled":true,"jetpack_social_post_already_shared":true,"jetpack_social_options":{"image_generator_settings":{"template":"highway","default_image_id":0,"font":"","enabled":false},"version":2}},"categories":[21,4],"tags":[22,615,670],"class_list":["post-81776","post","type-post","status-publish","format-standard","has-post-thumbnail","hentry","category-aguascalientes","category-gobierno-del-estado-aguascalientes","tag-aguascalientes","tag-gobierno-del-estado-de-aguascalientes","tag-secovog"],"jetpack_publicize_connections":[],"jetpack_featured_media_url":"https:\/\/i0.wp.com\/informativoelvalledeaguascalientes.online\/wp-content\/uploads\/2026\/01\/6796e0fb-d80e-46ec-8692-3e187ecf84fd.jpg?fit=1280%2C717&ssl=1","jetpack-related-posts":[],"jetpack_sharing_enabled":true,"jetpack_likes_enabled":true,"_links":{"self":[{"href":"https:\/\/informativoelvalledeaguascalientes.online\/index.php?rest_route=\/wp\/v2\/posts\/81776","targetHints":{"allow":["GET"]}}],"collection":[{"href":"https:\/\/informativoelvalledeaguascalientes.online\/index.php?rest_route=\/wp\/v2\/posts"}],"about":[{"href":"https:\/\/informativoelvalledeaguascalientes.online\/index.php?rest_route=\/wp\/v2\/types\/post"}],"author":[{"embeddable":true,"href":"https:\/\/informativoelvalledeaguascalientes.online\/index.php?rest_route=\/wp\/v2\/users\/1"}],"replies":[{"embeddable":true,"href":"https:\/\/informativoelvalledeaguascalientes.online\/index.php?rest_route=%2Fwp%2Fv2%2Fcomments&post=81776"}],"version-history":[{"count":1,"href":"https:\/\/informativoelvalledeaguascalientes.online\/index.php?rest_route=\/wp\/v2\/posts\/81776\/revisions"}],"predecessor-version":[{"id":81779,"href":"https:\/\/informativoelvalledeaguascalientes.online\/index.php?rest_route=\/wp\/v2\/posts\/81776\/revisions\/81779"}],"wp:featuredmedia":[{"embeddable":true,"href":"https:\/\/informativoelvalledeaguascalientes.online\/index.php?rest_route=\/wp\/v2\/media\/81778"}],"wp:attachment":[{"href":"https:\/\/informativoelvalledeaguascalientes.online\/index.php?rest_route=%2Fwp%2Fv2%2Fmedia&parent=81776"}],"wp:term":[{"taxonomy":"category","embeddable":true,"href":"https:\/\/informativoelvalledeaguascalientes.online\/index.php?rest_route=%2Fwp%2Fv2%2Fcategories&post=81776"},{"taxonomy":"post_tag","embeddable":true,"href":"https:\/\/informativoelvalledeaguascalientes.online\/index.php?rest_route=%2Fwp%2Fv2%2Ftags&post=81776"}],"curies":[{"name":"wp","href":"https:\/\/api.w.org\/{rel}","templated":true}]}}