{"id":81756,"date":"2026-01-19T21:20:58","date_gmt":"2026-01-20T03:20:58","guid":{"rendered":"https:\/\/informativoelvalledeaguascalientes.online\/?p=81756"},"modified":"2026-01-19T21:20:58","modified_gmt":"2026-01-20T03:20:58","slug":"jesus-maria-da-inicio-a-la-primera-jornada-2026-de-mejoramiento-urbano-y-social","status":"publish","type":"post","link":"https:\/\/informativoelvalledeaguascalientes.online\/?p=81756","title":{"rendered":"JES\u00daS MAR\u00cdA DA INICIO A LA PRIMERA JORNADA 2026 DE MEJORAMIENTO URBANO Y SOCIAL"},"content":{"rendered":"<p>#informativoelvalledeaguascalientes #novaradioaguascalientes #informativoelvalledeaguascalientesll #Aguascalientes<\/p>\n<p>&nbsp;<\/p>\n<p>\u2022 30 personas se integran a distintas \u00e1reas del Ayuntamiento para realizar labores de limpieza, mantenimiento y mejora de espacios p\u00fablicos.<br \/>\n\u2022 El programa de empleo temporal fortalece la imagen urbana y brinda apoyo temporal a las familias del municipio<\/p>\n<p>El Gobierno Municipal de Jes\u00fas Mar\u00eda dio arranque a la primera Jornada de Mejoramiento Urbano y Social del a\u00f1o 2026, como parte del programa de empleo temporal que busca fortalecer el entorno urbano y brindar apoyo directo a las familias del municipio<\/p>\n<p>En esta primera jornada, 30 personas se integraron al equipo de trabajo que colaborar\u00e1 en distintas \u00e1reas del Ayuntamiento, como Servicios P\u00fablicos, CAPAS, Obras P\u00fablicas, entre otras, contribuyendo a labores de limpieza, mantenimiento y mejora de calles, colonias y espacios p\u00fablicos.<\/p>\n<p>Durante el inicio del programa, el alcalde destac\u00f3 la importancia de mantener este tipo de acciones a pesar de las limitaciones presupuestales que enfrentan los municipios, derivadas de la reducci\u00f3n de recursos federales. Se\u00f1al\u00f3 que, aunque en esta ocasi\u00f3n el programa ser\u00e1 de menor alcance que en a\u00f1os anteriores, se decidi\u00f3 continuar debido al impacto positivo que genera tanto en la imagen urbana como en la econom\u00eda de las familias beneficiadas.<\/p>\n<p>El alcalde explic\u00f3 que se dar\u00e1 prioridad a la conformaci\u00f3n de cuadrillas operativas en \u00e1reas clave, con el objetivo de mejorar la prestaci\u00f3n de servicios y acelerar la atenci\u00f3n en colonias y vialidades. Asimismo, reconoci\u00f3 el esfuerzo de las personas que han participado en ediciones anteriores y subray\u00f3 que, aunque se trata de un empleo temporal, representa un apoyo importante para la econom\u00eda familiar.<\/p>\n<p>Finalmente, el presidente municipal reconoci\u00f3 la disposici\u00f3n y compromiso de las y los participantes, a quienes exhort\u00f3 a desempe\u00f1ar su labor con responsabilidad, trabajo en equipo y sentido de servicio hacia la comunidad.<\/p>\n","protected":false},"excerpt":{"rendered":"<p>#informativoelvalledeaguascalientes #novaradioaguascalientes #informativoelvalledeaguascalientesll #Aguascalientes &nbsp; \u2022 30 personas se integran a distintas \u00e1reas del Ayuntamiento para realizar labores de limpieza, mantenimiento y mejora de espacios p\u00fablicos. \u2022 El programa de empleo temporal fortalece la imagen urbana y brinda apoyo temporal a las familias del municipio El Gobierno Municipal de Jes\u00fas Mar\u00eda dio arranque a la [&hellip;]<\/p>\n","protected":false},"author":1,"featured_media":81757,"comment_status":"closed","ping_status":"open","sticky":false,"template":"","format":"standard","meta":{"advanced_seo_description":"","jetpack_seo_html_title":"","jetpack_seo_noindex":false,"_jetpack_memberships_contains_paid_content":false,"footnotes":"","jetpack_publicize_message":"","jetpack_publicize_feature_enabled":true,"jetpack_social_post_already_shared":true,"jetpack_social_options":{"image_generator_settings":{"template":"highway","default_image_id":0,"font":"","enabled":false},"version":2}},"categories":[21,14],"tags":[22,45],"class_list":["post-81756","post","type-post","status-publish","format-standard","has-post-thumbnail","hentry","category-aguascalientes","category-jesus-maria-aguascalientes","tag-aguascalientes","tag-jesus-maria-aguascalientes"],"jetpack_publicize_connections":[],"jetpack_featured_media_url":"https:\/\/i0.wp.com\/informativoelvalledeaguascalientes.online\/wp-content\/uploads\/2026\/01\/2eb12f50-1ab5-4fab-b0a5-d98b15ac0c23.jpg?fit=2560%2C1183&ssl=1","jetpack-related-posts":[],"jetpack_sharing_enabled":true,"jetpack_likes_enabled":true,"_links":{"self":[{"href":"https:\/\/informativoelvalledeaguascalientes.online\/index.php?rest_route=\/wp\/v2\/posts\/81756","targetHints":{"allow":["GET"]}}],"collection":[{"href":"https:\/\/informativoelvalledeaguascalientes.online\/index.php?rest_route=\/wp\/v2\/posts"}],"about":[{"href":"https:\/\/informativoelvalledeaguascalientes.online\/index.php?rest_route=\/wp\/v2\/types\/post"}],"author":[{"embeddable":true,"href":"https:\/\/informativoelvalledeaguascalientes.online\/index.php?rest_route=\/wp\/v2\/users\/1"}],"replies":[{"embeddable":true,"href":"https:\/\/informativoelvalledeaguascalientes.online\/index.php?rest_route=%2Fwp%2Fv2%2Fcomments&post=81756"}],"version-history":[{"count":1,"href":"https:\/\/informativoelvalledeaguascalientes.online\/index.php?rest_route=\/wp\/v2\/posts\/81756\/revisions"}],"predecessor-version":[{"id":81758,"href":"https:\/\/informativoelvalledeaguascalientes.online\/index.php?rest_route=\/wp\/v2\/posts\/81756\/revisions\/81758"}],"wp:featuredmedia":[{"embeddable":true,"href":"https:\/\/informativoelvalledeaguascalientes.online\/index.php?rest_route=\/wp\/v2\/media\/81757"}],"wp:attachment":[{"href":"https:\/\/informativoelvalledeaguascalientes.online\/index.php?rest_route=%2Fwp%2Fv2%2Fmedia&parent=81756"}],"wp:term":[{"taxonomy":"category","embeddable":true,"href":"https:\/\/informativoelvalledeaguascalientes.online\/index.php?rest_route=%2Fwp%2Fv2%2Fcategories&post=81756"},{"taxonomy":"post_tag","embeddable":true,"href":"https:\/\/informativoelvalledeaguascalientes.online\/index.php?rest_route=%2Fwp%2Fv2%2Ftags&post=81756"}],"curies":[{"name":"wp","href":"https:\/\/api.w.org\/{rel}","templated":true}]}}