{"id":81744,"date":"2026-01-19T20:56:23","date_gmt":"2026-01-20T02:56:23","guid":{"rendered":"https:\/\/informativoelvalledeaguascalientes.online\/?p=81744"},"modified":"2026-01-19T20:56:23","modified_gmt":"2026-01-20T02:56:23","slug":"padron-de-talento-artistico-2026-ica","status":"publish","type":"post","link":"https:\/\/informativoelvalledeaguascalientes.online\/?p=81744","title":{"rendered":"Padr\u00f3n de Talento Art\u00edstico 2026: ICA"},"content":{"rendered":"<p>#informativoelvalledeaguascalientes #novaradioaguascalientes #informativoelvalledeaguascalientesll #Aguascalientes<\/p>\n<p>&nbsp;<\/p>\n<p>Padr\u00f3n de Talento Art\u00edstico 2026<\/p>\n<p>\u00bfQuieres ser parte de la Feria Nacional de San Marcos o de los festivales del Instituto Cultural de Aguascalientes?<\/p>\n<p>Si tienes un proyecto de m\u00fasica, danza, teatro, cine o artes pl\u00e1sticas, reg\u00edstrate en el siguiente enlace: https:\/\/docs.google.com\/forms\/d\/e\/1FAIpQLSdj_aw2hWA8GcW6jp61v5pj5FpAbzTdC8sa_iDJrrSHn3srqg\/viewform?usp=sharing&amp;ouid=104224272305205360618<\/p>\n<p>Tienes hasta el viernes 27 de febrero para enviar tu propuesta.<\/p>\n<p>Exclusivo para talento local.<\/p>\n<p>#ViveICA<\/p>\n","protected":false},"excerpt":{"rendered":"<p>#informativoelvalledeaguascalientes #novaradioaguascalientes #informativoelvalledeaguascalientesll #Aguascalientes &nbsp; Padr\u00f3n de Talento Art\u00edstico 2026 \u00bfQuieres ser parte de la Feria Nacional de San Marcos o de los festivales del Instituto Cultural de Aguascalientes? Si tienes un proyecto de m\u00fasica, danza, teatro, cine o artes pl\u00e1sticas, reg\u00edstrate en el siguiente enlace: https:\/\/docs.google.com\/forms\/d\/e\/1FAIpQLSdj_aw2hWA8GcW6jp61v5pj5FpAbzTdC8sa_iDJrrSHn3srqg\/viewform?usp=sharing&amp;ouid=104224272305205360618 Tienes hasta el viernes 27 de febrero para [&hellip;]<\/p>\n","protected":false},"author":1,"featured_media":81745,"comment_status":"closed","ping_status":"open","sticky":false,"template":"","format":"standard","meta":{"advanced_seo_description":"","jetpack_seo_html_title":"","jetpack_seo_noindex":false,"_jetpack_memberships_contains_paid_content":false,"footnotes":"","jetpack_publicize_message":"","jetpack_publicize_feature_enabled":true,"jetpack_social_post_already_shared":true,"jetpack_social_options":{"image_generator_settings":{"template":"highway","default_image_id":0,"font":"","enabled":false},"version":2}},"categories":[21,4],"tags":[22,615,52],"class_list":["post-81744","post","type-post","status-publish","format-standard","has-post-thumbnail","hentry","category-aguascalientes","category-gobierno-del-estado-aguascalientes","tag-aguascalientes","tag-gobierno-del-estado-de-aguascalientes","tag-ica"],"jetpack_publicize_connections":[],"jetpack_featured_media_url":"https:\/\/i0.wp.com\/informativoelvalledeaguascalientes.online\/wp-content\/uploads\/2026\/01\/f0deecc5-3711-4bb4-9bba-926ec74308de.jpg?fit=1280%2C1600&ssl=1","jetpack-related-posts":[],"jetpack_sharing_enabled":true,"jetpack_likes_enabled":true,"_links":{"self":[{"href":"https:\/\/informativoelvalledeaguascalientes.online\/index.php?rest_route=\/wp\/v2\/posts\/81744","targetHints":{"allow":["GET"]}}],"collection":[{"href":"https:\/\/informativoelvalledeaguascalientes.online\/index.php?rest_route=\/wp\/v2\/posts"}],"about":[{"href":"https:\/\/informativoelvalledeaguascalientes.online\/index.php?rest_route=\/wp\/v2\/types\/post"}],"author":[{"embeddable":true,"href":"https:\/\/informativoelvalledeaguascalientes.online\/index.php?rest_route=\/wp\/v2\/users\/1"}],"replies":[{"embeddable":true,"href":"https:\/\/informativoelvalledeaguascalientes.online\/index.php?rest_route=%2Fwp%2Fv2%2Fcomments&post=81744"}],"version-history":[{"count":1,"href":"https:\/\/informativoelvalledeaguascalientes.online\/index.php?rest_route=\/wp\/v2\/posts\/81744\/revisions"}],"predecessor-version":[{"id":81746,"href":"https:\/\/informativoelvalledeaguascalientes.online\/index.php?rest_route=\/wp\/v2\/posts\/81744\/revisions\/81746"}],"wp:featuredmedia":[{"embeddable":true,"href":"https:\/\/informativoelvalledeaguascalientes.online\/index.php?rest_route=\/wp\/v2\/media\/81745"}],"wp:attachment":[{"href":"https:\/\/informativoelvalledeaguascalientes.online\/index.php?rest_route=%2Fwp%2Fv2%2Fmedia&parent=81744"}],"wp:term":[{"taxonomy":"category","embeddable":true,"href":"https:\/\/informativoelvalledeaguascalientes.online\/index.php?rest_route=%2Fwp%2Fv2%2Fcategories&post=81744"},{"taxonomy":"post_tag","embeddable":true,"href":"https:\/\/informativoelvalledeaguascalientes.online\/index.php?rest_route=%2Fwp%2Fv2%2Ftags&post=81744"}],"curies":[{"name":"wp","href":"https:\/\/api.w.org\/{rel}","templated":true}]}}