{"id":81736,"date":"2026-01-19T20:45:30","date_gmt":"2026-01-20T02:45:30","guid":{"rendered":"https:\/\/informativoelvalledeaguascalientes.online\/?p=81736"},"modified":"2026-01-19T20:45:30","modified_gmt":"2026-01-20T02:45:30","slug":"cinco-dias-que-transformaran-tu-negocio-invitan-a-campamento-nacional-de-fundacion-televisa","status":"publish","type":"post","link":"https:\/\/informativoelvalledeaguascalientes.online\/?p=81736","title":{"rendered":"CINCO D\u00cdAS QUE TRANSFORMAR\u00c1N TU NEGOCIO; INVITAN A CAMPAMENTO NACIONAL DE FUNDACI\u00d3N TELEVISA"},"content":{"rendered":"<p>#informativoelvalledeaguascalientes #novaradioaguascalientes #informativoelvalledeaguascalientesll #Aguascalientes<\/p>\n<p>&nbsp;<\/p>\n<p>* Se ofrecer\u00e1n cursos, herramientas de inteligencia artificial y la vinculaci\u00f3n con inversionistas y potenciales socios de negocio<br \/>\n* El registro cierra el 3 de mayo y puede realizarse en el siguiente enlace: www.posible.org.mx<br \/>\n* Es una gran oportunidad para reforzar a la comunidad empresarial de la entidad: Esa\u00fa Garza de Vega<\/p>\n<p>&nbsp;<\/p>\n<p>\u00bfTienes una idea de negocio y quieres llevarla al siguiente nivel? Esta es tu oportunidad de vivir una experiencia que puede transformar tu emprendimiento.<\/p>\n<p>La Secretar\u00eda de Desarrollo Econ\u00f3mico, Ciencia y Tecnolog\u00eda (Sedecyt) invita a emprendedoras y emprendedores de Aguascalientes a registrarse en la Convocatoria \u201cPOSiBLE 2026\u201d, un campamento nacional de formaci\u00f3n intensiva impulsado por Fundaci\u00f3n Televisa. Reg\u00edstrate en: www.posible.org.mx.<\/p>\n<p>Durante cinco d\u00edas, las y los participantes seleccionados recibir\u00e1n capacitaci\u00f3n especializada, mentor\u00edas con expertos, herramientas de inteligencia artificial y contenidos pr\u00e1cticos para fortalecer su modelo de negocio, adem\u00e1s de vinculaci\u00f3n directa con inversionistas y potenciales socios comerciales.<\/p>\n<p>El titular de la Sedecyt, Esa\u00fa Garza de Vega, destac\u00f3 que este programa es una gran oportunidad para impulsar el talento emprendedor del estado, ya que permite acceder a conocimientos, asesor\u00edas y redes estrat\u00e9gicas que ayudan a crecer en un entorno competitivo.<\/p>\n<p>Por su parte, Anah\u00ed Mar\u00edn L\u00f3pez, subsecretaria para la Micro, Peque\u00f1a y Mediana Empresa, inform\u00f3 que el registro y el cuestionario del modelo de negocio ya est\u00e1n abiertos y cierran el 3 de mayo.<\/p>\n<p>&nbsp;<\/p>\n<p>La evaluaci\u00f3n de proyectos se realizar\u00e1 en mayo y junio, y quienes resulten seleccionados participar\u00e1n en el campamento nacional en septiembre, cuya sede se notificar\u00e1 por correo o WhatsApp.<br \/>\nM\u00e1s informaci\u00f3n al tel\u00e9fono 449 910 26 11, extensi\u00f3n 5917.<\/p>\n","protected":false},"excerpt":{"rendered":"<p>#informativoelvalledeaguascalientes #novaradioaguascalientes #informativoelvalledeaguascalientesll #Aguascalientes &nbsp; * Se ofrecer\u00e1n cursos, herramientas de inteligencia artificial y la vinculaci\u00f3n con inversionistas y potenciales socios de negocio * El registro cierra el 3 de mayo y puede realizarse en el siguiente enlace: www.posible.org.mx * Es una gran oportunidad para reforzar a la comunidad empresarial de la entidad: Esa\u00fa Garza [&hellip;]<\/p>\n","protected":false},"author":1,"featured_media":81737,"comment_status":"closed","ping_status":"open","sticky":false,"template":"","format":"standard","meta":{"advanced_seo_description":"","jetpack_seo_html_title":"","jetpack_seo_noindex":false,"_jetpack_memberships_contains_paid_content":false,"footnotes":"","jetpack_publicize_message":"","jetpack_publicize_feature_enabled":true,"jetpack_social_post_already_shared":true,"jetpack_social_options":{"image_generator_settings":{"template":"highway","default_image_id":0,"font":"","enabled":false},"version":2}},"categories":[21,4],"tags":[22,615,610],"class_list":["post-81736","post","type-post","status-publish","format-standard","has-post-thumbnail","hentry","category-aguascalientes","category-gobierno-del-estado-aguascalientes","tag-aguascalientes","tag-gobierno-del-estado-de-aguascalientes","tag-sedecyt"],"jetpack_publicize_connections":[],"jetpack_featured_media_url":"https:\/\/i0.wp.com\/informativoelvalledeaguascalientes.online\/wp-content\/uploads\/2026\/01\/966ea0c2-a655-4328-a746-8bedd45b2efe.jpg?fit=1083%2C1600&ssl=1","jetpack-related-posts":[],"jetpack_sharing_enabled":true,"jetpack_likes_enabled":true,"_links":{"self":[{"href":"https:\/\/informativoelvalledeaguascalientes.online\/index.php?rest_route=\/wp\/v2\/posts\/81736","targetHints":{"allow":["GET"]}}],"collection":[{"href":"https:\/\/informativoelvalledeaguascalientes.online\/index.php?rest_route=\/wp\/v2\/posts"}],"about":[{"href":"https:\/\/informativoelvalledeaguascalientes.online\/index.php?rest_route=\/wp\/v2\/types\/post"}],"author":[{"embeddable":true,"href":"https:\/\/informativoelvalledeaguascalientes.online\/index.php?rest_route=\/wp\/v2\/users\/1"}],"replies":[{"embeddable":true,"href":"https:\/\/informativoelvalledeaguascalientes.online\/index.php?rest_route=%2Fwp%2Fv2%2Fcomments&post=81736"}],"version-history":[{"count":1,"href":"https:\/\/informativoelvalledeaguascalientes.online\/index.php?rest_route=\/wp\/v2\/posts\/81736\/revisions"}],"predecessor-version":[{"id":81738,"href":"https:\/\/informativoelvalledeaguascalientes.online\/index.php?rest_route=\/wp\/v2\/posts\/81736\/revisions\/81738"}],"wp:featuredmedia":[{"embeddable":true,"href":"https:\/\/informativoelvalledeaguascalientes.online\/index.php?rest_route=\/wp\/v2\/media\/81737"}],"wp:attachment":[{"href":"https:\/\/informativoelvalledeaguascalientes.online\/index.php?rest_route=%2Fwp%2Fv2%2Fmedia&parent=81736"}],"wp:term":[{"taxonomy":"category","embeddable":true,"href":"https:\/\/informativoelvalledeaguascalientes.online\/index.php?rest_route=%2Fwp%2Fv2%2Fcategories&post=81736"},{"taxonomy":"post_tag","embeddable":true,"href":"https:\/\/informativoelvalledeaguascalientes.online\/index.php?rest_route=%2Fwp%2Fv2%2Ftags&post=81736"}],"curies":[{"name":"wp","href":"https:\/\/api.w.org\/{rel}","templated":true}]}}