{"id":81703,"date":"2026-01-18T20:09:15","date_gmt":"2026-01-19T02:09:15","guid":{"rendered":"https:\/\/informativoelvalledeaguascalientes.online\/?p=81703"},"modified":"2026-01-18T20:09:15","modified_gmt":"2026-01-19T02:09:15","slug":"actividad-industrial-de-aguascalientes-crece-pese-a-la-caida-nacional","status":"publish","type":"post","link":"https:\/\/informativoelvalledeaguascalientes.online\/?p=81703","title":{"rendered":"ACTIVIDAD INDUSTRIAL DE AGUASCALIENTES CRECE PESE A LA CA\u00cdDA NACIONAL"},"content":{"rendered":"<p>#informativoelvalledeaguascalientes #novaradioaguascalientes #informativoelvalledeaguascalientesll #Aguascalientes<\/p>\n<p>#informativoelvalledeaguascalientes #novaradioaguascalientes #informativoelvalledeaguascalientesll #Aguascalientes<\/p>\n<p>&nbsp;<\/p>\n<p>Aguascalientes se consolida como uno de los grandes motores de la econom\u00eda nacional. Al cierre de septiembre 2025, la actividad industrial del estado registr\u00f3 un crecimiento anual del 7.8 por ciento, el segundo m\u00e1s alto de todo el pa\u00eds, seg\u00fan el Indicador Mensual de la Actividad Industrial por Entidad Federativa (IMAIEF), publicado por el Instituto Nacional de Estad\u00edstica y Geograf\u00eda (INEGI), en un contexto donde a nivel nacional la industria mostr\u00f3 una ca\u00edda promedio del 2.3 por ciento.<\/p>\n<p>Durante los primeros nueve meses del a\u00f1o pasado, Aguascalientes acumul\u00f3 un crecimiento del 2.7 por ciento, reflejo de una planta productiva s\u00f3lida y de cadenas de valor cada vez m\u00e1s integradas y eficientes.<\/p>\n<p>La gobernadora Tere Jim\u00e9nez subray\u00f3 que estos avances no son casualidad, sino el resultado de una estrategia que impulsa la productividad, la innovaci\u00f3n y el fortalecimiento del sector industrial, pilares que hoy permiten al estado destacar en el escenario nacional.<\/p>\n<p>En el mismo sentido, el titular de la Secretar\u00eda de Desarrollo Econ\u00f3mico, Ciencia y Tecnolog\u00eda (Sedecyt), Esa\u00fa Garza de Vega, destac\u00f3 que este desempe\u00f1o confirma la resiliencia y competitividad del sector productivo local, as\u00ed como la confianza de los inversionistas en Aguascalientes.<\/p>\n<p>El crecimiento industrial del estado se sustenta en la capacidad t\u00e9cnica y la alta productividad de la fuerza laboral hidroc\u00e1lida, que impulsa sectores clave como la manufactura, la construcci\u00f3n, la energ\u00eda y la miner\u00eda.<\/p>\n","protected":false},"excerpt":{"rendered":"<p>#informativoelvalledeaguascalientes #novaradioaguascalientes #informativoelvalledeaguascalientesll #Aguascalientes #informativoelvalledeaguascalientes #novaradioaguascalientes #informativoelvalledeaguascalientesll #Aguascalientes &nbsp; Aguascalientes se consolida como uno de los grandes motores de la econom\u00eda nacional. Al cierre de septiembre 2025, la actividad industrial del estado registr\u00f3 un crecimiento anual del 7.8 por ciento, el segundo m\u00e1s alto de todo el pa\u00eds, seg\u00fan el Indicador Mensual de la Actividad [&hellip;]<\/p>\n","protected":false},"author":1,"featured_media":81704,"comment_status":"closed","ping_status":"open","sticky":false,"template":"","format":"standard","meta":{"advanced_seo_description":"","jetpack_seo_html_title":"","jetpack_seo_noindex":false,"_jetpack_memberships_contains_paid_content":false,"footnotes":"","jetpack_publicize_message":"","jetpack_publicize_feature_enabled":true,"jetpack_social_post_already_shared":true,"jetpack_social_options":{"image_generator_settings":{"template":"highway","default_image_id":0,"font":"","enabled":false},"version":2}},"categories":[21,4],"tags":[22,615,610],"class_list":["post-81703","post","type-post","status-publish","format-standard","has-post-thumbnail","hentry","category-aguascalientes","category-gobierno-del-estado-aguascalientes","tag-aguascalientes","tag-gobierno-del-estado-de-aguascalientes","tag-sedecyt"],"jetpack_publicize_connections":[],"jetpack_featured_media_url":"https:\/\/i0.wp.com\/informativoelvalledeaguascalientes.online\/wp-content\/uploads\/2026\/01\/06e220ee-a941-4479-9eb1-16987479944d.jpg?fit=1600%2C900&ssl=1","jetpack-related-posts":[],"jetpack_sharing_enabled":true,"jetpack_likes_enabled":true,"_links":{"self":[{"href":"https:\/\/informativoelvalledeaguascalientes.online\/index.php?rest_route=\/wp\/v2\/posts\/81703","targetHints":{"allow":["GET"]}}],"collection":[{"href":"https:\/\/informativoelvalledeaguascalientes.online\/index.php?rest_route=\/wp\/v2\/posts"}],"about":[{"href":"https:\/\/informativoelvalledeaguascalientes.online\/index.php?rest_route=\/wp\/v2\/types\/post"}],"author":[{"embeddable":true,"href":"https:\/\/informativoelvalledeaguascalientes.online\/index.php?rest_route=\/wp\/v2\/users\/1"}],"replies":[{"embeddable":true,"href":"https:\/\/informativoelvalledeaguascalientes.online\/index.php?rest_route=%2Fwp%2Fv2%2Fcomments&post=81703"}],"version-history":[{"count":1,"href":"https:\/\/informativoelvalledeaguascalientes.online\/index.php?rest_route=\/wp\/v2\/posts\/81703\/revisions"}],"predecessor-version":[{"id":81705,"href":"https:\/\/informativoelvalledeaguascalientes.online\/index.php?rest_route=\/wp\/v2\/posts\/81703\/revisions\/81705"}],"wp:featuredmedia":[{"embeddable":true,"href":"https:\/\/informativoelvalledeaguascalientes.online\/index.php?rest_route=\/wp\/v2\/media\/81704"}],"wp:attachment":[{"href":"https:\/\/informativoelvalledeaguascalientes.online\/index.php?rest_route=%2Fwp%2Fv2%2Fmedia&parent=81703"}],"wp:term":[{"taxonomy":"category","embeddable":true,"href":"https:\/\/informativoelvalledeaguascalientes.online\/index.php?rest_route=%2Fwp%2Fv2%2Fcategories&post=81703"},{"taxonomy":"post_tag","embeddable":true,"href":"https:\/\/informativoelvalledeaguascalientes.online\/index.php?rest_route=%2Fwp%2Fv2%2Ftags&post=81703"}],"curies":[{"name":"wp","href":"https:\/\/api.w.org\/{rel}","templated":true}]}}