{"id":81691,"date":"2026-01-13T15:05:45","date_gmt":"2026-01-13T21:05:45","guid":{"rendered":"https:\/\/informativoelvalledeaguascalientes.online\/?p=81691"},"modified":"2026-01-18T01:08:32","modified_gmt":"2026-01-18T07:08:32","slug":"%f0%9d%90%8c%f0%9d%90%9a%f0%9d%90%ab%f0%9d%90%ad%f0%9d%90%9e%f0%9d%90%ac-%f0%9d%90%82%f0%9d%90%a2%f0%9d%90%ae%f0%9d%90%9d%f0%9d%90%9a%f0%9d%90%9d%f0%9d%90%9a%f0%9d%90%a7%f0%9d%90%a8-%f0%9d%90%9e-2","status":"publish","type":"post","link":"https:\/\/informativoelvalledeaguascalientes.online\/?p=81691","title":{"rendered":"\ud835\udc0c\ud835\udc1a\ud835\udc2b\ud835\udc2d\ud835\udc1e\ud835\udc2c \ud835\udc02\ud835\udc22\ud835\udc2e\ud835\udc1d\ud835\udc1a\ud835\udc1d\ud835\udc1a\ud835\udc27\ud835\udc28 \ud835\udc1e\ud835\udc27 #\ud835\udc02\ud835\udc1a\ud835\udc25\ud835\udc2f\ud835\udc22\ud835\udc25\ud835\udc25\ud835\udc28"},"content":{"rendered":"<p>#informativoelvalledeaguascalientes #novaradioaguascalientes #informativoelvalledeaguascalientesll #Aguascalientes<\/p>\n<p>&nbsp;<\/p>\n<p>\ud835\udc0c\ud835\udc1a\ud835\udc2b\ud835\udc2d\ud835\udc1e\ud835\udc2c \ud835\udc02\ud835\udc22\ud835\udc2e\ud835\udc1d\ud835\udc1a\ud835\udc1d\ud835\udc1a\ud835\udc27\ud835\udc28 \ud835\udc1e\ud835\udc27 #\ud835\udc02\ud835\udc1a\ud835\udc25\ud835\udc2f\ud835\udc22\ud835\udc25\ud835\udc25\ud835\udc28<\/p>\n<p>El Gobierno de Calvillo que encabeza el presidente municipal, Daniel Romo Urrutia, realiz\u00f3 el programa #MartesCiudadano en la cabecera municipal.<\/p>\n<p>Mediante este espacio las autoridades dialogan directamente con las y los calvillenses para conocer y escuchar sus necesidades, darles seguimiento y buscar soluciones a sus peticiones.<\/p>\n<p>Durante la jornada, los asistentes tambi\u00e9n pudieron acceder a diversos servicios gratuitos como cortes de cabello, atenci\u00f3n de la caja m\u00f3vil de OOSAC, informaci\u00f3n sobre los cursos y talleres de la Casa del Bien Com\u00fan, descuentos en verificaci\u00f3n vehicular por parte de PROESPA, adem\u00e1s de toma de signos vitales por parte del Distrito Sanitario 3.<\/p>\n<p>#\ud835\ude47\ud835\ude5a\ud835\ude5c\ud835\ude56\ud835\ude59\ud835\ude64\ud835\ude4b\ud835\ude56\ud835\ude67\ud835\ude56\ud835\ude48\ud835\ude5e\ud835\ude42\ud835\ude5a\ud835\ude63\ud835\ude69\ud835\ude5a<\/p>\n","protected":false},"excerpt":{"rendered":"<p>#informativoelvalledeaguascalientes #novaradioaguascalientes #informativoelvalledeaguascalientesll #Aguascalientes &nbsp; \ud835\udc0c\ud835\udc1a\ud835\udc2b\ud835\udc2d\ud835\udc1e\ud835\udc2c \ud835\udc02\ud835\udc22\ud835\udc2e\ud835\udc1d\ud835\udc1a\ud835\udc1d\ud835\udc1a\ud835\udc27\ud835\udc28 \ud835\udc1e\ud835\udc27 #\ud835\udc02\ud835\udc1a\ud835\udc25\ud835\udc2f\ud835\udc22\ud835\udc25\ud835\udc25\ud835\udc28 El Gobierno de Calvillo que encabeza el presidente municipal, Daniel Romo Urrutia, realiz\u00f3 el programa #MartesCiudadano en la cabecera municipal. Mediante este espacio las autoridades dialogan directamente con las y los calvillenses para conocer y escuchar sus necesidades, darles seguimiento y buscar soluciones a sus peticiones. [&hellip;]<\/p>\n","protected":false},"author":1,"featured_media":81692,"comment_status":"closed","ping_status":"open","sticky":false,"template":"","format":"standard","meta":{"advanced_seo_description":"","jetpack_seo_html_title":"","jetpack_seo_noindex":false,"_jetpack_memberships_contains_paid_content":false,"footnotes":"","jetpack_publicize_message":"","jetpack_publicize_feature_enabled":true,"jetpack_social_post_already_shared":true,"jetpack_social_options":{"image_generator_settings":{"template":"highway","default_image_id":0,"font":"","enabled":false},"version":2}},"categories":[21,13],"tags":[22,88,29],"class_list":["post-81691","post","type-post","status-publish","format-standard","has-post-thumbnail","hentry","category-aguascalientes","category-calvillo-aguascalientes","tag-aguascalientes","tag-calvillo","tag-calvillo-aguascalientes"],"jetpack_publicize_connections":[],"jetpack_featured_media_url":"https:\/\/i0.wp.com\/informativoelvalledeaguascalientes.online\/wp-content\/uploads\/2026\/01\/3933031f-bc99-4f00-b97a-d79a2acafb32.jpg?fit=1280%2C854&ssl=1","jetpack-related-posts":[],"jetpack_sharing_enabled":true,"jetpack_likes_enabled":true,"_links":{"self":[{"href":"https:\/\/informativoelvalledeaguascalientes.online\/index.php?rest_route=\/wp\/v2\/posts\/81691","targetHints":{"allow":["GET"]}}],"collection":[{"href":"https:\/\/informativoelvalledeaguascalientes.online\/index.php?rest_route=\/wp\/v2\/posts"}],"about":[{"href":"https:\/\/informativoelvalledeaguascalientes.online\/index.php?rest_route=\/wp\/v2\/types\/post"}],"author":[{"embeddable":true,"href":"https:\/\/informativoelvalledeaguascalientes.online\/index.php?rest_route=\/wp\/v2\/users\/1"}],"replies":[{"embeddable":true,"href":"https:\/\/informativoelvalledeaguascalientes.online\/index.php?rest_route=%2Fwp%2Fv2%2Fcomments&post=81691"}],"version-history":[{"count":1,"href":"https:\/\/informativoelvalledeaguascalientes.online\/index.php?rest_route=\/wp\/v2\/posts\/81691\/revisions"}],"predecessor-version":[{"id":81693,"href":"https:\/\/informativoelvalledeaguascalientes.online\/index.php?rest_route=\/wp\/v2\/posts\/81691\/revisions\/81693"}],"wp:featuredmedia":[{"embeddable":true,"href":"https:\/\/informativoelvalledeaguascalientes.online\/index.php?rest_route=\/wp\/v2\/media\/81692"}],"wp:attachment":[{"href":"https:\/\/informativoelvalledeaguascalientes.online\/index.php?rest_route=%2Fwp%2Fv2%2Fmedia&parent=81691"}],"wp:term":[{"taxonomy":"category","embeddable":true,"href":"https:\/\/informativoelvalledeaguascalientes.online\/index.php?rest_route=%2Fwp%2Fv2%2Fcategories&post=81691"},{"taxonomy":"post_tag","embeddable":true,"href":"https:\/\/informativoelvalledeaguascalientes.online\/index.php?rest_route=%2Fwp%2Fv2%2Ftags&post=81691"}],"curies":[{"name":"wp","href":"https:\/\/api.w.org\/{rel}","templated":true}]}}