{"id":81678,"date":"2026-01-17T00:46:31","date_gmt":"2026-01-17T06:46:31","guid":{"rendered":"https:\/\/informativoelvalledeaguascalientes.online\/?p=81678"},"modified":"2026-01-18T00:48:39","modified_gmt":"2026-01-18T06:48:39","slug":"nueva-calle-rehabilitada-mejora-la-movilidad-en-jesus-maria","status":"publish","type":"post","link":"https:\/\/informativoelvalledeaguascalientes.online\/?p=81678","title":{"rendered":"NUEVA CALLE REHABILITADA MEJORA LA MOVILIDAD EN JES\u00daS MAR\u00cdA"},"content":{"rendered":"<p>#informativoelvalledeaguascalientes #novaradioaguascalientes #informativoelvalledeaguascalientesll #Aguascalientes<\/p>\n<p>&nbsp;<\/p>\n<p>* La obra represent\u00f3 una inversi\u00f3n cercana a 800 mil pesos.<br \/>\n* Beneficia la conectividad entre el centro y el primer anillo del municipio.<\/p>\n<p>&nbsp;<\/p>\n<p>El Gobierno Municipal de Jes\u00fas Mar\u00eda inaugur\u00f3 la obra de rehabilitaci\u00f3n de la calle Arroyo de las Culebras, en la colonia Los Arroyitos, como parte del compromiso de fortalecer la infraestructura urbana y mejorar la movilidad en la cabecera municipal.<\/p>\n<p>Durante el evento, el presidente municipal, C\u00e9sar Medina destac\u00f3 que esta obra represent\u00f3 una inversi\u00f3n cercana a 800 mil pesos, recursos que se destinaron a mejorar la seguridad y calidad de vida de las familias. \u201cCada peso invertido tiene como objetivo brindar calles m\u00e1s seguras, mejorar la conectividad y seguir construyendo un Jes\u00fas Mar\u00eda m\u00e1s ordenado y funcional para todas y todos\u201d, se\u00f1al\u00f3 el alcalde.<\/p>\n<p>Por su parte, el secretario de Obras P\u00fablicas, Carlos Humberto Rodr\u00edguez Collazo, inform\u00f3 que la rehabilitaci\u00f3n incluy\u00f3 pavimentaci\u00f3n con concreto hidr\u00e1ulico, construcci\u00f3n de guarniciones y banquetas, as\u00ed como la plantaci\u00f3n de vegetaci\u00f3n urbana.<br \/>\n\u201cSe trata de una vialidad estrat\u00e9gica que conecta el centro con el primer anillo del municipio, lo que permitir\u00e1 un tr\u00e1nsito m\u00e1s seguro y eficiente para peatones y automovilistas\u201d, explic\u00f3.<\/p>\n<p>Asimismo, la Secretar\u00eda de Servicios P\u00fablicos del municipio, instal\u00f3 luminarias para reforzar la seguridad de quienes transitan por la zona, especialmente en horarios laborales y escolares.<\/p>\n<p>Con el corte de list\u00f3n, qued\u00f3 oficialmente inaugurada la calle Arroyo de las Culebras, consolid\u00e1ndose como una acci\u00f3n m\u00e1s para construir una Ciudad de Vanguardia, m\u00e1s segura y con mejor infraestructura urbana.<\/p>\n","protected":false},"excerpt":{"rendered":"<p>#informativoelvalledeaguascalientes #novaradioaguascalientes #informativoelvalledeaguascalientesll #Aguascalientes &nbsp; * La obra represent\u00f3 una inversi\u00f3n cercana a 800 mil pesos. * Beneficia la conectividad entre el centro y el primer anillo del municipio. &nbsp; El Gobierno Municipal de Jes\u00fas Mar\u00eda inaugur\u00f3 la obra de rehabilitaci\u00f3n de la calle Arroyo de las Culebras, en la colonia Los Arroyitos, como parte [&hellip;]<\/p>\n","protected":false},"author":1,"featured_media":81679,"comment_status":"closed","ping_status":"open","sticky":false,"template":"","format":"standard","meta":{"advanced_seo_description":"","jetpack_seo_html_title":"","jetpack_seo_noindex":false,"_jetpack_memberships_contains_paid_content":false,"footnotes":"","jetpack_publicize_message":"","jetpack_publicize_feature_enabled":true,"jetpack_social_post_already_shared":true,"jetpack_social_options":{"image_generator_settings":{"template":"highway","default_image_id":0,"font":"","enabled":false},"version":2}},"categories":[21,14],"tags":[22,45],"class_list":["post-81678","post","type-post","status-publish","format-standard","has-post-thumbnail","hentry","category-aguascalientes","category-jesus-maria-aguascalientes","tag-aguascalientes","tag-jesus-maria-aguascalientes"],"jetpack_publicize_connections":[],"jetpack_featured_media_url":"https:\/\/i0.wp.com\/informativoelvalledeaguascalientes.online\/wp-content\/uploads\/2026\/01\/cefc5b75-6251-48a3-80b8-c7561c2a5485-scaled.jpg?fit=2560%2C1709&ssl=1","jetpack-related-posts":[],"jetpack_sharing_enabled":true,"jetpack_likes_enabled":true,"_links":{"self":[{"href":"https:\/\/informativoelvalledeaguascalientes.online\/index.php?rest_route=\/wp\/v2\/posts\/81678","targetHints":{"allow":["GET"]}}],"collection":[{"href":"https:\/\/informativoelvalledeaguascalientes.online\/index.php?rest_route=\/wp\/v2\/posts"}],"about":[{"href":"https:\/\/informativoelvalledeaguascalientes.online\/index.php?rest_route=\/wp\/v2\/types\/post"}],"author":[{"embeddable":true,"href":"https:\/\/informativoelvalledeaguascalientes.online\/index.php?rest_route=\/wp\/v2\/users\/1"}],"replies":[{"embeddable":true,"href":"https:\/\/informativoelvalledeaguascalientes.online\/index.php?rest_route=%2Fwp%2Fv2%2Fcomments&post=81678"}],"version-history":[{"count":1,"href":"https:\/\/informativoelvalledeaguascalientes.online\/index.php?rest_route=\/wp\/v2\/posts\/81678\/revisions"}],"predecessor-version":[{"id":81680,"href":"https:\/\/informativoelvalledeaguascalientes.online\/index.php?rest_route=\/wp\/v2\/posts\/81678\/revisions\/81680"}],"wp:featuredmedia":[{"embeddable":true,"href":"https:\/\/informativoelvalledeaguascalientes.online\/index.php?rest_route=\/wp\/v2\/media\/81679"}],"wp:attachment":[{"href":"https:\/\/informativoelvalledeaguascalientes.online\/index.php?rest_route=%2Fwp%2Fv2%2Fmedia&parent=81678"}],"wp:term":[{"taxonomy":"category","embeddable":true,"href":"https:\/\/informativoelvalledeaguascalientes.online\/index.php?rest_route=%2Fwp%2Fv2%2Fcategories&post=81678"},{"taxonomy":"post_tag","embeddable":true,"href":"https:\/\/informativoelvalledeaguascalientes.online\/index.php?rest_route=%2Fwp%2Fv2%2Ftags&post=81678"}],"curies":[{"name":"wp","href":"https:\/\/api.w.org\/{rel}","templated":true}]}}