{"id":81661,"date":"2026-01-17T19:12:46","date_gmt":"2026-01-18T01:12:46","guid":{"rendered":"https:\/\/informativoelvalledeaguascalientes.online\/?p=81661"},"modified":"2026-01-18T00:16:47","modified_gmt":"2026-01-18T06:16:47","slug":"impartira-regulacion-sanitaria-cursos-de-buenas-practicas-de-higiene-en-canada-honda","status":"publish","type":"post","link":"https:\/\/informativoelvalledeaguascalientes.online\/?p=81661","title":{"rendered":"IMPARTIR\u00c1 REGULACI\u00d3N SANITARIA CURSOS DE BUENAS PR\u00c1CTICAS DE HIGIENE EN CA\u00d1ADA HONDA"},"content":{"rendered":"<p>#informativoelvalledeaguascalientes #novaradioaguascalientes #informativoelvalledeaguascalientesll #Aguascalientes<\/p>\n<p>&nbsp;<\/p>\n<ul>\n<li><strong><em>La capacitaci\u00f3n se realizar\u00e1 este 23 de enero, a las 10:00 horas,\u00a0<\/em><\/strong><strong><em>sal\u00f3n ejidal ubicado en profesora Esperanza Mateos de Medina s\/n junto a la delegaci\u00f3n municipal en Ca\u00f1ada Honda<\/em><\/strong><\/li>\n<\/ul>\n<p>&nbsp;<\/p>\n<p><strong>Mar\u00eda Teresa Rend\u00f3n Esquivel<\/strong>, coordinadora general de Salud del Municipio de Aguascalientes dio a conocer que se retomar\u00e1 la realizaci\u00f3n de los cursos de buenas pr\u00e1cticas de higiene para apoyar a los propietarios de los negocios, acerc\u00e1ndoles este tipo de jornadas en las delegaciones urbanas y rurales.<\/p>\n<p>Detall\u00f3 que el departamento de Regulaci\u00f3n Sanitaria visitar\u00e1 la comunidad de Ca\u00f1ada Honda, este viernes 23 de enero, a partir de las 10:00 horas, para impartir el curso de manejo higi\u00e9nico de alimentos. Posteriormente, a las 11:00 horas inicia la capacitaci\u00f3n para los giros de estacionamientos, sanitarios, est\u00e9ticas, barber\u00edas, etc., el evento se llevar\u00e1 a cabo en el sal\u00f3n ejidal ubicado en profesora Esperanza Mateos de Medina s\/n junto a la delegaci\u00f3n municipal en Ca\u00f1ada Honda, se debe asistir 30 minutos antes del curso para hacer el registro y el pago correspondiente.<\/p>\n<p>Asimiso,<strong>\u00a0Rend\u00f3n Esquivel\u00a0<\/strong>dio a conocer que el viernes 30 de enero se trasladar\u00e1n a la delegaci\u00f3n Morelos que est\u00e1 ubicada en avenida Siglo XXI #704 en el Morelos I, en esta sede los cursos de buenas practicas de higiene ser\u00e1n parte de las actividades de la primera feria de la salud publica municipal del 2026 en donde tambi\u00e9n tendr\u00e1 presencia el Quir\u00f3fano M\u00f3vil municipal y la Procuradur\u00eda de Protecci\u00f3n al Ambiente con servicios gratuitos para las mascotas.<\/p>\n<p>&nbsp;<\/p>\n<p>Si tienes alguna duda comun\u00edcate al 449 915 84 62 o acude al local 4 del CAM.<\/p>\n","protected":false},"excerpt":{"rendered":"<p>#informativoelvalledeaguascalientes #novaradioaguascalientes #informativoelvalledeaguascalientesll #Aguascalientes &nbsp; La capacitaci\u00f3n se realizar\u00e1 este 23 de enero, a las 10:00 horas,\u00a0sal\u00f3n ejidal ubicado en profesora Esperanza Mateos de Medina s\/n junto a la delegaci\u00f3n municipal en Ca\u00f1ada Honda &nbsp; Mar\u00eda Teresa Rend\u00f3n Esquivel, coordinadora general de Salud del Municipio de Aguascalientes dio a conocer que se retomar\u00e1 la realizaci\u00f3n [&hellip;]<\/p>\n","protected":false},"author":1,"featured_media":81662,"comment_status":"closed","ping_status":"open","sticky":false,"template":"","format":"standard","meta":{"advanced_seo_description":"","jetpack_seo_html_title":"","jetpack_seo_noindex":false,"_jetpack_memberships_contains_paid_content":false,"footnotes":"","jetpack_publicize_message":"","jetpack_publicize_feature_enabled":true,"jetpack_social_post_already_shared":true,"jetpack_social_options":{"image_generator_settings":{"template":"highway","default_image_id":0,"font":"","enabled":false},"version":2}},"categories":[21,3],"tags":[22,25],"class_list":["post-81661","post","type-post","status-publish","format-standard","has-post-thumbnail","hentry","category-aguascalientes","category-municipio-aguascalientes","tag-aguascalientes","tag-mpio-aguascalientes"],"jetpack_publicize_connections":[],"jetpack_featured_media_url":"https:\/\/i0.wp.com\/informativoelvalledeaguascalientes.online\/wp-content\/uploads\/2026\/01\/60900b51-4242-4ad8-b079-ecb97b46bd79.jpg?fit=1150%2C1599&ssl=1","jetpack-related-posts":[],"jetpack_sharing_enabled":true,"jetpack_likes_enabled":true,"_links":{"self":[{"href":"https:\/\/informativoelvalledeaguascalientes.online\/index.php?rest_route=\/wp\/v2\/posts\/81661","targetHints":{"allow":["GET"]}}],"collection":[{"href":"https:\/\/informativoelvalledeaguascalientes.online\/index.php?rest_route=\/wp\/v2\/posts"}],"about":[{"href":"https:\/\/informativoelvalledeaguascalientes.online\/index.php?rest_route=\/wp\/v2\/types\/post"}],"author":[{"embeddable":true,"href":"https:\/\/informativoelvalledeaguascalientes.online\/index.php?rest_route=\/wp\/v2\/users\/1"}],"replies":[{"embeddable":true,"href":"https:\/\/informativoelvalledeaguascalientes.online\/index.php?rest_route=%2Fwp%2Fv2%2Fcomments&post=81661"}],"version-history":[{"count":1,"href":"https:\/\/informativoelvalledeaguascalientes.online\/index.php?rest_route=\/wp\/v2\/posts\/81661\/revisions"}],"predecessor-version":[{"id":81663,"href":"https:\/\/informativoelvalledeaguascalientes.online\/index.php?rest_route=\/wp\/v2\/posts\/81661\/revisions\/81663"}],"wp:featuredmedia":[{"embeddable":true,"href":"https:\/\/informativoelvalledeaguascalientes.online\/index.php?rest_route=\/wp\/v2\/media\/81662"}],"wp:attachment":[{"href":"https:\/\/informativoelvalledeaguascalientes.online\/index.php?rest_route=%2Fwp%2Fv2%2Fmedia&parent=81661"}],"wp:term":[{"taxonomy":"category","embeddable":true,"href":"https:\/\/informativoelvalledeaguascalientes.online\/index.php?rest_route=%2Fwp%2Fv2%2Fcategories&post=81661"},{"taxonomy":"post_tag","embeddable":true,"href":"https:\/\/informativoelvalledeaguascalientes.online\/index.php?rest_route=%2Fwp%2Fv2%2Ftags&post=81661"}],"curies":[{"name":"wp","href":"https:\/\/api.w.org\/{rel}","templated":true}]}}