{"id":81655,"date":"2026-01-16T23:06:11","date_gmt":"2026-01-17T05:06:11","guid":{"rendered":"https:\/\/informativoelvalledeaguascalientes.online\/?p=81655"},"modified":"2026-01-17T23:28:44","modified_gmt":"2026-01-18T05:28:44","slug":"municipio-rinde-homenaje-a-ex-presidentes-municipales-con-el-reconocimiento-legado-municipal","status":"publish","type":"post","link":"https:\/\/informativoelvalledeaguascalientes.online\/?p=81655","title":{"rendered":"MUNICIPIO RINDE HOMENAJE A EX PRESIDENTES MUNICIPALES CON EL RECONOCIMIENTO \u00abLEGADO MUNICIPAL\u00bb"},"content":{"rendered":"<p>#informativoelvalledeaguascalientes #novaradioaguascalientes #informativoelvalledeaguascalientesll #Aguascalientes<\/p>\n<p>&nbsp;<\/p>\n<p>Con la presencia de la gobernadora\u00a0<strong>Tere Jim\u00e9nez Esquivel<\/strong>\u00a0y del presidente municipal,\u00a0<strong>Leo Monta\u00f1ez<\/strong>, el Consejo de la Ciudad llev\u00f3 a cabo una sesi\u00f3n solemne para homenajear a ex presidentes municipales que marcaron la historia de Aguascalientes con el reconocimiento \u00abLegado Municipal\u00bb.<\/p>\n<p>&nbsp;<\/p>\n<p>Como parte de los festejos por el 450 Aniversario de la Fundaci\u00f3n de la Ciudad, los integrantes del Consejo Ciudadano, en conjunto con el Secretariado de Enlace Ciudadano, se reunieron con ex presidentes municipales con el objetivo de conocer c\u00f3mo fue su experiencia, retos, proyectos y logros que marcaron su paso por el gobierno municipal.<\/p>\n<p>&nbsp;<\/p>\n<p>Este es un d\u00eda hist\u00f3rico al congregar a tantos personajes de la historia pol\u00edtica de nuestra ciudad, personas que decidieron encabezar los trabajos desde la administraci\u00f3n municipal, dando forma y rumbo al Aguascalientes moderno.<\/p>\n<p>&nbsp;<\/p>\n<p>Es una satisfacci\u00f3n para m\u00ed, ser parte de este merecido homenaje al trabajo que cada uno de los aqu\u00ed presentes imprimi\u00f3 durante su periodo, enfrentando los retos diarios que conlleva el crecimiento poblacional y territorial de una ciudad-Estado. Cada uno es parte de los cimientos firmes de nuestro presente; en su momento, representaron la visi\u00f3n de un futuro m\u00e1s pr\u00f3spero para todas y todos, indic\u00f3 el presidente municipal.<\/p>\n<p>&nbsp;<\/p>\n<p>La consolidaci\u00f3n del Consejo Ciudadano hoy es una realidad a trav\u00e9s del \u00abLegado Municipal\u00bb, a los siguientes ex presidentes municipales.<\/p>\n<p>Reconocimiento en vida:<\/p>\n<p>&nbsp;<\/p>\n<ul>\n<li><strong>Miguel Romo Medina<\/strong><\/li>\n<li><strong>Armando Romero Rosales<\/strong><\/li>\n<li><strong>Maria Alicia de la Rosa L\u00f3pez<\/strong><\/li>\n<li><strong>Fernando G\u00f3mez Esparza<\/strong><\/li>\n<li><strong>Alfredo Reyes Vel\u00e1zquez<\/strong><\/li>\n<li><strong>Luis Armando Reynoso Femat<\/strong><\/li>\n<li><strong>Ricardo Magdaleno Rodr\u00edguez<\/strong><\/li>\n<li><strong>Mart\u00edn Orozco Sandoval<\/strong><\/li>\n<li><strong>Gabriel Arellano Espinosa<\/strong><\/li>\n<li><strong>Lorena Mart\u00ednez Rodr\u00edguez<\/strong><\/li>\n<li><strong>Juan Antonio Mart\u00edn del Campo<\/strong><\/li>\n<li><strong>Mar\u00eda Teresa Jim\u00e9nez Esquivel<\/strong><\/li>\n<li><strong>M\u00edriam Rodr\u00edguez Tiscare\u00f1o<\/strong><\/li>\n<li><strong>Juana Cecilia L\u00f3pez Ortiz<\/strong><\/li>\n<li><strong>Leonardo Monta\u00f1ez Castro<\/strong><\/li>\n<li><strong>Jos\u00e9 Juan S\u00e1nchez Barba<\/strong><\/li>\n<\/ul>\n<p>Homenaje p\u00f3stumo:<\/p>\n<ul>\n<li><strong>Francisco M. Revilla<\/strong><\/li>\n<li><strong>Luis Ortega Douglas<\/strong><\/li>\n<li><strong>Roberto Jifkins Rangel<\/strong><\/li>\n<li><strong>Antonio Medina Romo<\/strong><\/li>\n<li><strong>Gilberto L\u00f3pez Velarde<\/strong><\/li>\n<li><strong>Francisco Guel Jim\u00e9nez<\/strong><\/li>\n<li><strong>\u00c1ngel Talamantes Ponce<\/strong><\/li>\n<li><strong>Felipe Reynoso Jim\u00e9nez<\/strong><\/li>\n<li><strong>Francisco Ram\u00edrez Mart\u00ednez<\/strong><\/li>\n<li><strong>Pedro C. Rivas Cu\u00e9llar<\/strong><\/li>\n<li><strong>H\u00e9ctor Manuel del Villar Mart\u00ednez<\/strong><\/li>\n<li><strong>Adri\u00e1n Ventura D\u00e1vila<\/strong><\/li>\n<\/ul>\n<p>&nbsp;<\/p>\n<p>Al finalizar la entrega de reconocimientos,\u00a0<strong>Leo Monta\u00f1ez<\/strong>\u00a0indic\u00f3: \u00abAgradezco a todos los ex presidentes municipales presentes por su entusiasmo al participar en esta gran iniciativa del Consejo Ciudadano, para reconocer el gran legado de su trabajo. Reconozco que Aguascalientes es reflejo de la pluralidad de visiones de quienes asumieron la responsabilidad para encabezar el gobierno municipal, que se caracteriza por ser el m\u00e1s cercano a la ciudadan\u00eda; no es coincidencia que hoy somos de las ciudades capital con m\u00e1s vitalidad, prosperidad y seguridad del pa\u00eds. Gracias a todos por estar aqu\u00ed, por participar y continuar aportando a este peque\u00f1o pedazo de patria\u00bb, finaliz\u00f3.<\/p>\n<p>Durante este emotivo evento se cont\u00f3 con la presencia de invitados especiales y familiares de los homenajeados.<\/p>\n","protected":false},"excerpt":{"rendered":"<p>#informativoelvalledeaguascalientes #novaradioaguascalientes #informativoelvalledeaguascalientesll #Aguascalientes &nbsp; Con la presencia de la gobernadora\u00a0Tere Jim\u00e9nez Esquivel\u00a0y del presidente municipal,\u00a0Leo Monta\u00f1ez, el Consejo de la Ciudad llev\u00f3 a cabo una sesi\u00f3n solemne para homenajear a ex presidentes municipales que marcaron la historia de Aguascalientes con el reconocimiento \u00abLegado Municipal\u00bb. &nbsp; Como parte de los festejos por el 450 Aniversario [&hellip;]<\/p>\n","protected":false},"author":1,"featured_media":81656,"comment_status":"closed","ping_status":"open","sticky":false,"template":"","format":"standard","meta":{"advanced_seo_description":"","jetpack_seo_html_title":"","jetpack_seo_noindex":false,"_jetpack_memberships_contains_paid_content":false,"footnotes":"","jetpack_publicize_message":"","jetpack_publicize_feature_enabled":true,"jetpack_social_post_already_shared":true,"jetpack_social_options":{"image_generator_settings":{"template":"highway","default_image_id":0,"font":"","enabled":false},"version":2}},"categories":[21,3],"tags":[22,25],"class_list":["post-81655","post","type-post","status-publish","format-standard","has-post-thumbnail","hentry","category-aguascalientes","category-municipio-aguascalientes","tag-aguascalientes","tag-mpio-aguascalientes"],"jetpack_publicize_connections":[],"jetpack_featured_media_url":"https:\/\/i0.wp.com\/informativoelvalledeaguascalientes.online\/wp-content\/uploads\/2026\/01\/legado-mpio.jpg?fit=2048%2C1349&ssl=1","jetpack-related-posts":[],"jetpack_sharing_enabled":true,"jetpack_likes_enabled":true,"_links":{"self":[{"href":"https:\/\/informativoelvalledeaguascalientes.online\/index.php?rest_route=\/wp\/v2\/posts\/81655","targetHints":{"allow":["GET"]}}],"collection":[{"href":"https:\/\/informativoelvalledeaguascalientes.online\/index.php?rest_route=\/wp\/v2\/posts"}],"about":[{"href":"https:\/\/informativoelvalledeaguascalientes.online\/index.php?rest_route=\/wp\/v2\/types\/post"}],"author":[{"embeddable":true,"href":"https:\/\/informativoelvalledeaguascalientes.online\/index.php?rest_route=\/wp\/v2\/users\/1"}],"replies":[{"embeddable":true,"href":"https:\/\/informativoelvalledeaguascalientes.online\/index.php?rest_route=%2Fwp%2Fv2%2Fcomments&post=81655"}],"version-history":[{"count":1,"href":"https:\/\/informativoelvalledeaguascalientes.online\/index.php?rest_route=\/wp\/v2\/posts\/81655\/revisions"}],"predecessor-version":[{"id":81657,"href":"https:\/\/informativoelvalledeaguascalientes.online\/index.php?rest_route=\/wp\/v2\/posts\/81655\/revisions\/81657"}],"wp:featuredmedia":[{"embeddable":true,"href":"https:\/\/informativoelvalledeaguascalientes.online\/index.php?rest_route=\/wp\/v2\/media\/81656"}],"wp:attachment":[{"href":"https:\/\/informativoelvalledeaguascalientes.online\/index.php?rest_route=%2Fwp%2Fv2%2Fmedia&parent=81655"}],"wp:term":[{"taxonomy":"category","embeddable":true,"href":"https:\/\/informativoelvalledeaguascalientes.online\/index.php?rest_route=%2Fwp%2Fv2%2Fcategories&post=81655"},{"taxonomy":"post_tag","embeddable":true,"href":"https:\/\/informativoelvalledeaguascalientes.online\/index.php?rest_route=%2Fwp%2Fv2%2Ftags&post=81655"}],"curies":[{"name":"wp","href":"https:\/\/api.w.org\/{rel}","templated":true}]}}