{"id":81626,"date":"2026-01-17T18:37:44","date_gmt":"2026-01-18T00:37:44","guid":{"rendered":"https:\/\/informativoelvalledeaguascalientes.online\/?p=81626"},"modified":"2026-01-17T18:37:44","modified_gmt":"2026-01-18T00:37:44","slug":"tere-jimenez-pone-en-marcha-el-operativo-amigo-peregrino-2026-en-apoyo-a-12-mil-caminantes-en-su-ruta-a-san-juan","status":"publish","type":"post","link":"https:\/\/informativoelvalledeaguascalientes.online\/?p=81626","title":{"rendered":"TERE JIM\u00c9NEZ PONE EN MARCHA EL OPERATIVO \u201cAMIGO PEREGRINO\u201d 2026 EN APOYO A 12 MIL CAMINANTES EN SU RUTA A SAN JUAN"},"content":{"rendered":"<p>#informativoelvalledeaguascalientes #novaradioaguascalientes #informativoelvalledeaguascalientesll #Aguascalientes<\/p>\n<p>&nbsp;<\/p>\n<ul class=\"dNJ8f _20N9R\">\n<li class=\"qD7Da\" dir=\"auto\" aria-level=\"1\">\n<p id=\"viewer-qaox0348\" class=\"DcJ9z XlQz- e0fys yYVS1\" dir=\"\"><span class=\"_6HCTV e0fys\"><strong><em>Del 17 de enero al 1 de febrero, 190 elementos y 76 unidades brindar\u00e1n seguridad, atenci\u00f3n m\u00e9dica y apoyo\u00a0<\/em><\/strong><\/span><\/p>\n<\/li>\n<li class=\"qD7Da\" dir=\"auto\" aria-level=\"1\">\n<p id=\"viewer-chu90351\" class=\"DcJ9z XlQz- e0fys yYVS1\" dir=\"\"><span class=\"_6HCTV e0fys\"><strong><em>Se instalaron puntos de apoyo con agua, suero, alimentos y servicios m\u00e9dicos para que las y los peregrinos caminen seguros\u00a0<\/em><\/strong><\/span><\/p>\n<\/li>\n<li class=\"qD7Da\" dir=\"auto\" aria-level=\"1\">\n<p id=\"viewer-t4i57354\" class=\"DcJ9z XlQz- e0fys yYVS1\" dir=\"\"><span class=\"_6HCTV e0fys\"><strong><em>Participan dependencias federales, estatales y municipales<\/em><\/strong><\/span><\/p>\n<div id=\"viewer-maqie375\" class=\"DcJ9z XlQz- e0fys yYVS1\" dir=\"\"><span class=\"_6HCTV e0fys\">\u00a0<\/span><\/div>\n<\/li>\n<\/ul>\n<p id=\"viewer-wb6d2356\" class=\"DcJ9z XlQz- e0fys yYVS1\" dir=\"auto\"><span class=\"_6HCTV e0fys\">La gobernadora de Aguascalientes, Tere Jim\u00e9nez, puso en marcha el operativo \u201cAmigo Peregrino 2026\u201d, un esfuerzo pensado especialmente para cuidar, acompa\u00f1ar y proteger a las y los peregrinos que cada a\u00f1o realizan la tradicional caminata hacia San Juan de los Lagos, Jalisco. El operativo se desarrollar\u00e1 del 17 de enero al 1 de febrero y beneficiar\u00e1 a m\u00e1s de 12 mil personas que recorrer\u00e1n este camino de fe.<\/span><\/p>\n<div id=\"viewer-gc2vh397\" class=\"DcJ9z XlQz- e0fys yYVS1\" dir=\"auto\"><span class=\"_6HCTV e0fys\">\u00a0<\/span><\/div>\n<p id=\"viewer-2jmid358\" class=\"DcJ9z XlQz- e0fys yYVS1\" dir=\"auto\"><span class=\"_6HCTV e0fys\">Durante el arranque, la gobernadora destac\u00f3 que su prioridad es que quienes emprenden esta peregrinaci\u00f3n lleguen con bien a su destino, por lo que este operativo amplio, organizado y cercano a la gente, cuenta con la participaci\u00f3n de dependencias de los tres niveles de gobierno, voluntarios y sector privado.<\/span><\/p>\n<div id=\"viewer-q5hpu409\" class=\"DcJ9z XlQz- e0fys yYVS1\" dir=\"auto\"><span class=\"_6HCTV e0fys\">\u00a0<\/span><\/div>\n<p id=\"viewer-v257g360\" class=\"DcJ9z XlQz- e0fys yYVS1\" dir=\"auto\"><span class=\"_6HCTV e0fys\">\u201cQueremos que las y los peregrinos se sientan acompa\u00f1ados y seguros en todo momento, por ello se desplegar\u00e1n 190 elementos de 19 dependencias y 76 unidades que incluyen un helic\u00f3ptero, patrullas, motocicletas, camionetas, unidades de ataque r\u00e1pido, ambulancias, entre otras, quienes estar\u00e1n a lo largo del trayecto brindando apoyo, orientaci\u00f3n y atenci\u00f3n preventiva a las y los caminantes\u201d, destac\u00f3 Tere Jim\u00e9nez.<\/span><\/p>\n<div id=\"viewer-zhvd9421\" class=\"DcJ9z XlQz- e0fys yYVS1\" dir=\"auto\"><span class=\"_6HCTV e0fys\">\u00a0<\/span><\/div>\n<p id=\"viewer-fbd72362\" class=\"DcJ9z XlQz- e0fys yYVS1\" dir=\"auto\"><span class=\"_6HCTV e0fys\">A\u00f1adi\u00f3 que, como parte del operativo, se instalar\u00e1n seis puntos de control y un centro de mando en el sur de la capital, desde la Central de Abastos hasta la comunidad de San Antonio de Pe\u00f1uelas. En estos espacios, las y los peregrinos podr\u00e1n encontrar agua, suero oral, fruta, atenci\u00f3n m\u00e9dica, cobijas, cintas reflejantes, as\u00ed como informaci\u00f3n y orientaci\u00f3n para continuar su camino de manera segura.<\/span><\/p>\n<div id=\"viewer-q42qe433\" class=\"DcJ9z XlQz- e0fys yYVS1\" dir=\"auto\"><span class=\"_6HCTV e0fys\">\u00a0<\/span><\/div>\n<p id=\"viewer-hxlwh364\" class=\"DcJ9z XlQz- e0fys yYVS1\" dir=\"auto\"><span class=\"_6HCTV e0fys\">Los puntos de apoyo estar\u00e1n ubicados en la Central de Abastos; Nissan A1, donde se concentrar\u00e1 el puesto de mando y control; el entronque Los Arellano; la comunidad de Pe\u00f1uelas; la comunidad de Montoro; el entronque Coyotes; y la zona de La Ermita, cubriendo as\u00ed los principales tramos del recorrido.<\/span><\/p>\n<div id=\"viewer-ld06p445\" class=\"DcJ9z XlQz- e0fys yYVS1\" dir=\"auto\"><span class=\"_6HCTV e0fys\">\u00a0<\/span><\/div>\n<p id=\"viewer-la9rg366\" class=\"DcJ9z XlQz- e0fys yYVS1\" dir=\"auto\"><span class=\"_6HCTV e0fys\">En el operativo \u201cAmigo Peregrino 2026\u201d participan la Secretar\u00eda de la Defensa Nacional, la Guardia Nacional, la Secretar\u00eda de Seguridad P\u00fablica del Estado, la Secretar\u00eda de Seguridad P\u00fablica del Municipio de Aguascalientes, el C5i, el ISSEA, Protecci\u00f3n Civil Estatal y Municipal, la Cruz Roja Mexicana, Param\u00e9dicos Municipales, Bomberos del Estado y del Municipio, el DIF Estatal, la Secretar\u00eda de Desarrollo Social del Estado, la Procuradur\u00eda Estatal de Protecci\u00f3n al Ambiente, \u00c1ngeles Verdes, Cruz \u00c1mbar, la Secretar\u00eda de Comunicaciones y Transportes, y la Comisi\u00f3n Estatal de B\u00fasqueda de Personas.<\/span><\/p>\n<div id=\"viewer-nhu8g457\" class=\"DcJ9z XlQz- e0fys yYVS1\" dir=\"auto\"><span class=\"_6HCTV e0fys\">\u00a0<\/span><\/div>\n<p id=\"viewer-v09fo368\" class=\"DcJ9z XlQz- e0fys yYVS1\" dir=\"auto\"><span class=\"_6HCTV e0fys\">Estuvieron presentes Aurora Jim\u00e9nez Esquivel, primera voluntaria y presidenta del DIF Estatal; \u00c1lvaro Javier Ju\u00e1rez V\u00e1zquez, comandante de la 14\/a. Zona Militar; Homero Blanco Lozada, coordinador estatal de la Guardia Nacional en Aguascalientes; Nancy Guti\u00e9rrez Ruvalcaba, presidenta de la Comisi\u00f3n de Seguridad P\u00fablica del H. Congreso del Estado; Julio Garc\u00eda, director de Planta Motor NISSAN; Antonio Mart\u00ednez Romo, secretario de Seguridad P\u00fablica del Estado; Rub\u00e9n Galaviz Trist\u00e1n, secretario de Salud del Estado; Paty Castillo, secretaria de Desarrollo Social; Manuel Cortina Reynoso, subsecretario de Gobierno; Jes\u00fas Eduardo Mu\u00f1oz de Le\u00f3n, coordinador estatal de Protecci\u00f3n Civil; Michelle Olmos \u00c1lvarez, directora general del C5i; H\u00e9ctor Castorena Esparza, director del DIF Estatal; Jaime del Conde Ugarte, delegado nacional y consejero nacional de la Cruz Roja Mexicana; Gonzalo P\u00e9rez Z\u00fa\u00f1iga, secretario de Seguridad P\u00fablica del Municipio de Aguascalientes; y Jos\u00e9 Gabino V\u00e1zquez Vega, coordinador de Protecci\u00f3n Civil municipal.<\/span><\/p>\n","protected":false},"excerpt":{"rendered":"<p>#informativoelvalledeaguascalientes #novaradioaguascalientes #informativoelvalledeaguascalientesll #Aguascalientes &nbsp; Del 17 de enero al 1 de febrero, 190 elementos y 76 unidades brindar\u00e1n seguridad, atenci\u00f3n m\u00e9dica y apoyo\u00a0 Se instalaron puntos de apoyo con agua, suero, alimentos y servicios m\u00e9dicos para que las y los peregrinos caminen seguros\u00a0 Participan dependencias federales, estatales y municipales \u00a0 La gobernadora de Aguascalientes, [&hellip;]<\/p>\n","protected":false},"author":1,"featured_media":81627,"comment_status":"closed","ping_status":"open","sticky":false,"template":"","format":"standard","meta":{"advanced_seo_description":"","jetpack_seo_html_title":"","jetpack_seo_noindex":false,"_jetpack_memberships_contains_paid_content":false,"footnotes":"","jetpack_publicize_message":"","jetpack_publicize_feature_enabled":true,"jetpack_social_post_already_shared":true,"jetpack_social_options":{"image_generator_settings":{"template":"highway","default_image_id":0,"font":"","enabled":false},"version":2}},"categories":[21,4],"tags":[22,615,122,320],"class_list":["post-81626","post","type-post","status-publish","format-standard","has-post-thumbnail","hentry","category-aguascalientes","category-gobierno-del-estado-aguascalientes","tag-aguascalientes","tag-gobierno-del-estado-de-aguascalientes","tag-sspe-aguascalientes","tag-tere-jimenez"],"jetpack_publicize_connections":[],"jetpack_featured_media_url":"https:\/\/i0.wp.com\/informativoelvalledeaguascalientes.online\/wp-content\/uploads\/2026\/01\/0de3da62-55b5-44f3-83cc-f6c66c4a0454.jpg?fit=1600%2C1068&ssl=1","jetpack-related-posts":[],"jetpack_sharing_enabled":true,"jetpack_likes_enabled":true,"_links":{"self":[{"href":"https:\/\/informativoelvalledeaguascalientes.online\/index.php?rest_route=\/wp\/v2\/posts\/81626","targetHints":{"allow":["GET"]}}],"collection":[{"href":"https:\/\/informativoelvalledeaguascalientes.online\/index.php?rest_route=\/wp\/v2\/posts"}],"about":[{"href":"https:\/\/informativoelvalledeaguascalientes.online\/index.php?rest_route=\/wp\/v2\/types\/post"}],"author":[{"embeddable":true,"href":"https:\/\/informativoelvalledeaguascalientes.online\/index.php?rest_route=\/wp\/v2\/users\/1"}],"replies":[{"embeddable":true,"href":"https:\/\/informativoelvalledeaguascalientes.online\/index.php?rest_route=%2Fwp%2Fv2%2Fcomments&post=81626"}],"version-history":[{"count":1,"href":"https:\/\/informativoelvalledeaguascalientes.online\/index.php?rest_route=\/wp\/v2\/posts\/81626\/revisions"}],"predecessor-version":[{"id":81628,"href":"https:\/\/informativoelvalledeaguascalientes.online\/index.php?rest_route=\/wp\/v2\/posts\/81626\/revisions\/81628"}],"wp:featuredmedia":[{"embeddable":true,"href":"https:\/\/informativoelvalledeaguascalientes.online\/index.php?rest_route=\/wp\/v2\/media\/81627"}],"wp:attachment":[{"href":"https:\/\/informativoelvalledeaguascalientes.online\/index.php?rest_route=%2Fwp%2Fv2%2Fmedia&parent=81626"}],"wp:term":[{"taxonomy":"category","embeddable":true,"href":"https:\/\/informativoelvalledeaguascalientes.online\/index.php?rest_route=%2Fwp%2Fv2%2Fcategories&post=81626"},{"taxonomy":"post_tag","embeddable":true,"href":"https:\/\/informativoelvalledeaguascalientes.online\/index.php?rest_route=%2Fwp%2Fv2%2Ftags&post=81626"}],"curies":[{"name":"wp","href":"https:\/\/api.w.org\/{rel}","templated":true}]}}