{"id":81623,"date":"2026-01-17T18:33:59","date_gmt":"2026-01-18T00:33:59","guid":{"rendered":"https:\/\/informativoelvalledeaguascalientes.online\/?p=81623"},"modified":"2026-01-17T18:33:59","modified_gmt":"2026-01-18T00:33:59","slug":"audiciona-para-formar-parte-del-ferial-uno-de-los-eventos-mas-importantes-y-de-tradicion-de-la-feria-nacional-de-san-marcos","status":"publish","type":"post","link":"https:\/\/informativoelvalledeaguascalientes.online\/?p=81623","title":{"rendered":"Audiciona para formar parte del Ferial, uno de los eventos m\u00e1s importantes y de tradici\u00f3n de la Feria Nacional de San Marcos."},"content":{"rendered":"<p>#informativoelvalledeaguascalientes #novaradioaguascalientes #informativoelvalledeaguascalientesll #Aguascalientes<\/p>\n<p>&nbsp;<\/p>\n<p>Audiciona para formar parte del Ferial, uno de los eventos m\u00e1s importantes y de tradici\u00f3n de la Feria Nacional de San Marcos.<\/p>\n<p>La convocatoria est\u00e1 abierta para int\u00e9rpretes de danza contempor\u00e1nea, danza cl\u00e1sica, baile urbano, danza folcl\u00f3rica, baile flamenco y actores y actrices.<\/p>\n<p>Tienes hasta el 31 de enero para registrarte en el siguiente formulario: https:\/\/docs.google.com\/forms\/d\/18X2wRM8xTYULBzDY_HNAc6vbOF0m8hJMiqFqD35KP1E\/edit<\/p>\n<p>Las audiciones se llevar\u00e1n a cabo el 31 de enero y 1 de febrero.<\/p>\n","protected":false},"excerpt":{"rendered":"<p>#informativoelvalledeaguascalientes #novaradioaguascalientes #informativoelvalledeaguascalientesll #Aguascalientes &nbsp; Audiciona para formar parte del Ferial, uno de los eventos m\u00e1s importantes y de tradici\u00f3n de la Feria Nacional de San Marcos. La convocatoria est\u00e1 abierta para int\u00e9rpretes de danza contempor\u00e1nea, danza cl\u00e1sica, baile urbano, danza folcl\u00f3rica, baile flamenco y actores y actrices. Tienes hasta el 31 de enero para [&hellip;]<\/p>\n","protected":false},"author":1,"featured_media":81624,"comment_status":"closed","ping_status":"open","sticky":false,"template":"","format":"standard","meta":{"advanced_seo_description":"","jetpack_seo_html_title":"","jetpack_seo_noindex":false,"_jetpack_memberships_contains_paid_content":false,"footnotes":"","jetpack_publicize_message":"","jetpack_publicize_feature_enabled":true,"jetpack_social_post_already_shared":true,"jetpack_social_options":{"image_generator_settings":{"template":"highway","default_image_id":0,"font":"","enabled":false},"version":2}},"categories":[21,4],"tags":[22,615,52],"class_list":["post-81623","post","type-post","status-publish","format-standard","has-post-thumbnail","hentry","category-aguascalientes","category-gobierno-del-estado-aguascalientes","tag-aguascalientes","tag-gobierno-del-estado-de-aguascalientes","tag-ica"],"jetpack_publicize_connections":[],"jetpack_featured_media_url":"https:\/\/i0.wp.com\/informativoelvalledeaguascalientes.online\/wp-content\/uploads\/2026\/01\/7fb18da3-4f21-45ea-932c-177b86e7026a.jpg?fit=1024%2C1280&ssl=1","jetpack-related-posts":[],"jetpack_sharing_enabled":true,"jetpack_likes_enabled":true,"_links":{"self":[{"href":"https:\/\/informativoelvalledeaguascalientes.online\/index.php?rest_route=\/wp\/v2\/posts\/81623","targetHints":{"allow":["GET"]}}],"collection":[{"href":"https:\/\/informativoelvalledeaguascalientes.online\/index.php?rest_route=\/wp\/v2\/posts"}],"about":[{"href":"https:\/\/informativoelvalledeaguascalientes.online\/index.php?rest_route=\/wp\/v2\/types\/post"}],"author":[{"embeddable":true,"href":"https:\/\/informativoelvalledeaguascalientes.online\/index.php?rest_route=\/wp\/v2\/users\/1"}],"replies":[{"embeddable":true,"href":"https:\/\/informativoelvalledeaguascalientes.online\/index.php?rest_route=%2Fwp%2Fv2%2Fcomments&post=81623"}],"version-history":[{"count":1,"href":"https:\/\/informativoelvalledeaguascalientes.online\/index.php?rest_route=\/wp\/v2\/posts\/81623\/revisions"}],"predecessor-version":[{"id":81625,"href":"https:\/\/informativoelvalledeaguascalientes.online\/index.php?rest_route=\/wp\/v2\/posts\/81623\/revisions\/81625"}],"wp:featuredmedia":[{"embeddable":true,"href":"https:\/\/informativoelvalledeaguascalientes.online\/index.php?rest_route=\/wp\/v2\/media\/81624"}],"wp:attachment":[{"href":"https:\/\/informativoelvalledeaguascalientes.online\/index.php?rest_route=%2Fwp%2Fv2%2Fmedia&parent=81623"}],"wp:term":[{"taxonomy":"category","embeddable":true,"href":"https:\/\/informativoelvalledeaguascalientes.online\/index.php?rest_route=%2Fwp%2Fv2%2Fcategories&post=81623"},{"taxonomy":"post_tag","embeddable":true,"href":"https:\/\/informativoelvalledeaguascalientes.online\/index.php?rest_route=%2Fwp%2Fv2%2Ftags&post=81623"}],"curies":[{"name":"wp","href":"https:\/\/api.w.org\/{rel}","templated":true}]}}