{"id":81605,"date":"2026-01-16T17:27:44","date_gmt":"2026-01-16T23:27:44","guid":{"rendered":"https:\/\/informativoelvalledeaguascalientes.online\/?p=81605"},"modified":"2026-01-17T17:33:47","modified_gmt":"2026-01-17T23:33:47","slug":"aguascalientes-realiza-capacitacion-regional-para-combatir-delitos-ciberneticos","status":"publish","type":"post","link":"https:\/\/informativoelvalledeaguascalientes.online\/?p=81605","title":{"rendered":"AGUASCALIENTES REALIZA CAPACITACI\u00d3N REGIONAL PARA COMBATIR DELITOS CIBERN\u00c9TICOS"},"content":{"rendered":"<p>#informativoelvalledeaguascalientes #novaradioaguascalientes #informativoelvalledeaguascalientesll #Aguascalientes<\/p>\n<p>&nbsp;<\/p>\n<p>Como parte del Plan de Seguridad y Justicia \u201cBlindaje Aguascalientes\u201d, personal de distintas \u00e1reas de seguridad particip\u00f3 en el curso \u201cHackeo \u00e9tico: ciberinteligencia, an\u00e1lisis y b\u00fasqueda\u201d, con el objetivo de fortalecer sus capacidades para la investigaci\u00f3n digital y la atenci\u00f3n de delitos cibern\u00e9ticos.<\/p>\n<p>La capacitaci\u00f3n se realiz\u00f3 en el C5i y cont\u00f3 con la participaci\u00f3n de la Polic\u00eda Cibern\u00e9tica, la Unidad de An\u00e1lisis e Investigaci\u00f3n del C5i, la Fiscal\u00eda General del Estado, as\u00ed como agentes de los estados de Zacatecas, Guanajuato y Michoac\u00e1n.<\/p>\n<p>Este curso fue posible gracias a la coordinaci\u00f3n permanente que mantiene el C5i de Aguascalientes con otras entidades, lo que permite reforzar el trabajo conjunto frente a los retos del entorno digital.<\/p>\n<p>Durante la capacitaci\u00f3n, impartida por especialistas de TPX Security, se abordaron temas como b\u00fasqueda de informaci\u00f3n en internet, an\u00e1lisis de datos, patrullaje digital y uso de herramientas de ciberinteligencia, combinando teor\u00eda y pr\u00e1ctica.<\/p>\n<p>Con estas acciones, el C5i de Aguascalientes reafirma su compromiso con la profesionalizaci\u00f3n de su personal y con una seguridad p\u00fablica moderna, apoyada en la tecnolog\u00eda, la inteligencia y la colaboraci\u00f3n regional.<\/p>\n","protected":false},"excerpt":{"rendered":"<p>#informativoelvalledeaguascalientes #novaradioaguascalientes #informativoelvalledeaguascalientesll #Aguascalientes &nbsp; Como parte del Plan de Seguridad y Justicia \u201cBlindaje Aguascalientes\u201d, personal de distintas \u00e1reas de seguridad particip\u00f3 en el curso \u201cHackeo \u00e9tico: ciberinteligencia, an\u00e1lisis y b\u00fasqueda\u201d, con el objetivo de fortalecer sus capacidades para la investigaci\u00f3n digital y la atenci\u00f3n de delitos cibern\u00e9ticos. La capacitaci\u00f3n se realiz\u00f3 en el C5i [&hellip;]<\/p>\n","protected":false},"author":1,"featured_media":81606,"comment_status":"closed","ping_status":"open","sticky":false,"template":"","format":"standard","meta":{"advanced_seo_description":"","jetpack_seo_html_title":"","jetpack_seo_noindex":false,"_jetpack_memberships_contains_paid_content":false,"footnotes":"","jetpack_publicize_message":"","jetpack_publicize_feature_enabled":true,"jetpack_social_post_already_shared":true,"jetpack_social_options":{"image_generator_settings":{"template":"highway","default_image_id":0,"font":"","enabled":false},"version":2}},"categories":[21,4],"tags":[22,615,122],"class_list":["post-81605","post","type-post","status-publish","format-standard","has-post-thumbnail","hentry","category-aguascalientes","category-gobierno-del-estado-aguascalientes","tag-aguascalientes","tag-gobierno-del-estado-de-aguascalientes","tag-sspe-aguascalientes"],"jetpack_publicize_connections":[],"jetpack_featured_media_url":"https:\/\/i0.wp.com\/informativoelvalledeaguascalientes.online\/wp-content\/uploads\/2026\/01\/c19857a3-2d5a-4a79-8894-4f05b04bdd4f.jpg?fit=1600%2C900&ssl=1","jetpack-related-posts":[],"jetpack_sharing_enabled":true,"jetpack_likes_enabled":true,"_links":{"self":[{"href":"https:\/\/informativoelvalledeaguascalientes.online\/index.php?rest_route=\/wp\/v2\/posts\/81605","targetHints":{"allow":["GET"]}}],"collection":[{"href":"https:\/\/informativoelvalledeaguascalientes.online\/index.php?rest_route=\/wp\/v2\/posts"}],"about":[{"href":"https:\/\/informativoelvalledeaguascalientes.online\/index.php?rest_route=\/wp\/v2\/types\/post"}],"author":[{"embeddable":true,"href":"https:\/\/informativoelvalledeaguascalientes.online\/index.php?rest_route=\/wp\/v2\/users\/1"}],"replies":[{"embeddable":true,"href":"https:\/\/informativoelvalledeaguascalientes.online\/index.php?rest_route=%2Fwp%2Fv2%2Fcomments&post=81605"}],"version-history":[{"count":1,"href":"https:\/\/informativoelvalledeaguascalientes.online\/index.php?rest_route=\/wp\/v2\/posts\/81605\/revisions"}],"predecessor-version":[{"id":81607,"href":"https:\/\/informativoelvalledeaguascalientes.online\/index.php?rest_route=\/wp\/v2\/posts\/81605\/revisions\/81607"}],"wp:featuredmedia":[{"embeddable":true,"href":"https:\/\/informativoelvalledeaguascalientes.online\/index.php?rest_route=\/wp\/v2\/media\/81606"}],"wp:attachment":[{"href":"https:\/\/informativoelvalledeaguascalientes.online\/index.php?rest_route=%2Fwp%2Fv2%2Fmedia&parent=81605"}],"wp:term":[{"taxonomy":"category","embeddable":true,"href":"https:\/\/informativoelvalledeaguascalientes.online\/index.php?rest_route=%2Fwp%2Fv2%2Fcategories&post=81605"},{"taxonomy":"post_tag","embeddable":true,"href":"https:\/\/informativoelvalledeaguascalientes.online\/index.php?rest_route=%2Fwp%2Fv2%2Ftags&post=81605"}],"curies":[{"name":"wp","href":"https:\/\/api.w.org\/{rel}","templated":true}]}}