{"id":81555,"date":"2026-01-15T14:08:22","date_gmt":"2026-01-15T20:08:22","guid":{"rendered":"https:\/\/informativoelvalledeaguascalientes.online\/?p=81555"},"modified":"2026-01-17T14:27:12","modified_gmt":"2026-01-17T20:27:12","slug":"tere-jimenez-presenta-el-programa-oficial-de-la-feria-nacional-de-san-marcos-2026","status":"publish","type":"post","link":"https:\/\/informativoelvalledeaguascalientes.online\/?p=81555","title":{"rendered":"TERE JIM\u00c9NEZ PRESENTA EL PROGRAMA OFICIAL DE LA FERIA NACIONAL DE SAN MARCOS 2026"},"content":{"rendered":"<p>#informativoelvalledeaguascalientes #novaradioaguascalientes #informativoelvalledeaguascalientesll #Aguascalientes<\/p>\n<p><img data-recalc-dims=\"1\" loading=\"lazy\" decoding=\"async\" class=\"alignnone size-medium wp-image-81556\" src=\"https:\/\/i0.wp.com\/informativoelvalledeaguascalientes.online\/wp-content\/uploads\/2026\/01\/615879927_857297920546204_5298242439482182218_n.jpg?resize=300%2C200&#038;ssl=1\" alt=\"\" width=\"300\" height=\"200\" srcset=\"https:\/\/i0.wp.com\/informativoelvalledeaguascalientes.online\/wp-content\/uploads\/2026\/01\/615879927_857297920546204_5298242439482182218_n.jpg?resize=300%2C200&amp;ssl=1 300w, https:\/\/i0.wp.com\/informativoelvalledeaguascalientes.online\/wp-content\/uploads\/2026\/01\/615879927_857297920546204_5298242439482182218_n.jpg?resize=1024%2C683&amp;ssl=1 1024w, https:\/\/i0.wp.com\/informativoelvalledeaguascalientes.online\/wp-content\/uploads\/2026\/01\/615879927_857297920546204_5298242439482182218_n.jpg?resize=768%2C512&amp;ssl=1 768w, https:\/\/i0.wp.com\/informativoelvalledeaguascalientes.online\/wp-content\/uploads\/2026\/01\/615879927_857297920546204_5298242439482182218_n.jpg?w=1500&amp;ssl=1 1500w, https:\/\/i0.wp.com\/informativoelvalledeaguascalientes.online\/wp-content\/uploads\/2026\/01\/615879927_857297920546204_5298242439482182218_n.jpg?w=1280&amp;ssl=1 1280w\" sizes=\"auto, (max-width: 300px) 100vw, 300px\" \/><img data-recalc-dims=\"1\" loading=\"lazy\" decoding=\"async\" class=\"alignnone  wp-image-81558\" src=\"https:\/\/i0.wp.com\/informativoelvalledeaguascalientes.online\/wp-content\/uploads\/2026\/01\/40378960-bbfc-4cda-87ea-2cbb88ed77c6.jpg?resize=350%2C197&#038;ssl=1\" alt=\"\" width=\"350\" height=\"197\" srcset=\"https:\/\/i0.wp.com\/informativoelvalledeaguascalientes.online\/wp-content\/uploads\/2026\/01\/40378960-bbfc-4cda-87ea-2cbb88ed77c6.jpg?resize=300%2C169&amp;ssl=1 300w, https:\/\/i0.wp.com\/informativoelvalledeaguascalientes.online\/wp-content\/uploads\/2026\/01\/40378960-bbfc-4cda-87ea-2cbb88ed77c6.jpg?resize=1024%2C576&amp;ssl=1 1024w, https:\/\/i0.wp.com\/informativoelvalledeaguascalientes.online\/wp-content\/uploads\/2026\/01\/40378960-bbfc-4cda-87ea-2cbb88ed77c6.jpg?resize=768%2C432&amp;ssl=1 768w, https:\/\/i0.wp.com\/informativoelvalledeaguascalientes.online\/wp-content\/uploads\/2026\/01\/40378960-bbfc-4cda-87ea-2cbb88ed77c6.jpg?resize=1536%2C864&amp;ssl=1 1536w, https:\/\/i0.wp.com\/informativoelvalledeaguascalientes.online\/wp-content\/uploads\/2026\/01\/40378960-bbfc-4cda-87ea-2cbb88ed77c6.jpg?w=1600&amp;ssl=1 1600w, https:\/\/i0.wp.com\/informativoelvalledeaguascalientes.online\/wp-content\/uploads\/2026\/01\/40378960-bbfc-4cda-87ea-2cbb88ed77c6.jpg?w=1280&amp;ssl=1 1280w\" sizes=\"auto, (max-width: 350px) 100vw, 350px\" \/><\/p>\n<p>&nbsp;<\/p>\n<p>* Goo Goo Dolls, J Balvin, Andrea Bocelli, Kany Garc\u00eda, Grupo Frontera y David Guetta encabezan el destacado elenco del Foro de las Estrellas Nissan<br \/>\n* La comunidad de Madrid, Espa\u00f1a, y el estado de Chihuahua ser\u00e1n los invitados de esta edici\u00f3n<br \/>\n* La edici\u00f3n 198 de la Feria Nacional se realizar\u00e1 del 18 de abril al 10 de mayo<\/p>\n<p>&nbsp;<\/p>\n<p>Con la Plaza de Toros Monumental como escenario y una atm\u00f3sfera cargada de emoci\u00f3n y expectativa, la gobernadora de Aguascalientes, Tere Jim\u00e9nez, present\u00f3 el Programa Oficial de la Feria Nacional de San Marcos (FNSM) 2026, marcando el inicio de la cuenta regresiva para la fiesta m\u00e1s grande y esperada del pa\u00eds.<\/p>\n<p>Tere Jim\u00e9nez afirm\u00f3 que la Feria Nacional de San Marcos 2026, en su edici\u00f3n 198, es \u201cla m\u00e1s grande e importante de M\u00e9xico\u201d y una celebraci\u00f3n que muestra al pa\u00eds y al mundo lo mejor de Aguascalientes.<\/p>\n<p>Destac\u00f3 que del 18 de abril al 10 de mayo, la feria ofrecer\u00e1 espect\u00e1culos de talla internacional, arte, cultura, gastronom\u00eda, deporte y talento local, en espacios emblem\u00e1ticos como el Foro de las Estrellas Nissan, la Plaza de Toros Monumental, el Teatro Morelos y la Isla San Marcos.<\/p>\n<p>Subray\u00f3 que la feria es una experiencia abierta para todas las edades y para visitantes nacionales e internacionales. \u201cAqu\u00ed iniciamos el camino hacia una tradici\u00f3n que une a las generaciones y que es una puerta abierta para todos\u201d, expres\u00f3, al se\u00f1alar que la verbena se vivir\u00e1 en m\u00e1s de 93 hect\u00e1reas llenas de color, m\u00fasica y alegr\u00eda.<\/p>\n<p>Finalmente, resalt\u00f3 que este a\u00f1o la fiesta lucir\u00e1 a\u00fan m\u00e1s con la Comunidad de Madrid, Espa\u00f1a, y el estado de Chihuahua como invitados de honor, y enfatiz\u00f3: \u201cLa Feria Nacional de San Marcos es color, alegr\u00eda, fortaleza y, sobre todo, identidad; una gran fiesta que nos recuerda qui\u00e9nes somos y que demuestra que en Aguascalientes hacemos las cosas bien. Una vez m\u00e1s, la feria dejar\u00e1 huella en la historia. \u00a1Que viva Aguascalientes! \u00a1Que viva M\u00e9xico y que viva la Feria Nacional de San Marcos!\u201d, destac\u00f3.<\/p>\n<p>En el momento m\u00e1s esperado de la noche, la gobernadora del Estado anunci\u00f3 el elenco del Foro de las Estrellas Nissan, el cual estar\u00e1 conformado por artistas de talla nacional e internacional, consolidando una propuesta musical diversa y de alto nivel que atraer\u00e1 a miles de asistentes, siendo esta la programaci\u00f3n:<\/p>\n<p>18 de abril, Entre Amigos<br \/>\n19 de abril, Luis \u00c1ngel \u201cEl Flaco\u201d<br \/>\n20 de abril, Bryndis por Siempre<br \/>\n21 de abril, Goo Goo Dolls<br \/>\n22 de abril, J Balvin<br \/>\n23 de abril, Lara Campos<br \/>\n24 de abril, La Sonora Santanera<br \/>\n25 de abril, Andrea Bocelli<br \/>\n26 de abril, \u00c1lex Fern\u00e1ndez<br \/>\n27 de abril, Orquesta Sinf\u00f3nica Militar<br \/>\n28 de abril, Kany Garc\u00eda<br \/>\n29 de abril, El Mimoso<br \/>\n30 de abril, Jos\u00e9 Carreras, Kenny G y L\u00f3pez Y\u00e1\u00f1ez<br \/>\n1.\u00ba de mayo, Funci\u00f3n de Lucha Libre<br \/>\n2 de mayo, Audre y Nuna, Eric Nam y Milli<br \/>\n3 de mayo, Foreigner<br \/>\n4 de mayo, Kumbia Kings y Mi Banda El Mexicano<br \/>\n5 de mayo, Grupo Frontera<br \/>\n6 de mayo, M\u00e4go de Oz<br \/>\n7 de mayo, Lila Downs<br \/>\n8 de mayo, David Guetta<br \/>\n9 de mayo, Paulo Londra<br \/>\n10 de mayo, Empire of the Sun<\/p>\n<p>Durante su intervenci\u00f3n, el presidente del Patronato de la FNSM, Jos\u00e9 \u00c1ngel Gonz\u00e1lez Serna, destac\u00f3 la relevancia hist\u00f3rica, cultural y econ\u00f3mica de la verbena m\u00e1s importante del pa\u00eds, as\u00ed como su constante evoluci\u00f3n y proyecci\u00f3n m\u00e1s all\u00e1 de las fronteras.<\/p>\n<p>\u201cLa cultura est\u00e1 hecha para ser compartida. Cuando las costumbres de distintos lugares entran en contacto e intercambian sus mejores aspectos, estas crecen y nos hacen crecer como personas\u201d, expres\u00f3.<\/p>\n<p>A\u00f1adi\u00f3 que el serial taurino es y seguir\u00e1 siendo un pilar central de la FNSM, adelant\u00f3 que en esta edici\u00f3n participar\u00e1n toreros internacionales como Andr\u00e9s Roca Rey, Daniel Luque, Marco P\u00e9rez, Juan Ortega y Guillermo Hermoso de Mendoza, as\u00ed como los mexicanos H\u00e9ctor Guti\u00e9rrez, Diego San Rom\u00e1n, Luis David, Diego S\u00e1nchez, Leo Valadez y Emiliano Gamero.<\/p>\n<p>Finalmente, Gonz\u00e1lez Serna se\u00f1al\u00f3 que esta edici\u00f3n contar\u00e1 con m\u00e1s de 70 c\u00e1maras de videovigilancia de \u00faltima generaci\u00f3n para que las familias disfruten de una feria segura y con tranquilidad.<\/p>\n<p>Adem\u00e1s, la oferta cultural de la FNSM incluir\u00e1 m\u00e1s de 2 mil eventos, de los cuales el 80 por ciento ser\u00e1n gratuitos, dise\u00f1ados para p\u00fablicos de todas las edades. Destacan espacios como el Ferial, el Foro del Lago, que contar\u00e1 con artistas como Jumbo, Caloncho, Gepe y Hello Seahorse!, entre otros; el Corredor Carranza y la Isla San Marcos. Asimismo, se llevar\u00e1 a cabo el Encuentro Nacional de Arte Joven, se celebrar\u00e1 el Premio Bellas Artes de Poes\u00eda y se desarrollar\u00e1n diversos eventos deportivos.<\/p>\n<p>El evento culmin\u00f3 con un impresionante espect\u00e1culo de pirotecnia y la tradicional Pelea de Gallos.<\/p>\n<p>Tambi\u00e9n estuvieron presentes el se\u00f1or Luis Alberto Villarreal Garc\u00eda; Aurora Jim\u00e9nez Esquivel, primera voluntaria y presidenta del DIF Estatal; Leonardo Monta\u00f1ez Castro, presidente municipal de Aguascalientes; Irma Cristina Flores \u00c1lvarez, esposa del presidente del Patronato de la FNSM, y Julio Ch\u00e1vez, director del Fideicomiso de Promoci\u00f3n Tur\u00edstica del Estado de Chihuahua.<\/p>\n","protected":false},"excerpt":{"rendered":"<p>#informativoelvalledeaguascalientes #novaradioaguascalientes #informativoelvalledeaguascalientesll #Aguascalientes &nbsp; * Goo Goo Dolls, J Balvin, Andrea Bocelli, Kany Garc\u00eda, Grupo Frontera y David Guetta encabezan el destacado elenco del Foro de las Estrellas Nissan * La comunidad de Madrid, Espa\u00f1a, y el estado de Chihuahua ser\u00e1n los invitados de esta edici\u00f3n * La edici\u00f3n 198 de la Feria Nacional [&hellip;]<\/p>\n","protected":false},"author":1,"featured_media":81559,"comment_status":"closed","ping_status":"open","sticky":false,"template":"","format":"standard","meta":{"advanced_seo_description":"","jetpack_seo_html_title":"","jetpack_seo_noindex":false,"_jetpack_memberships_contains_paid_content":false,"footnotes":"","jetpack_publicize_message":"","jetpack_publicize_feature_enabled":true,"jetpack_social_post_already_shared":true,"jetpack_social_options":{"image_generator_settings":{"template":"highway","default_image_id":0,"font":"","enabled":false},"version":2}},"categories":[21,4],"tags":[22,615,994,320],"class_list":["post-81555","post","type-post","status-publish","format-standard","has-post-thumbnail","hentry","category-aguascalientes","category-gobierno-del-estado-aguascalientes","tag-aguascalientes","tag-gobierno-del-estado-de-aguascalientes","tag-patronato-de-la-fnsm2026","tag-tere-jimenez"],"jetpack_publicize_connections":[],"jetpack_featured_media_url":"https:\/\/i0.wp.com\/informativoelvalledeaguascalientes.online\/wp-content\/uploads\/2026\/01\/4518e448-80a9-4cce-8c3d-59ab93214d88.jpg?fit=1280%2C1600&ssl=1","jetpack-related-posts":[],"jetpack_sharing_enabled":true,"jetpack_likes_enabled":true,"_links":{"self":[{"href":"https:\/\/informativoelvalledeaguascalientes.online\/index.php?rest_route=\/wp\/v2\/posts\/81555","targetHints":{"allow":["GET"]}}],"collection":[{"href":"https:\/\/informativoelvalledeaguascalientes.online\/index.php?rest_route=\/wp\/v2\/posts"}],"about":[{"href":"https:\/\/informativoelvalledeaguascalientes.online\/index.php?rest_route=\/wp\/v2\/types\/post"}],"author":[{"embeddable":true,"href":"https:\/\/informativoelvalledeaguascalientes.online\/index.php?rest_route=\/wp\/v2\/users\/1"}],"replies":[{"embeddable":true,"href":"https:\/\/informativoelvalledeaguascalientes.online\/index.php?rest_route=%2Fwp%2Fv2%2Fcomments&post=81555"}],"version-history":[{"count":1,"href":"https:\/\/informativoelvalledeaguascalientes.online\/index.php?rest_route=\/wp\/v2\/posts\/81555\/revisions"}],"predecessor-version":[{"id":81560,"href":"https:\/\/informativoelvalledeaguascalientes.online\/index.php?rest_route=\/wp\/v2\/posts\/81555\/revisions\/81560"}],"wp:featuredmedia":[{"embeddable":true,"href":"https:\/\/informativoelvalledeaguascalientes.online\/index.php?rest_route=\/wp\/v2\/media\/81559"}],"wp:attachment":[{"href":"https:\/\/informativoelvalledeaguascalientes.online\/index.php?rest_route=%2Fwp%2Fv2%2Fmedia&parent=81555"}],"wp:term":[{"taxonomy":"category","embeddable":true,"href":"https:\/\/informativoelvalledeaguascalientes.online\/index.php?rest_route=%2Fwp%2Fv2%2Fcategories&post=81555"},{"taxonomy":"post_tag","embeddable":true,"href":"https:\/\/informativoelvalledeaguascalientes.online\/index.php?rest_route=%2Fwp%2Fv2%2Ftags&post=81555"}],"curies":[{"name":"wp","href":"https:\/\/api.w.org\/{rel}","templated":true}]}}