{"id":81532,"date":"2026-01-15T12:16:08","date_gmt":"2026-01-15T18:16:08","guid":{"rendered":"https:\/\/informativoelvalledeaguascalientes.online\/?p=81532"},"modified":"2026-01-17T12:19:07","modified_gmt":"2026-01-17T18:19:07","slug":"tere-jimenez-reafirma-su-respaldo-a-la-universidad-autonoma-y-a-su-nuevo-rector","status":"publish","type":"post","link":"https:\/\/informativoelvalledeaguascalientes.online\/?p=81532","title":{"rendered":"TERE JIM\u00c9NEZ REAFIRMA SU RESPALDO A LA UNIVERSIDAD AUT\u00d3NOMA Y A SU NUEVO RECTOR"},"content":{"rendered":"<p>#informativoelvalledeaguascalientes #novaradioaguascalientes #informativoelvalledeaguascalientesll #Aguascalientes<\/p>\n<p>&nbsp;<\/p>\n<p>&nbsp;<\/p>\n<p>La gobernadora de Aguascalientes, Tere Jim\u00e9nez, asisti\u00f3 a la toma de protesta del nuevo rector de la Universidad Aut\u00f3noma de Aguascalientes (UAA), Juan Carlos Arredondo Hern\u00e1ndez, a quien dese\u00f3 \u00e9xito en su nueva encomienda y pidi\u00f3 seguir trabajando de la mano para que la M\u00e1xima Casa de Estudios se consolide como una de las mejores instituciones de educaci\u00f3n superior del pa\u00eds.<\/p>\n<p>\u201cDesde el Gobierno del Estado hacemos patente nuestra voluntad de seguir fomentando canales de di\u00e1logo, trabajo y cooperaci\u00f3n con la Universidad Aut\u00f3noma de Aguascalientes; lo haremos siempre con pleno respeto a su autonom\u00eda, porque entendemos su sentido y su valor. Respetar esa autonom\u00eda es respetar la inteligencia colectiva de una comunidad que ha dado prestigio y orgullo a nuestro estado; tenemos la firme convicci\u00f3n de mantener canales siempre abiertos para unir esfuerzos que fortalezcan la democracia, el di\u00e1logo y el desarrollo de Aguascalientes y de M\u00e9xico\u201d, subray\u00f3.<\/p>\n<p>Al felicitar al nuevo rector, la gobernadora expres\u00f3: \u201cle deseo el mayor de los \u00e9xitos en esta gran labor que exige visi\u00f3n, lucidez, car\u00e1cter, liderazgo y una firme convicci\u00f3n. En sus manos est\u00e1 la responsabilidad de seguir garantizando que la universidad sea un espacio de libertad, de tolerancia, de inteligencia y de servicio a la sociedad\u201d.<\/p>\n<p>Por su parte, Arredondo Hern\u00e1ndez hizo un reconocimiento a la gobernadora Tere Jim\u00e9nez por su apoyo a la UAA y por su invaluable trabajo a favor de la educaci\u00f3n en la entidad.<\/p>\n<p>En el marco de la Sesi\u00f3n Solemne de la H. Junta de Gobierno de la UAA que se realiz\u00f3 en el Sal\u00f3n de Usos M\u00faltiples del campus central, Tere Jim\u00e9nez tambi\u00e9n felicit\u00f3 a Yesenia Pinz\u00f3n Castro por el trabajo que realiz\u00f3 durante su gesti\u00f3n al frente de la instituci\u00f3n: \u201cgracias por su labor y por su entrega; gracias por su aportaci\u00f3n a la comunidad acad\u00e9mica y al desarrollo intelectual y social de la entidad\u201d, concluy\u00f3.<\/p>\n","protected":false},"excerpt":{"rendered":"<p>#informativoelvalledeaguascalientes #novaradioaguascalientes #informativoelvalledeaguascalientesll #Aguascalientes &nbsp; &nbsp; La gobernadora de Aguascalientes, Tere Jim\u00e9nez, asisti\u00f3 a la toma de protesta del nuevo rector de la Universidad Aut\u00f3noma de Aguascalientes (UAA), Juan Carlos Arredondo Hern\u00e1ndez, a quien dese\u00f3 \u00e9xito en su nueva encomienda y pidi\u00f3 seguir trabajando de la mano para que la M\u00e1xima Casa de Estudios se [&hellip;]<\/p>\n","protected":false},"author":1,"featured_media":81533,"comment_status":"closed","ping_status":"open","sticky":false,"template":"","format":"standard","meta":{"advanced_seo_description":"","jetpack_seo_html_title":"","jetpack_seo_noindex":false,"_jetpack_memberships_contains_paid_content":false,"footnotes":"","jetpack_publicize_message":"","jetpack_publicize_feature_enabled":true,"jetpack_social_post_already_shared":true,"jetpack_social_options":{"image_generator_settings":{"template":"highway","default_image_id":0,"font":"","enabled":false},"version":2}},"categories":[21,4,629],"tags":[22,615,320,142],"class_list":["post-81532","post","type-post","status-publish","format-standard","has-post-thumbnail","hentry","category-aguascalientes","category-gobierno-del-estado-aguascalientes","category-universidad-autonoma-de-aguascalientes","tag-aguascalientes","tag-gobierno-del-estado-de-aguascalientes","tag-tere-jimenez","tag-uaa"],"jetpack_publicize_connections":[],"jetpack_featured_media_url":"https:\/\/i0.wp.com\/informativoelvalledeaguascalientes.online\/wp-content\/uploads\/2026\/01\/b2e9f864-2412-4aef-b592-778510f2e831.jpg?fit=1587%2C1075&ssl=1","jetpack-related-posts":[],"jetpack_sharing_enabled":true,"jetpack_likes_enabled":true,"_links":{"self":[{"href":"https:\/\/informativoelvalledeaguascalientes.online\/index.php?rest_route=\/wp\/v2\/posts\/81532","targetHints":{"allow":["GET"]}}],"collection":[{"href":"https:\/\/informativoelvalledeaguascalientes.online\/index.php?rest_route=\/wp\/v2\/posts"}],"about":[{"href":"https:\/\/informativoelvalledeaguascalientes.online\/index.php?rest_route=\/wp\/v2\/types\/post"}],"author":[{"embeddable":true,"href":"https:\/\/informativoelvalledeaguascalientes.online\/index.php?rest_route=\/wp\/v2\/users\/1"}],"replies":[{"embeddable":true,"href":"https:\/\/informativoelvalledeaguascalientes.online\/index.php?rest_route=%2Fwp%2Fv2%2Fcomments&post=81532"}],"version-history":[{"count":1,"href":"https:\/\/informativoelvalledeaguascalientes.online\/index.php?rest_route=\/wp\/v2\/posts\/81532\/revisions"}],"predecessor-version":[{"id":81534,"href":"https:\/\/informativoelvalledeaguascalientes.online\/index.php?rest_route=\/wp\/v2\/posts\/81532\/revisions\/81534"}],"wp:featuredmedia":[{"embeddable":true,"href":"https:\/\/informativoelvalledeaguascalientes.online\/index.php?rest_route=\/wp\/v2\/media\/81533"}],"wp:attachment":[{"href":"https:\/\/informativoelvalledeaguascalientes.online\/index.php?rest_route=%2Fwp%2Fv2%2Fmedia&parent=81532"}],"wp:term":[{"taxonomy":"category","embeddable":true,"href":"https:\/\/informativoelvalledeaguascalientes.online\/index.php?rest_route=%2Fwp%2Fv2%2Fcategories&post=81532"},{"taxonomy":"post_tag","embeddable":true,"href":"https:\/\/informativoelvalledeaguascalientes.online\/index.php?rest_route=%2Fwp%2Fv2%2Ftags&post=81532"}],"curies":[{"name":"wp","href":"https:\/\/api.w.org\/{rel}","templated":true}]}}