{"id":81435,"date":"2026-01-13T22:34:00","date_gmt":"2026-01-14T04:34:00","guid":{"rendered":"https:\/\/informativoelvalledeaguascalientes.online\/?p=81435"},"modified":"2026-01-13T22:34:00","modified_gmt":"2026-01-14T04:34:00","slug":"video-invitacion-gran-fondo-nueva-york-reunira-a-mas-de-2-mil-ciclistas-de-talla-internacional-en-aguascalientes","status":"publish","type":"post","link":"https:\/\/informativoelvalledeaguascalientes.online\/?p=81435","title":{"rendered":"VIDEO INVITACION: GRAN FONDO NUEVA YORK REUNIR\u00c1 A M\u00c1S DE 2 MIL CICLISTAS DE TALLA INTERNACIONAL EN AGUASCALIENTES"},"content":{"rendered":"<p>#informativoelvalledeaguascalientes #novaradioaguascalientes #informativoelvalledeaguascalientesll #Aguascalientes<\/p>\n<div style=\"width: 480px;\" class=\"wp-video\"><video class=\"wp-video-shortcode\" id=\"video-81435-1\" width=\"480\" height=\"848\" preload=\"metadata\" controls=\"controls\"><source type=\"video\/mp4\" src=\"https:\/\/informativoelvalledeaguascalientes.online\/wp-content\/uploads\/2026\/01\/WhatsApp-Video-2026-01-13-at-4.07.45-PM.mp4?_=1\" \/><a href=\"https:\/\/informativoelvalledeaguascalientes.online\/wp-content\/uploads\/2026\/01\/WhatsApp-Video-2026-01-13-at-4.07.45-PM.mp4\">https:\/\/informativoelvalledeaguascalientes.online\/wp-content\/uploads\/2026\/01\/WhatsApp-Video-2026-01-13-at-4.07.45-PM.mp4<\/a><\/video><\/div>\n<p>&nbsp;<\/p>\n<p>Estamos muy contentos de anunciar que Aguascalientes ser\u00e1 sede, el pr\u00f3ximo 22 de marzo, del evento ciclista internacional Gran Fondo Nueva York (GFNY), que re\u00fane a m\u00e1s de 2 mil ciclistas de 10 pa\u00edses.<\/p>\n<p>Gracias a las condiciones de seguridad, a la infraestructura del estado e instalaciones de primer nivel, Aguascalientes sigue consolid\u00e1ndose para la realizaci\u00f3n de eventos deportivos internacionales.<\/p>\n<p>Las inscripciones ya se encuentran abiertas en el sitio web https:\/\/aguascalientes.gfny.com\/, donde tambi\u00e9n se pueden consultar las rutas completas.<\/p>\n<p>\u00a1Bienvenidos a Aguascalientes!<\/p>\n<p>#ElGiganteDeM\u00e9xico<\/p>\n","protected":false},"excerpt":{"rendered":"<p>#informativoelvalledeaguascalientes #novaradioaguascalientes #informativoelvalledeaguascalientesll #Aguascalientes &nbsp; Estamos muy contentos de anunciar que Aguascalientes ser\u00e1 sede, el pr\u00f3ximo 22 de marzo, del evento ciclista internacional Gran Fondo Nueva York (GFNY), que re\u00fane a m\u00e1s de 2 mil ciclistas de 10 pa\u00edses. Gracias a las condiciones de seguridad, a la infraestructura del estado e instalaciones de primer nivel, [&hellip;]<\/p>\n","protected":false},"author":1,"featured_media":81437,"comment_status":"closed","ping_status":"open","sticky":false,"template":"","format":"standard","meta":{"advanced_seo_description":"","jetpack_seo_html_title":"","jetpack_seo_noindex":false,"_jetpack_memberships_contains_paid_content":false,"footnotes":"","jetpack_publicize_message":"","jetpack_publicize_feature_enabled":true,"jetpack_social_post_already_shared":true,"jetpack_social_options":{"image_generator_settings":{"template":"highway","default_image_id":0,"font":"","enabled":false},"version":2}},"categories":[21,4],"tags":[22,615],"class_list":["post-81435","post","type-post","status-publish","format-standard","has-post-thumbnail","hentry","category-aguascalientes","category-gobierno-del-estado-aguascalientes","tag-aguascalientes","tag-gobierno-del-estado-de-aguascalientes"],"jetpack_publicize_connections":[],"jetpack_featured_media_url":"https:\/\/i0.wp.com\/informativoelvalledeaguascalientes.online\/wp-content\/uploads\/2026\/01\/0d5fdb9e-269f-4b3f-958e-8d439c926988.jpg?fit=1600%2C1280&ssl=1","jetpack-related-posts":[],"jetpack_sharing_enabled":true,"jetpack_likes_enabled":true,"_links":{"self":[{"href":"https:\/\/informativoelvalledeaguascalientes.online\/index.php?rest_route=\/wp\/v2\/posts\/81435","targetHints":{"allow":["GET"]}}],"collection":[{"href":"https:\/\/informativoelvalledeaguascalientes.online\/index.php?rest_route=\/wp\/v2\/posts"}],"about":[{"href":"https:\/\/informativoelvalledeaguascalientes.online\/index.php?rest_route=\/wp\/v2\/types\/post"}],"author":[{"embeddable":true,"href":"https:\/\/informativoelvalledeaguascalientes.online\/index.php?rest_route=\/wp\/v2\/users\/1"}],"replies":[{"embeddable":true,"href":"https:\/\/informativoelvalledeaguascalientes.online\/index.php?rest_route=%2Fwp%2Fv2%2Fcomments&post=81435"}],"version-history":[{"count":1,"href":"https:\/\/informativoelvalledeaguascalientes.online\/index.php?rest_route=\/wp\/v2\/posts\/81435\/revisions"}],"predecessor-version":[{"id":81438,"href":"https:\/\/informativoelvalledeaguascalientes.online\/index.php?rest_route=\/wp\/v2\/posts\/81435\/revisions\/81438"}],"wp:featuredmedia":[{"embeddable":true,"href":"https:\/\/informativoelvalledeaguascalientes.online\/index.php?rest_route=\/wp\/v2\/media\/81437"}],"wp:attachment":[{"href":"https:\/\/informativoelvalledeaguascalientes.online\/index.php?rest_route=%2Fwp%2Fv2%2Fmedia&parent=81435"}],"wp:term":[{"taxonomy":"category","embeddable":true,"href":"https:\/\/informativoelvalledeaguascalientes.online\/index.php?rest_route=%2Fwp%2Fv2%2Fcategories&post=81435"},{"taxonomy":"post_tag","embeddable":true,"href":"https:\/\/informativoelvalledeaguascalientes.online\/index.php?rest_route=%2Fwp%2Fv2%2Ftags&post=81435"}],"curies":[{"name":"wp","href":"https:\/\/api.w.org\/{rel}","templated":true}]}}