{"id":8142,"date":"2020-06-23T16:30:46","date_gmt":"2020-06-23T22:30:46","guid":{"rendered":"https:\/\/informativoelvalledeaguascalientes.online\/?p=8142"},"modified":"2020-06-23T16:30:46","modified_gmt":"2020-06-23T22:30:46","slug":"aguascalientes-se-suma-al-movimiento-mundial-resiliart-ica","status":"publish","type":"post","link":"https:\/\/informativoelvalledeaguascalientes.online\/?p=8142","title":{"rendered":"AGUASCALIENTES SE SUMA AL MOVIMIENTO MUNDIAL RESILIART: ICA"},"content":{"rendered":"<ul>\n<li dir=\"ltr\">\n<p dir=\"ltr\">ICA y UNESCO colaboran para realizar acciones hacia la resiliencia comunitaria<\/p>\n<\/li>\n<li dir=\"ltr\">\n<p dir=\"ltr\">ICA invita a la conferencia virtual Patrimonio y turismo cultural que se realizar\u00e1 este 25 de junio a las 11 horas de manera virtual y gratuita<\/p>\n<\/li>\n<\/ul>\n<p dir=\"ltr\">\n<p dir=\"ltr\">A fin de promover espacios de di\u00e1logo p\u00fablico para la recuperaci\u00f3n social en torno a la cultura durante la actual contingencia, el Instituto Cultural de Aguascalientes (ICA) se suma al movimiento global Resiliart, impulsado por la UNESCO.<\/p>\n<p dir=\"ltr\">\n<p dir=\"ltr\">Esta colaboraci\u00f3n entre el ICA y la UNESCO busca promover los temas de turismo cultural, patrimonio y sostenibilidad, mediante foros con especialistas, talleres comunitarios y activaciones culturales. Iniciar\u00e1 el 25 de junio con la conferencia virtual \u201cPatrimonio y turismo cultural. Elementos clave y capacidades para la recuperaci\u00f3n sociocultural, a partir de la resiliencia\u201d.<\/p>\n<p dir=\"ltr\">\n<p dir=\"ltr\">La conferencia virtual se llevar\u00e1 a cabo el jueves 25 de junio a las 11 horas, de manera abierta y gratuita, con cupo limitado a 500 asistentes, mediante el enlace <a href=\"https:\/\/bit.ly\/2YczSXV\" target=\"_blank\" rel=\"noopener noreferrer\" data-saferedirecturl=\"https:\/\/www.google.com\/url?q=https:\/\/bit.ly\/2YczSXV&amp;source=gmail&amp;ust=1593034280687000&amp;usg=AFQjCNEzjqW5rjB_eilHV4OjFkQ1-LzjYg\">https:\/\/bit.ly\/2YczSXV<\/a>. Est\u00e1 dirigida a las comunidades de artistas, gestores, promotores, acad\u00e9micos, investigadores, colectivos, responsables de espacios culturales y recintos patrimoniales, as\u00ed como a cocineras tradicionales, comunidades portadoras de patrimonio inmaterial, empresarios y empresarias de servicios gastron\u00f3micos y tur\u00edsticos.<\/p>\n<p dir=\"ltr\">\n<p dir=\"ltr\">Participan Fr\u00e9d\u00e9ric Vacheron, representante de la UNESCO-M\u00e9xico; Claudia Santa Ana Zald\u00edvar, Directora General del ICA; Jordi Treserras, Vicepresidente en ICOMOS-Espa\u00f1a y Director del Laboratorio de Patrimonio y Turismo Cultural de la Universitat de Barcelona; as\u00ed como Gloria L\u00f3pez Morales, diplom\u00e1tica, Fundadora y Presidenta del Conservatorio de la Cultura Gastron\u00f3mica Mexicana, quien adem\u00e1s es coordinadora del expediente con el que se logr\u00f3 la inscripci\u00f3n de la Cocina Tradicional Mexicana en la Lista Representativa del Patrimonio Cultural Inmaterial de la Humanidad de la UNESCO.<\/p>\n<p dir=\"ltr\">\n<p dir=\"ltr\">Cabe mencionar que la UNESCO impuls\u00f3 el movimiento global Resiliart en abril para convocar a las comunidades creativas, art\u00edsticas y de gesti\u00f3n de la cultura del mundo a formar un frente com\u00fan para actuar sobre la contingencia sanitaria, con el objetivo de reflejar el impacto que supone la pandemia de la COVID-19 en el sector cultural.<\/p>\n","protected":false},"excerpt":{"rendered":"<p>ICA y UNESCO colaboran para realizar acciones hacia la resiliencia comunitaria ICA invita a la conferencia virtual Patrimonio y turismo cultural que se realizar\u00e1 este 25 de junio a las 11 horas de manera virtual y gratuita A fin de promover espacios de di\u00e1logo p\u00fablico para la recuperaci\u00f3n social en torno a la cultura durante [&hellip;]<\/p>\n","protected":false},"author":1,"featured_media":8143,"comment_status":"closed","ping_status":"open","sticky":false,"template":"","format":"standard","meta":{"advanced_seo_description":"","jetpack_seo_html_title":"","jetpack_seo_noindex":false,"_jetpack_memberships_contains_paid_content":false,"footnotes":"","jetpack_publicize_message":"","jetpack_publicize_feature_enabled":true,"jetpack_social_post_already_shared":true,"jetpack_social_options":{"image_generator_settings":{"template":"highway","default_image_id":0,"font":"","enabled":false},"version":2}},"categories":[21,4],"tags":[22,52],"class_list":["post-8142","post","type-post","status-publish","format-standard","has-post-thumbnail","hentry","category-aguascalientes","category-gobierno-del-estado-aguascalientes","tag-aguascalientes","tag-ica"],"jetpack_publicize_connections":[],"jetpack_featured_media_url":"https:\/\/i0.wp.com\/informativoelvalledeaguascalientes.online\/wp-content\/uploads\/2020\/06\/ica_23062020.jpg?fit=582%2C582&ssl=1","jetpack-related-posts":[],"jetpack_sharing_enabled":true,"jetpack_likes_enabled":true,"_links":{"self":[{"href":"https:\/\/informativoelvalledeaguascalientes.online\/index.php?rest_route=\/wp\/v2\/posts\/8142","targetHints":{"allow":["GET"]}}],"collection":[{"href":"https:\/\/informativoelvalledeaguascalientes.online\/index.php?rest_route=\/wp\/v2\/posts"}],"about":[{"href":"https:\/\/informativoelvalledeaguascalientes.online\/index.php?rest_route=\/wp\/v2\/types\/post"}],"author":[{"embeddable":true,"href":"https:\/\/informativoelvalledeaguascalientes.online\/index.php?rest_route=\/wp\/v2\/users\/1"}],"replies":[{"embeddable":true,"href":"https:\/\/informativoelvalledeaguascalientes.online\/index.php?rest_route=%2Fwp%2Fv2%2Fcomments&post=8142"}],"version-history":[{"count":1,"href":"https:\/\/informativoelvalledeaguascalientes.online\/index.php?rest_route=\/wp\/v2\/posts\/8142\/revisions"}],"predecessor-version":[{"id":8144,"href":"https:\/\/informativoelvalledeaguascalientes.online\/index.php?rest_route=\/wp\/v2\/posts\/8142\/revisions\/8144"}],"wp:featuredmedia":[{"embeddable":true,"href":"https:\/\/informativoelvalledeaguascalientes.online\/index.php?rest_route=\/wp\/v2\/media\/8143"}],"wp:attachment":[{"href":"https:\/\/informativoelvalledeaguascalientes.online\/index.php?rest_route=%2Fwp%2Fv2%2Fmedia&parent=8142"}],"wp:term":[{"taxonomy":"category","embeddable":true,"href":"https:\/\/informativoelvalledeaguascalientes.online\/index.php?rest_route=%2Fwp%2Fv2%2Fcategories&post=8142"},{"taxonomy":"post_tag","embeddable":true,"href":"https:\/\/informativoelvalledeaguascalientes.online\/index.php?rest_route=%2Fwp%2Fv2%2Ftags&post=8142"}],"curies":[{"name":"wp","href":"https:\/\/api.w.org\/{rel}","templated":true}]}}