{"id":81415,"date":"2026-01-13T22:07:21","date_gmt":"2026-01-14T04:07:21","guid":{"rendered":"https:\/\/informativoelvalledeaguascalientes.online\/?p=81415"},"modified":"2026-01-13T22:07:21","modified_gmt":"2026-01-14T04:07:21","slug":"comienza-el-ano-con-empleo-este-15-de-enero-se-reanudan-los-jueves-de-bolsa-de-trabajo","status":"publish","type":"post","link":"https:\/\/informativoelvalledeaguascalientes.online\/?p=81415","title":{"rendered":"\u00a1COMIENZA EL A\u00d1O CON EMPLEO! ESTE 15 DE ENERO, SE REANUDAN LOS JUEVES DE BOLSA DE TRABAJO"},"content":{"rendered":"<p>#informativoelvalledeaguascalientes #novaradioaguascalientes #informativoelvalledeaguascalientesll #Aguascalientes<\/p>\n<p>&nbsp;<\/p>\n<p>&nbsp;<\/p>\n<p>* Se ofertar\u00e1n m\u00e1s de mil vacantes para diversos perfiles laborales<br \/>\n* Se recomienda acudir con identificaci\u00f3n oficial, CURP y varias solicitudes de empleo o curriculum vitae para agilizar el proceso<br \/>\n* M\u00e1s informaci\u00f3n al tel\u00e9fono 449 971 94 01, extensi\u00f3n 5900<\/p>\n<p>&nbsp;<\/p>\n<p>\u00a1Inicia el a\u00f1o con nuevas oportunidades laborales! Si est\u00e1s en busca de empleo, acude este 15 de enero a la primera edici\u00f3n 2026 del \u201cJueves de Bolsa de Trabajo\u201d en el Palacio de Gobierno, de las 9:00 de la ma\u00f1ana a las 3:00 de la tarde.<\/p>\n<p>En esta jornada participar\u00e1n diversas empresas, principalmente de los sectores automotriz, alimentario y tecnol\u00f3gico, como Shoshiba, Grupo Lala, Marelli, Minth, Dilusa, Edgewell, Walmart, Texas Instruments, Jatco, entre otros. Durante el evento se ofertar\u00e1n m\u00e1s de 1,000 vacantes para diferentes perfiles laborales.<\/p>\n<p>Tambi\u00e9n se contar\u00e1 con una Estancia Infantil a cargo del DIF Estatal, para que madres y padres puedan dejar a sus hijas e hijos en un espacio seguro mientras conocen las vacantes; adem\u00e1s, en punto de las 9:00 de la ma\u00f1ana, el Servicio Estatal y Nacional de Empleo (SNEA) brindar\u00e1 diversos talleres para las y los buscadores de empleo en el segundo patio del Palacio de Gobierno.<\/p>\n<p>As\u00ed mismo, en el evento estar\u00e1 presente la Coordinaci\u00f3n General de Movilidad (CMOV) para dar informaci\u00f3n relacionada con la Tarjeta Soluciones YoVoy y hacer recargas de saldo para los usuarios.<\/p>\n<p>La jornada se dirige a personas mayores de 18 a\u00f1os con escolaridad desde nivel primaria hasta licenciatura o ingenier\u00eda; se recomienda a las y los asistentes acudir con identificaci\u00f3n oficial, CURP y varias solicitudes de empleo o curriculum vitae para agilizar el proceso.<\/p>\n<p>Para obtener m\u00e1s informaci\u00f3n, las y los interesados pueden visitar las oficinas del SNEA ubicadas en Ficotrece, en av. Manuel G\u00f3mez Mor\u00edn s\/n, Nave 55, col. Ferronales, o comunicarse al tel\u00e9fono 449 971 94 01, extensi\u00f3n 5900.<\/p>\n","protected":false},"excerpt":{"rendered":"<p>#informativoelvalledeaguascalientes #novaradioaguascalientes #informativoelvalledeaguascalientesll #Aguascalientes &nbsp; &nbsp; * Se ofertar\u00e1n m\u00e1s de mil vacantes para diversos perfiles laborales * Se recomienda acudir con identificaci\u00f3n oficial, CURP y varias solicitudes de empleo o curriculum vitae para agilizar el proceso * M\u00e1s informaci\u00f3n al tel\u00e9fono 449 971 94 01, extensi\u00f3n 5900 &nbsp; \u00a1Inicia el a\u00f1o con nuevas oportunidades [&hellip;]<\/p>\n","protected":false},"author":1,"featured_media":81416,"comment_status":"closed","ping_status":"open","sticky":false,"template":"","format":"standard","meta":{"advanced_seo_description":"","jetpack_seo_html_title":"","jetpack_seo_noindex":false,"_jetpack_memberships_contains_paid_content":false,"footnotes":"","jetpack_publicize_message":"","jetpack_publicize_feature_enabled":true,"jetpack_social_post_already_shared":true,"jetpack_social_options":{"image_generator_settings":{"template":"highway","default_image_id":0,"font":"","enabled":false},"version":2}},"categories":[21,4],"tags":[22,615],"class_list":["post-81415","post","type-post","status-publish","format-standard","has-post-thumbnail","hentry","category-aguascalientes","category-gobierno-del-estado-aguascalientes","tag-aguascalientes","tag-gobierno-del-estado-de-aguascalientes"],"jetpack_publicize_connections":[],"jetpack_featured_media_url":"https:\/\/i0.wp.com\/informativoelvalledeaguascalientes.online\/wp-content\/uploads\/2026\/01\/c9e7ebb1-85a3-4fd9-9a22-bb65af2b63c9.jpg?fit=1280%2C852&ssl=1","jetpack-related-posts":[],"jetpack_sharing_enabled":true,"jetpack_likes_enabled":true,"_links":{"self":[{"href":"https:\/\/informativoelvalledeaguascalientes.online\/index.php?rest_route=\/wp\/v2\/posts\/81415","targetHints":{"allow":["GET"]}}],"collection":[{"href":"https:\/\/informativoelvalledeaguascalientes.online\/index.php?rest_route=\/wp\/v2\/posts"}],"about":[{"href":"https:\/\/informativoelvalledeaguascalientes.online\/index.php?rest_route=\/wp\/v2\/types\/post"}],"author":[{"embeddable":true,"href":"https:\/\/informativoelvalledeaguascalientes.online\/index.php?rest_route=\/wp\/v2\/users\/1"}],"replies":[{"embeddable":true,"href":"https:\/\/informativoelvalledeaguascalientes.online\/index.php?rest_route=%2Fwp%2Fv2%2Fcomments&post=81415"}],"version-history":[{"count":1,"href":"https:\/\/informativoelvalledeaguascalientes.online\/index.php?rest_route=\/wp\/v2\/posts\/81415\/revisions"}],"predecessor-version":[{"id":81417,"href":"https:\/\/informativoelvalledeaguascalientes.online\/index.php?rest_route=\/wp\/v2\/posts\/81415\/revisions\/81417"}],"wp:featuredmedia":[{"embeddable":true,"href":"https:\/\/informativoelvalledeaguascalientes.online\/index.php?rest_route=\/wp\/v2\/media\/81416"}],"wp:attachment":[{"href":"https:\/\/informativoelvalledeaguascalientes.online\/index.php?rest_route=%2Fwp%2Fv2%2Fmedia&parent=81415"}],"wp:term":[{"taxonomy":"category","embeddable":true,"href":"https:\/\/informativoelvalledeaguascalientes.online\/index.php?rest_route=%2Fwp%2Fv2%2Fcategories&post=81415"},{"taxonomy":"post_tag","embeddable":true,"href":"https:\/\/informativoelvalledeaguascalientes.online\/index.php?rest_route=%2Fwp%2Fv2%2Ftags&post=81415"}],"curies":[{"name":"wp","href":"https:\/\/api.w.org\/{rel}","templated":true}]}}