{"id":81393,"date":"2026-01-12T23:15:39","date_gmt":"2026-01-13T05:15:39","guid":{"rendered":"https:\/\/informativoelvalledeaguascalientes.online\/?p=81393"},"modified":"2026-01-12T23:15:39","modified_gmt":"2026-01-13T05:15:39","slug":"comienza-la-capacitacion-de-nuevos-aspirantes-a-la-guardia-civil-de-jesus-maria","status":"publish","type":"post","link":"https:\/\/informativoelvalledeaguascalientes.online\/?p=81393","title":{"rendered":"COMIENZA LA CAPACITACI\u00d3N DE NUEVOS ASPIRANTES A LA GUARDIA CIVIL DE JES\u00daS MAR\u00cdA"},"content":{"rendered":"<p>#informativoelvalledeaguascalientes #novaradioaguascalientes #informativoelvalledeaguascalientesll #Aguascalientes<\/p>\n<p>&nbsp;<\/p>\n<p>&nbsp;<\/p>\n<p>\u2022 21 aspirantes iniciaron su proceso de formaci\u00f3n<br \/>\n\u2022 Jes\u00fas Mar\u00eda se acerca a la meta de 100 elementos de Guardia Civil<br \/>\n\u2022 El modelo de la corporaci\u00f3n cumple casi dos a\u00f1os de operaci\u00f3n<\/p>\n<p>Un total de 21 aspirantes comenzaron formalmente su proceso de capacitaci\u00f3n e inducci\u00f3n como parte de la quinta generaci\u00f3n de la Guardia Civil del municipio de Jes\u00fas Mar\u00eda, corporaci\u00f3n creada para fortalecer la seguridad p\u00fablica y la proximidad social en la demarcaci\u00f3n.<\/p>\n<p>Durante el arranque de esta etapa formativa, el presidente municipal, C\u00e9sar Medina, dio la bienvenida a las y los aspirantes y destac\u00f3 que la capacitaci\u00f3n tendr\u00e1 una duraci\u00f3n aproximada de tres meses, periodo en el que recibir\u00e1n preparaci\u00f3n acad\u00e9mica, f\u00edsica y c\u00edvica, previa a su incorporaci\u00f3n a las labores operativas de la corporaci\u00f3n.<\/p>\n<p>El alcalde subray\u00f3 que, con la conclusi\u00f3n de esta generaci\u00f3n, Jes\u00fas Mar\u00eda estar\u00e1 m\u00e1s cerca de llegar a la meta de integrar 100 elementos de la Guardia Civil Municipal. Asimismo, record\u00f3 que el modelo de la corporaci\u00f3n est\u00e1 pr\u00f3ximo a cumplir dos a\u00f1os de operaci\u00f3n, consolid\u00e1ndose como un esquema innovador en materia de seguridad, el cual ha sido fortalecido de manera constante en su estructura, capacitaci\u00f3n y marco normativo.<\/p>\n<p>Agreg\u00f3 que este modelo ha despertado el inter\u00e9s de otros municipios, cuyo personal ha acudido a conocer su funcionamiento y resultados, reconoci\u00e9ndolo como una estrategia efectiva para mejorar la seguridad y el v\u00ednculo con la ciudadan\u00eda.<\/p>\n<p>La capacitaci\u00f3n contempla un modelo acad\u00e9mico integral que inicia con una fase de inducci\u00f3n, en la que las y los aspirantes conocer\u00e1n las funciones de la Guardia Civil y los principios de la justicia c\u00edvica, adem\u00e1s de recibir formaci\u00f3n en derechos humanos, primeros auxilios, protecci\u00f3n civil, acondicionamiento f\u00edsico y de proximidad social.<\/p>\n<p>Finalmente, el presidente municipal exhort\u00f3 a las y los aspirantes a asumir esta etapa de formaci\u00f3n con responsabilidad, vocaci\u00f3n de servicio, respeto a la legalidad y compromiso con la ciudadan\u00eda de Jes\u00fas Mar\u00eda.<\/p>\n","protected":false},"excerpt":{"rendered":"<p>#informativoelvalledeaguascalientes #novaradioaguascalientes #informativoelvalledeaguascalientesll #Aguascalientes &nbsp; &nbsp; \u2022 21 aspirantes iniciaron su proceso de formaci\u00f3n \u2022 Jes\u00fas Mar\u00eda se acerca a la meta de 100 elementos de Guardia Civil \u2022 El modelo de la corporaci\u00f3n cumple casi dos a\u00f1os de operaci\u00f3n Un total de 21 aspirantes comenzaron formalmente su proceso de capacitaci\u00f3n e inducci\u00f3n como parte [&hellip;]<\/p>\n","protected":false},"author":1,"featured_media":81394,"comment_status":"closed","ping_status":"open","sticky":false,"template":"","format":"standard","meta":{"advanced_seo_description":"","jetpack_seo_html_title":"","jetpack_seo_noindex":false,"_jetpack_memberships_contains_paid_content":false,"footnotes":"","jetpack_publicize_message":"","jetpack_publicize_feature_enabled":true,"jetpack_social_post_already_shared":true,"jetpack_social_options":{"image_generator_settings":{"template":"highway","default_image_id":0,"font":"","enabled":false},"version":2}},"categories":[21,14],"tags":[22,45],"class_list":["post-81393","post","type-post","status-publish","format-standard","has-post-thumbnail","hentry","category-aguascalientes","category-jesus-maria-aguascalientes","tag-aguascalientes","tag-jesus-maria-aguascalientes"],"jetpack_publicize_connections":[],"jetpack_featured_media_url":"https:\/\/i0.wp.com\/informativoelvalledeaguascalientes.online\/wp-content\/uploads\/2026\/01\/jm-polis-scaled.jpg?fit=2560%2C1425&ssl=1","jetpack-related-posts":[],"jetpack_sharing_enabled":true,"jetpack_likes_enabled":true,"_links":{"self":[{"href":"https:\/\/informativoelvalledeaguascalientes.online\/index.php?rest_route=\/wp\/v2\/posts\/81393","targetHints":{"allow":["GET"]}}],"collection":[{"href":"https:\/\/informativoelvalledeaguascalientes.online\/index.php?rest_route=\/wp\/v2\/posts"}],"about":[{"href":"https:\/\/informativoelvalledeaguascalientes.online\/index.php?rest_route=\/wp\/v2\/types\/post"}],"author":[{"embeddable":true,"href":"https:\/\/informativoelvalledeaguascalientes.online\/index.php?rest_route=\/wp\/v2\/users\/1"}],"replies":[{"embeddable":true,"href":"https:\/\/informativoelvalledeaguascalientes.online\/index.php?rest_route=%2Fwp%2Fv2%2Fcomments&post=81393"}],"version-history":[{"count":1,"href":"https:\/\/informativoelvalledeaguascalientes.online\/index.php?rest_route=\/wp\/v2\/posts\/81393\/revisions"}],"predecessor-version":[{"id":81395,"href":"https:\/\/informativoelvalledeaguascalientes.online\/index.php?rest_route=\/wp\/v2\/posts\/81393\/revisions\/81395"}],"wp:featuredmedia":[{"embeddable":true,"href":"https:\/\/informativoelvalledeaguascalientes.online\/index.php?rest_route=\/wp\/v2\/media\/81394"}],"wp:attachment":[{"href":"https:\/\/informativoelvalledeaguascalientes.online\/index.php?rest_route=%2Fwp%2Fv2%2Fmedia&parent=81393"}],"wp:term":[{"taxonomy":"category","embeddable":true,"href":"https:\/\/informativoelvalledeaguascalientes.online\/index.php?rest_route=%2Fwp%2Fv2%2Fcategories&post=81393"},{"taxonomy":"post_tag","embeddable":true,"href":"https:\/\/informativoelvalledeaguascalientes.online\/index.php?rest_route=%2Fwp%2Fv2%2Ftags&post=81393"}],"curies":[{"name":"wp","href":"https:\/\/api.w.org\/{rel}","templated":true}]}}