{"id":8133,"date":"2020-06-23T16:22:35","date_gmt":"2020-06-23T22:22:35","guid":{"rendered":"https:\/\/informativoelvalledeaguascalientes.online\/?p=8133"},"modified":"2020-06-23T16:22:35","modified_gmt":"2020-06-23T22:22:35","slug":"irrestricto-cumplimiento-de-la-ley-conciliacion-y-reconciliacion-con-los-poderes-del-estado-y-los-ordenes-de-gobierno-buscara-seggob","status":"publish","type":"post","link":"https:\/\/informativoelvalledeaguascalientes.online\/?p=8133","title":{"rendered":"IRRESTRICTO CUMPLIMIENTO DE LA LEY, CONCILIACI\u00d3N\u00a0 Y RECONCILIACI\u00d3N CON LOS PODERES DEL ESTADO Y LOS \u00d3RDENES DE GOBIERNO BUSCAR\u00c1 SEGGOB."},"content":{"rendered":"<ul>\n<li dir=\"ltr\">\n<p dir=\"ltr\">Mart\u00edn Orozco da la bienvenida a Juan Manuel Flores Femat, como secretario general de gobierno, destacando su experiencia y capacidad.<\/p>\n<\/li>\n<li dir=\"ltr\">\n<p dir=\"ltr\">La aplicaci\u00f3n estricta del derecho y el respeto a la legalidad, ser\u00e1n las principales herramientas en el actuar de la SEGGOB : JMFF<\/p>\n<\/li>\n<\/ul>\n<p>&nbsp;<\/p>\n<p dir=\"ltr\">Al dar la bienvenida a Juan Manuel Flores Femat como secretario general de gobierno, el gobernador Mart\u00edn Orozco destac\u00f3\u00a0 su experiencia en distintos \u00f3rdenes del sector p\u00fablico y sus conocimientos en el derecho;\u00a0 expres\u00f3 que su llegada en esta segunda etapa de la administraci\u00f3n fortalecer\u00e1 el cumplimiento de la ley en la entidad, especialmente en momentos donde prevalece la incertidumbre sanitaria y econ\u00f3mica, fen\u00f3menos detonados a partir de la pandemia.<\/p>\n<p>&nbsp;<\/p>\n<p dir=\"ltr\">En su presentaci\u00f3n como nuevo titular de la SEGGOB, Juan Manuel Flores Femat destac\u00f3 que su principal misi\u00f3n como encargado de la pol\u00edtica interna del estado se enfocar\u00e1 en el cumplimiento irrestricto de la ley, el respeto a los derechos humanos, as\u00ed como el fomento a una cultura de la legalidad en todos los sentidos.<\/p>\n<p>&nbsp;<\/p>\n<p dir=\"ltr\">El funcionario destac\u00f3 que la actividad de la secretar\u00eda general de gobierno se intensificar\u00e1, para lograr mayor cercan\u00eda, conciliaci\u00f3n y en caso necesario, incluso reconciliaci\u00f3n con los otros poderes y \u00f3rdenes de gobierno, a trav\u00e9s de un respeto rec\u00edproco de las funciones de cada uno.<\/p>\n<p>&nbsp;<\/p>\n<p dir=\"ltr\">Asimismo, precis\u00f3 que como titular de la secretar\u00eda general de gobierno tendr\u00e1 en todo momento la apertura para escuchar las distintas voces que conforman a la sociedad, y estar\u00e1 abierto al di\u00e1logo; as\u00ed mismo puntualiz\u00f3 que como servidor p\u00fablico tiene la responsabilidad de ser sometido a escrutinio y la evaluaci\u00f3n de sus funciones.<\/p>\n<p>&nbsp;<\/p>\n<p dir=\"ltr\">Finalmente, agradeci\u00f3 al gobernador Mart\u00edn Orozco por la invitaci\u00f3n a sumarse en la administraci\u00f3n estatal, buscando que lo que resta de la misma la secretar\u00eda a su cargo se consolide como una dependencia cercana y que brinde confianza a la ciudadan\u00eda y al resto de los poderes de gobierno.<\/p>\n","protected":false},"excerpt":{"rendered":"<p>Mart\u00edn Orozco da la bienvenida a Juan Manuel Flores Femat, como secretario general de gobierno, destacando su experiencia y capacidad. La aplicaci\u00f3n estricta del derecho y el respeto a la legalidad, ser\u00e1n las principales herramientas en el actuar de la SEGGOB : JMFF &nbsp; Al dar la bienvenida a Juan Manuel Flores Femat como secretario [&hellip;]<\/p>\n","protected":false},"author":1,"featured_media":8134,"comment_status":"closed","ping_status":"open","sticky":false,"template":"","format":"standard","meta":{"advanced_seo_description":"","jetpack_seo_html_title":"","jetpack_seo_noindex":false,"_jetpack_memberships_contains_paid_content":false,"footnotes":"","jetpack_publicize_message":"","jetpack_publicize_feature_enabled":true,"jetpack_social_post_already_shared":true,"jetpack_social_options":{"image_generator_settings":{"template":"highway","default_image_id":0,"font":"","enabled":false},"version":2}},"categories":[21,4],"tags":[22,31,51],"class_list":["post-8133","post","type-post","status-publish","format-standard","has-post-thumbnail","hentry","category-aguascalientes","category-gobierno-del-estado-aguascalientes","tag-aguascalientes","tag-mos","tag-seggob"],"jetpack_publicize_connections":[],"jetpack_featured_media_url":"https:\/\/i0.wp.com\/informativoelvalledeaguascalientes.online\/wp-content\/uploads\/2020\/06\/mos_seggob_23062020.jpg?fit=1027%2C582&ssl=1","jetpack-related-posts":[],"jetpack_sharing_enabled":true,"jetpack_likes_enabled":true,"_links":{"self":[{"href":"https:\/\/informativoelvalledeaguascalientes.online\/index.php?rest_route=\/wp\/v2\/posts\/8133","targetHints":{"allow":["GET"]}}],"collection":[{"href":"https:\/\/informativoelvalledeaguascalientes.online\/index.php?rest_route=\/wp\/v2\/posts"}],"about":[{"href":"https:\/\/informativoelvalledeaguascalientes.online\/index.php?rest_route=\/wp\/v2\/types\/post"}],"author":[{"embeddable":true,"href":"https:\/\/informativoelvalledeaguascalientes.online\/index.php?rest_route=\/wp\/v2\/users\/1"}],"replies":[{"embeddable":true,"href":"https:\/\/informativoelvalledeaguascalientes.online\/index.php?rest_route=%2Fwp%2Fv2%2Fcomments&post=8133"}],"version-history":[{"count":1,"href":"https:\/\/informativoelvalledeaguascalientes.online\/index.php?rest_route=\/wp\/v2\/posts\/8133\/revisions"}],"predecessor-version":[{"id":8135,"href":"https:\/\/informativoelvalledeaguascalientes.online\/index.php?rest_route=\/wp\/v2\/posts\/8133\/revisions\/8135"}],"wp:featuredmedia":[{"embeddable":true,"href":"https:\/\/informativoelvalledeaguascalientes.online\/index.php?rest_route=\/wp\/v2\/media\/8134"}],"wp:attachment":[{"href":"https:\/\/informativoelvalledeaguascalientes.online\/index.php?rest_route=%2Fwp%2Fv2%2Fmedia&parent=8133"}],"wp:term":[{"taxonomy":"category","embeddable":true,"href":"https:\/\/informativoelvalledeaguascalientes.online\/index.php?rest_route=%2Fwp%2Fv2%2Fcategories&post=8133"},{"taxonomy":"post_tag","embeddable":true,"href":"https:\/\/informativoelvalledeaguascalientes.online\/index.php?rest_route=%2Fwp%2Fv2%2Ftags&post=8133"}],"curies":[{"name":"wp","href":"https:\/\/api.w.org\/{rel}","templated":true}]}}