{"id":81312,"date":"2026-01-10T22:18:38","date_gmt":"2026-01-11T04:18:38","guid":{"rendered":"https:\/\/informativoelvalledeaguascalientes.online\/?p=81312"},"modified":"2026-01-11T22:20:55","modified_gmt":"2026-01-12T04:20:55","slug":"jesus-maria-inicia-el-2026-con-el-primer-enchulame-la-cuadra-en-la-avenida-ruisenores","status":"publish","type":"post","link":"https:\/\/informativoelvalledeaguascalientes.online\/?p=81312","title":{"rendered":"JES\u00daS MAR\u00cdA INICIA EL 2026 CON EL PRIMER \u201cENCH\u00daLAME LA CUADRA\u201d EN LA AVENIDA RUISE\u00d1ORES"},"content":{"rendered":"<p>#informativoelvalledeaguascalientes #novaradioaguascalientes #informativoelvalledeaguascalientesll #Aguascalientes<\/p>\n<p>&nbsp;<\/p>\n<p>El Gobierno Municipal de Jes\u00fas Mar\u00eda dio inicio a las actividades de 2026 con la primera jornada del programa \u201cEnch\u00falame la Cuadra\u201d, la cual se llev\u00f3 a cabo en la avenida Ruise\u00f1ores, con el objetivo de mejorar la imagen urbana, fortalecer la participaci\u00f3n ciudadana y elevar la calidad de vida de las y los vecinos de la zona.<\/p>\n<p>Durante esta jornada, encabezada por el presidente municipal C\u00e9sar Medina, se realizaron diversas acciones de limpieza y mantenimiento en la avenida principal del fraccionamiento, entre ellas desmalezado, poda de palmeras, barrido de vialidades, limpieza del camell\u00f3n central, as\u00ed como pintura de topes, guarniciones, contenedores de basura y el acceso principal a Ruise\u00f1ores. Estas labores se realizaron en coordinaci\u00f3n entre personal de Servicios P\u00fablicos, Obras P\u00fablicas, Agua Potable y otras dependencias municipales, con la participaci\u00f3n activa de vecinas y vecinos.<\/p>\n<p>Asimismo, se inform\u00f3 que los trabajos no concluyen con esta jornada, ya que durante las pr\u00f3ximas dos semanas continuar\u00e1n acciones complementarias como bacheo y atenci\u00f3n a reportes relacionados con el servicio de agua potable, incluyendo fugas y tomas irregulares, las cuales podr\u00e1n ser canalizadas directamente con el personal de CAPAS presente en el lugar.<\/p>\n<p>Como parte de los servicios integrales del programa, la Secretar\u00eda de Desarrollo Social instal\u00f3 un m\u00f3dulo con despensas y productos b\u00e1sicos a bajo costo, mientras que la Secretar\u00eda de Medio Ambiente imparti\u00f3 el taller \u201cFarmacia Viviente\u201d, con el prop\u00f3sito de fomentar el uso de plantas con propiedades medicinales, preventivas y curativas, adem\u00e1s de la entrega de ejemplares a las y los asistentes.<\/p>\n","protected":false},"excerpt":{"rendered":"<p>#informativoelvalledeaguascalientes #novaradioaguascalientes #informativoelvalledeaguascalientesll #Aguascalientes &nbsp; El Gobierno Municipal de Jes\u00fas Mar\u00eda dio inicio a las actividades de 2026 con la primera jornada del programa \u201cEnch\u00falame la Cuadra\u201d, la cual se llev\u00f3 a cabo en la avenida Ruise\u00f1ores, con el objetivo de mejorar la imagen urbana, fortalecer la participaci\u00f3n ciudadana y elevar la calidad de vida [&hellip;]<\/p>\n","protected":false},"author":1,"featured_media":81313,"comment_status":"closed","ping_status":"open","sticky":false,"template":"","format":"standard","meta":{"advanced_seo_description":"","jetpack_seo_html_title":"","jetpack_seo_noindex":false,"_jetpack_memberships_contains_paid_content":false,"footnotes":"","jetpack_publicize_message":"","jetpack_publicize_feature_enabled":true,"jetpack_social_post_already_shared":true,"jetpack_social_options":{"image_generator_settings":{"template":"highway","default_image_id":0,"font":"","enabled":false},"version":2}},"categories":[21,14],"tags":[22,45],"class_list":["post-81312","post","type-post","status-publish","format-standard","has-post-thumbnail","hentry","category-aguascalientes","category-jesus-maria-aguascalientes","tag-aguascalientes","tag-jesus-maria-aguascalientes"],"jetpack_publicize_connections":[],"jetpack_featured_media_url":"https:\/\/i0.wp.com\/informativoelvalledeaguascalientes.online\/wp-content\/uploads\/2026\/01\/24eaae16-e1eb-47ae-bf8a-2ecc55e0a596.jpg?fit=2560%2C1633&ssl=1","jetpack-related-posts":[],"jetpack_sharing_enabled":true,"jetpack_likes_enabled":true,"_links":{"self":[{"href":"https:\/\/informativoelvalledeaguascalientes.online\/index.php?rest_route=\/wp\/v2\/posts\/81312","targetHints":{"allow":["GET"]}}],"collection":[{"href":"https:\/\/informativoelvalledeaguascalientes.online\/index.php?rest_route=\/wp\/v2\/posts"}],"about":[{"href":"https:\/\/informativoelvalledeaguascalientes.online\/index.php?rest_route=\/wp\/v2\/types\/post"}],"author":[{"embeddable":true,"href":"https:\/\/informativoelvalledeaguascalientes.online\/index.php?rest_route=\/wp\/v2\/users\/1"}],"replies":[{"embeddable":true,"href":"https:\/\/informativoelvalledeaguascalientes.online\/index.php?rest_route=%2Fwp%2Fv2%2Fcomments&post=81312"}],"version-history":[{"count":1,"href":"https:\/\/informativoelvalledeaguascalientes.online\/index.php?rest_route=\/wp\/v2\/posts\/81312\/revisions"}],"predecessor-version":[{"id":81314,"href":"https:\/\/informativoelvalledeaguascalientes.online\/index.php?rest_route=\/wp\/v2\/posts\/81312\/revisions\/81314"}],"wp:featuredmedia":[{"embeddable":true,"href":"https:\/\/informativoelvalledeaguascalientes.online\/index.php?rest_route=\/wp\/v2\/media\/81313"}],"wp:attachment":[{"href":"https:\/\/informativoelvalledeaguascalientes.online\/index.php?rest_route=%2Fwp%2Fv2%2Fmedia&parent=81312"}],"wp:term":[{"taxonomy":"category","embeddable":true,"href":"https:\/\/informativoelvalledeaguascalientes.online\/index.php?rest_route=%2Fwp%2Fv2%2Fcategories&post=81312"},{"taxonomy":"post_tag","embeddable":true,"href":"https:\/\/informativoelvalledeaguascalientes.online\/index.php?rest_route=%2Fwp%2Fv2%2Ftags&post=81312"}],"curies":[{"name":"wp","href":"https:\/\/api.w.org\/{rel}","templated":true}]}}