{"id":81309,"date":"2026-01-10T22:12:30","date_gmt":"2026-01-11T04:12:30","guid":{"rendered":"https:\/\/informativoelvalledeaguascalientes.online\/?p=81309"},"modified":"2026-01-11T22:17:42","modified_gmt":"2026-01-12T04:17:42","slug":"jesus-maria-inaugura-la-segunda-etapa-del-parque-la-rinconada","status":"publish","type":"post","link":"https:\/\/informativoelvalledeaguascalientes.online\/?p=81309","title":{"rendered":"JES\u00daS MAR\u00cdA INAUGURA LA SEGUNDA ETAPA DEL PARQUE LA RINCONADA"},"content":{"rendered":"<p>#informativoelvalledeaguascalientes #novaradioaguascalientes #informativoelvalledeaguascalientesll #Aguascalientes<\/p>\n<p>&nbsp;<\/p>\n<p>\u2022 Se construy\u00f3 una trotapista, canchas deportivas, juegos infantiles y \u00e1rea de ejercitadores para la convivencia y el deporte<\/p>\n<p>&nbsp;<\/p>\n<p>El Gobierno Municipal de Jes\u00fas Mar\u00eda inaugur\u00f3 la segunda etapa del Parque La Rinconada, una obra que fortalece la infraestructura urbana y brinda a las familias del fraccionamiento La Rinconada y zonas aleda\u00f1as un espacio seguro, moderno y funcional para la convivencia social, el deporte y la recreaci\u00f3n.<\/p>\n<p>Durante el evento, el presidente municipal C\u00e9sar Medina destac\u00f3 que esta obra es resultado del trabajo conjunto entre la ciudadan\u00eda, el Cabildo y las distintas \u00e1reas del Gobierno Municipal, y refrenda el compromiso de seguir construyendo espacios p\u00fablicos que fomenten el tejido social. \u201cLos parques no solo son infraestructura, son puntos de encuentro donde se construye comunidad\u201d, se\u00f1al\u00f3.<\/p>\n<p>Como parte de esta segunda etapa, se realiz\u00f3 la construcci\u00f3n de 200 metros de trotapista con tezontle, la complementaci\u00f3n de la cancha de f\u00fatbol con media cancha de b\u00e1squetbol, as\u00ed como la instalaci\u00f3n de juegos infantiles, aparatos ejercitadores y una resbaladilla tipo lengua.<\/p>\n<p>El secretario de Obras P\u00fablicas, Carlos Humberto Rodr\u00edguez, inform\u00f3 que la inversi\u00f3n fue de aproximadamente 1.9 millones de pesos, destinada a promover estilos de vida saludables y la recreaci\u00f3n familiar. Como parte del proyecto, se delimit\u00f3 un \u00e1rea para futuros usos comunitarios, como eventos vecinales y la posible construcci\u00f3n de una capilla.<\/p>\n<p>Con el corte de list\u00f3n, autoridades y vecinos declararon formalmente inaugurada la segunda etapa del Parque La Rinconada. Cabe se\u00f1alar que al evento asistieron: la s\u00edndica municipal Beatriz L\u00f3pez Jim\u00e9nez; los regidores Gerardo Guti\u00e9rrez G\u00f3mez y Omar Israel Camarillo; Amed Delgado Tamayo, secretario del Deporte Municipal; Enrique Barba, secretario de Servicios P\u00fablicos; as\u00ed como personal t\u00e9cnico y funcionarios municipales.<\/p>\n","protected":false},"excerpt":{"rendered":"<p>#informativoelvalledeaguascalientes #novaradioaguascalientes #informativoelvalledeaguascalientesll #Aguascalientes &nbsp; \u2022 Se construy\u00f3 una trotapista, canchas deportivas, juegos infantiles y \u00e1rea de ejercitadores para la convivencia y el deporte &nbsp; El Gobierno Municipal de Jes\u00fas Mar\u00eda inaugur\u00f3 la segunda etapa del Parque La Rinconada, una obra que fortalece la infraestructura urbana y brinda a las familias del fraccionamiento La Rinconada [&hellip;]<\/p>\n","protected":false},"author":1,"featured_media":81310,"comment_status":"closed","ping_status":"open","sticky":false,"template":"","format":"standard","meta":{"advanced_seo_description":"","jetpack_seo_html_title":"","jetpack_seo_noindex":false,"_jetpack_memberships_contains_paid_content":false,"footnotes":"","jetpack_publicize_message":"","jetpack_publicize_feature_enabled":true,"jetpack_social_post_already_shared":true,"jetpack_social_options":{"image_generator_settings":{"template":"highway","default_image_id":0,"font":"","enabled":false},"version":2}},"categories":[21,14],"tags":[22,45],"class_list":["post-81309","post","type-post","status-publish","format-standard","has-post-thumbnail","hentry","category-aguascalientes","category-jesus-maria-aguascalientes","tag-aguascalientes","tag-jesus-maria-aguascalientes"],"jetpack_publicize_connections":[],"jetpack_featured_media_url":"https:\/\/i0.wp.com\/informativoelvalledeaguascalientes.online\/wp-content\/uploads\/2026\/01\/8f7d3f7b-1369-43e8-9a2d-e46df4c36fce-scaled.jpg?fit=2560%2C1709&ssl=1","jetpack-related-posts":[],"jetpack_sharing_enabled":true,"jetpack_likes_enabled":true,"_links":{"self":[{"href":"https:\/\/informativoelvalledeaguascalientes.online\/index.php?rest_route=\/wp\/v2\/posts\/81309","targetHints":{"allow":["GET"]}}],"collection":[{"href":"https:\/\/informativoelvalledeaguascalientes.online\/index.php?rest_route=\/wp\/v2\/posts"}],"about":[{"href":"https:\/\/informativoelvalledeaguascalientes.online\/index.php?rest_route=\/wp\/v2\/types\/post"}],"author":[{"embeddable":true,"href":"https:\/\/informativoelvalledeaguascalientes.online\/index.php?rest_route=\/wp\/v2\/users\/1"}],"replies":[{"embeddable":true,"href":"https:\/\/informativoelvalledeaguascalientes.online\/index.php?rest_route=%2Fwp%2Fv2%2Fcomments&post=81309"}],"version-history":[{"count":1,"href":"https:\/\/informativoelvalledeaguascalientes.online\/index.php?rest_route=\/wp\/v2\/posts\/81309\/revisions"}],"predecessor-version":[{"id":81311,"href":"https:\/\/informativoelvalledeaguascalientes.online\/index.php?rest_route=\/wp\/v2\/posts\/81309\/revisions\/81311"}],"wp:featuredmedia":[{"embeddable":true,"href":"https:\/\/informativoelvalledeaguascalientes.online\/index.php?rest_route=\/wp\/v2\/media\/81310"}],"wp:attachment":[{"href":"https:\/\/informativoelvalledeaguascalientes.online\/index.php?rest_route=%2Fwp%2Fv2%2Fmedia&parent=81309"}],"wp:term":[{"taxonomy":"category","embeddable":true,"href":"https:\/\/informativoelvalledeaguascalientes.online\/index.php?rest_route=%2Fwp%2Fv2%2Fcategories&post=81309"},{"taxonomy":"post_tag","embeddable":true,"href":"https:\/\/informativoelvalledeaguascalientes.online\/index.php?rest_route=%2Fwp%2Fv2%2Ftags&post=81309"}],"curies":[{"name":"wp","href":"https:\/\/api.w.org\/{rel}","templated":true}]}}