{"id":8130,"date":"2020-06-23T16:13:54","date_gmt":"2020-06-23T22:13:54","guid":{"rendered":"https:\/\/informativoelvalledeaguascalientes.online\/?p=8130"},"modified":"2020-06-23T16:13:54","modified_gmt":"2020-06-23T22:13:54","slug":"sin-danos-estructurales-en-edificios-altos-de-la-ciudad-reporta-proteccion-civil-del-estado","status":"publish","type":"post","link":"https:\/\/informativoelvalledeaguascalientes.online\/?p=8130","title":{"rendered":"SIN DA\u00d1OS ESTRUCTURALES EN EDIFICIOS ALTOS DE LA CIUDAD REPORTA PROTECCI\u00d3N CIVIL DEL ESTADO"},"content":{"rendered":"<ul>\n<li style=\"font-weight: 400;\"><strong><em>El sismo con magnitud de 7.5 grados y epicentro en el sureste de Oaxaca, no tuvo r\u00e9plicas en el estado<\/em><\/strong><\/li>\n<li style=\"font-weight: 400;\"><strong><em>Siguiendo sus protocolos y planes internos de protecci\u00f3n civil, m\u00e1s de 330 personas evacuaron algunos edificios p\u00fablicos y privados\u00a0\u00a0<\/em><\/strong><\/li>\n<\/ul>\n<p style=\"font-weight: 400;\"><strong><em>\u00a0<\/em><\/strong><\/p>\n<p style=\"font-weight: 400;\">Luego del sismo registrado en la Ciudad de M\u00e9xico, con magnitud de 7.5 grados Richter y cuyo epicentro fue el sureste de Oaxaca, el secretario General de Gobierno, Juan Manuel Flores Femat, instruy\u00f3 a la Coordinaci\u00f3n Estatal de Protecci\u00f3n Civil a que realizara un recorrido de supervisi\u00f3n de nueve edificios que por su altura y la cantidad de personas que alojan, pudieran considerarse de riesgo, reportando que \u00e9stos no presentan ning\u00fan tipo de da\u00f1o estructural.<\/p>\n<p style=\"font-weight: 400;\">\n<p style=\"font-weight: 400;\">A pesar de no haber registros de r\u00e9plicas en el estado, el secretario de Seguridad P\u00fablica del Estado, Porfirio S\u00e1nchez Mendoza y el coordinador Estatal de Protecci\u00f3n Civil, H\u00e9ctor Reyes Hern\u00e1ndez, encabezaron el recorrido de supervisi\u00f3n de los edificios, en los cuales, m\u00e1s de 330 personas fueron evacuadas siguiendo sus protocolos y planes internos de protecci\u00f3n civil.<\/p>\n<p style=\"font-weight: 400;\">\n<p style=\"font-weight: 400;\">Entre los edificios revisados se encuentran Torre Plaza Bosques, que fue el de mayor evacuaci\u00f3n con un total de 200 personas; la torre de la Rector\u00eda de la Universidad Aut\u00f3noma de Aguascalientes, con 71 personas; mientras que 60 personas fueron evacuadas de un hotel al sur de la ciudad, ubicado cerca del Puente Bicentenario; mientras que los edificios del Servicio de Administraci\u00f3n Tributaria (SAT), el hospital del ISSSTE; y algunas torres habitacionales y de departamentos del norte de la ciudad, no reportan evacuados y todos los inmuebles supervisados se encuentran sin ning\u00fan tipo de afectaciones.<\/p>\n<p style=\"font-weight: 400;\">\n<p style=\"font-weight: 400;\">La Coordinaci\u00f3n Estatal de Protecci\u00f3n Civil se mantiene atenta y en coordinaci\u00f3n con las autoridades de seguridad p\u00fablica as\u00ed como de las coordinaciones y unidades municipales de protecci\u00f3n civil, para atender de inmediato cualquier reporte o solicitud de apoyo.<\/p>\n<p style=\"font-weight: 400;\">\n","protected":false},"excerpt":{"rendered":"<p>El sismo con magnitud de 7.5 grados y epicentro en el sureste de Oaxaca, no tuvo r\u00e9plicas en el estado Siguiendo sus protocolos y planes internos de protecci\u00f3n civil, m\u00e1s de 330 personas evacuaron algunos edificios p\u00fablicos y privados\u00a0\u00a0 \u00a0 Luego del sismo registrado en la Ciudad de M\u00e9xico, con magnitud de 7.5 grados Richter [&hellip;]<\/p>\n","protected":false},"author":1,"featured_media":8131,"comment_status":"closed","ping_status":"open","sticky":false,"template":"","format":"standard","meta":{"advanced_seo_description":"","jetpack_seo_html_title":"","jetpack_seo_noindex":false,"_jetpack_memberships_contains_paid_content":false,"footnotes":"","jetpack_publicize_message":"","jetpack_publicize_feature_enabled":true,"jetpack_social_post_already_shared":true,"jetpack_social_options":{"image_generator_settings":{"template":"highway","default_image_id":0,"font":"","enabled":false},"version":2}},"categories":[21,4],"tags":[22,51],"class_list":["post-8130","post","type-post","status-publish","format-standard","has-post-thumbnail","hentry","category-aguascalientes","category-gobierno-del-estado-aguascalientes","tag-aguascalientes","tag-seggob"],"jetpack_publicize_connections":[],"jetpack_featured_media_url":"https:\/\/i0.wp.com\/informativoelvalledeaguascalientes.online\/wp-content\/uploads\/2020\/06\/seggob_pc_23062020.jpg?fit=436%2C582&ssl=1","jetpack-related-posts":[],"jetpack_sharing_enabled":true,"jetpack_likes_enabled":true,"_links":{"self":[{"href":"https:\/\/informativoelvalledeaguascalientes.online\/index.php?rest_route=\/wp\/v2\/posts\/8130","targetHints":{"allow":["GET"]}}],"collection":[{"href":"https:\/\/informativoelvalledeaguascalientes.online\/index.php?rest_route=\/wp\/v2\/posts"}],"about":[{"href":"https:\/\/informativoelvalledeaguascalientes.online\/index.php?rest_route=\/wp\/v2\/types\/post"}],"author":[{"embeddable":true,"href":"https:\/\/informativoelvalledeaguascalientes.online\/index.php?rest_route=\/wp\/v2\/users\/1"}],"replies":[{"embeddable":true,"href":"https:\/\/informativoelvalledeaguascalientes.online\/index.php?rest_route=%2Fwp%2Fv2%2Fcomments&post=8130"}],"version-history":[{"count":1,"href":"https:\/\/informativoelvalledeaguascalientes.online\/index.php?rest_route=\/wp\/v2\/posts\/8130\/revisions"}],"predecessor-version":[{"id":8132,"href":"https:\/\/informativoelvalledeaguascalientes.online\/index.php?rest_route=\/wp\/v2\/posts\/8130\/revisions\/8132"}],"wp:featuredmedia":[{"embeddable":true,"href":"https:\/\/informativoelvalledeaguascalientes.online\/index.php?rest_route=\/wp\/v2\/media\/8131"}],"wp:attachment":[{"href":"https:\/\/informativoelvalledeaguascalientes.online\/index.php?rest_route=%2Fwp%2Fv2%2Fmedia&parent=8130"}],"wp:term":[{"taxonomy":"category","embeddable":true,"href":"https:\/\/informativoelvalledeaguascalientes.online\/index.php?rest_route=%2Fwp%2Fv2%2Fcategories&post=8130"},{"taxonomy":"post_tag","embeddable":true,"href":"https:\/\/informativoelvalledeaguascalientes.online\/index.php?rest_route=%2Fwp%2Fv2%2Ftags&post=8130"}],"curies":[{"name":"wp","href":"https:\/\/api.w.org\/{rel}","templated":true}]}}