{"id":81225,"date":"2026-01-09T15:52:52","date_gmt":"2026-01-09T21:52:52","guid":{"rendered":"https:\/\/informativoelvalledeaguascalientes.online\/?p=81225"},"modified":"2026-01-11T22:10:52","modified_gmt":"2026-01-12T04:10:52","slug":"nician-clases-en-las-casas-de-musica-de-jesus-maria-este-12-de-enero","status":"publish","type":"post","link":"https:\/\/informativoelvalledeaguascalientes.online\/?p=81225","title":{"rendered":"INICIAN CLASES EN LAS CASAS DE M\u00daSICA DE JES\u00daS MAR\u00cdA ESTE 12 DE ENERO"},"content":{"rendered":"<p class=\"p1\">#informativoelvalledeaguascalientes #novaradioaguascalientes #informativoelvalledeaguascalientesll #Aguascalientes<\/p>\n<p>&nbsp;<\/p>\n<p>&nbsp;<\/p>\n<p>\u2022 Las inscripciones est\u00e1n abiertas<br \/>\n\u2022 Se ofrecen clases de piano, flamenco, pintura, coro, guitarra, viol\u00edn, oboe, entre otros<\/p>\n<p>&nbsp;<\/p>\n<p>El Gobierno Municipal de Jes\u00fas Mar\u00eda, a trav\u00e9s de la Instancia de Cultura, invita a ni\u00f1as, ni\u00f1os y j\u00f3venes a formar parte de las Casas de M\u00fasica del municipio, espacios donde el arte y la cultura se convierten en herramientas de aprendizaje, expresi\u00f3n y desarrollo social. Las inscripciones ya est\u00e1n abiertas y las clases dar\u00e1n inicio el pr\u00f3ximo 12 de enero en las sedes ubicadas en la colonia Ejidal y Margaritas.<\/p>\n<p>El titular de la Instancia de Cultura, Antonio Amaral, inform\u00f3 que las clases se impartir\u00e1n en horarios matutinos y vespertinos, con el objetivo de acercar la educaci\u00f3n art\u00edstica y cultural a la ni\u00f1ez y juventud del municipio, promoviendo su formaci\u00f3n integral.<\/p>\n<p>La oferta acad\u00e9mica incluye clases de piano, flamenco, pintura, coro, guitarra, viol\u00edn y oboe, entre otros talleres art\u00edsticos. Adem\u00e1s, los instrumentos musicales se prestan de manera gratuita, facilitando el acceso a la formaci\u00f3n art\u00edstica y eliminando barreras econ\u00f3micas para las familias.<\/p>\n<p>La Casa de M\u00fasica de Jes\u00fas Mar\u00eda, ubicada en la colonia Ejidal, cuenta con m\u00e1s de 10 a\u00f1os de trayectoria, consolid\u00e1ndose como un espacio fundamental para la educaci\u00f3n cultural, la reconstrucci\u00f3n del tejido social y el desarrollo integral de las y los menores, fomentando valores, y habilidades art\u00edsticas que fortalecen la convivencia comunitaria.<\/p>\n<p>Las personas interesadas deber\u00e1n acudir a la Casa de M\u00fasica de su preferencia (sede Margaritas o sede colonia Ejidal) y presentar la siguiente documentaci\u00f3n: CURP del menor, copia del acta de nacimiento, comprobante de domicilio, as\u00ed como identificaci\u00f3n oficial con fotograf\u00eda del padre, madre o tutor. Para mayores informes, pueden comunicarse al 449 536 3428.<\/p>\n","protected":false},"excerpt":{"rendered":"<p>#informativoelvalledeaguascalientes #novaradioaguascalientes #informativoelvalledeaguascalientesll #Aguascalientes &nbsp; &nbsp; \u2022 Las inscripciones est\u00e1n abiertas \u2022 Se ofrecen clases de piano, flamenco, pintura, coro, guitarra, viol\u00edn, oboe, entre otros &nbsp; El Gobierno Municipal de Jes\u00fas Mar\u00eda, a trav\u00e9s de la Instancia de Cultura, invita a ni\u00f1as, ni\u00f1os y j\u00f3venes a formar parte de las Casas de M\u00fasica del municipio, [&hellip;]<\/p>\n","protected":false},"author":1,"featured_media":81226,"comment_status":"closed","ping_status":"open","sticky":false,"template":"","format":"standard","meta":{"advanced_seo_description":"","jetpack_seo_html_title":"","jetpack_seo_noindex":false,"_jetpack_memberships_contains_paid_content":false,"footnotes":"","jetpack_publicize_message":"","jetpack_publicize_feature_enabled":true,"jetpack_social_post_already_shared":true,"jetpack_social_options":{"image_generator_settings":{"template":"highway","default_image_id":0,"font":"","enabled":false},"version":2}},"categories":[21,14],"tags":[22,45],"class_list":["post-81225","post","type-post","status-publish","format-standard","has-post-thumbnail","hentry","category-aguascalientes","category-jesus-maria-aguascalientes","tag-aguascalientes","tag-jesus-maria-aguascalientes"],"jetpack_publicize_connections":[],"jetpack_featured_media_url":"https:\/\/i0.wp.com\/informativoelvalledeaguascalientes.online\/wp-content\/uploads\/2026\/01\/19504d42-c1bc-4341-849e-459df6c9d43f.jpeg?fit=1600%2C1600&ssl=1","jetpack-related-posts":[],"jetpack_sharing_enabled":true,"jetpack_likes_enabled":true,"_links":{"self":[{"href":"https:\/\/informativoelvalledeaguascalientes.online\/index.php?rest_route=\/wp\/v2\/posts\/81225","targetHints":{"allow":["GET"]}}],"collection":[{"href":"https:\/\/informativoelvalledeaguascalientes.online\/index.php?rest_route=\/wp\/v2\/posts"}],"about":[{"href":"https:\/\/informativoelvalledeaguascalientes.online\/index.php?rest_route=\/wp\/v2\/types\/post"}],"author":[{"embeddable":true,"href":"https:\/\/informativoelvalledeaguascalientes.online\/index.php?rest_route=\/wp\/v2\/users\/1"}],"replies":[{"embeddable":true,"href":"https:\/\/informativoelvalledeaguascalientes.online\/index.php?rest_route=%2Fwp%2Fv2%2Fcomments&post=81225"}],"version-history":[{"count":2,"href":"https:\/\/informativoelvalledeaguascalientes.online\/index.php?rest_route=\/wp\/v2\/posts\/81225\/revisions"}],"predecessor-version":[{"id":81308,"href":"https:\/\/informativoelvalledeaguascalientes.online\/index.php?rest_route=\/wp\/v2\/posts\/81225\/revisions\/81308"}],"wp:featuredmedia":[{"embeddable":true,"href":"https:\/\/informativoelvalledeaguascalientes.online\/index.php?rest_route=\/wp\/v2\/media\/81226"}],"wp:attachment":[{"href":"https:\/\/informativoelvalledeaguascalientes.online\/index.php?rest_route=%2Fwp%2Fv2%2Fmedia&parent=81225"}],"wp:term":[{"taxonomy":"category","embeddable":true,"href":"https:\/\/informativoelvalledeaguascalientes.online\/index.php?rest_route=%2Fwp%2Fv2%2Fcategories&post=81225"},{"taxonomy":"post_tag","embeddable":true,"href":"https:\/\/informativoelvalledeaguascalientes.online\/index.php?rest_route=%2Fwp%2Fv2%2Ftags&post=81225"}],"curies":[{"name":"wp","href":"https:\/\/api.w.org\/{rel}","templated":true}]}}